{"id":7393,"date":"2016-10-01T09:00:04","date_gmt":"2016-10-01T08:00:04","guid":{"rendered":"http:\/\/www.zonderdank.be\/saturnein\/?p=7393"},"modified":"2018-11-25T16:01:47","modified_gmt":"2018-11-25T15:01:47","slug":"satur9-opent-een-winkeltje","status":"publish","type":"post","link":"https:\/\/www.zonderdank.be\/saturnein\/2016\/10\/01\/satur9-opent-een-winkeltje\/","title":{"rendered":"Satur9 opent een winkeltje!"},"content":{"rendered":"<p>Zo, het is 1 oktober. Een dag waar we lang naartoe geleefd hebben. De afgelopen week met 5 teasers, die volgens mij \u00e9\u00e9n en ander al een beetje duidelijk maakten: vanaf nu heeft Satur9 een winkel.<\/p>\n<p><a href=\"https:\/\/www.etsy.com\/nl\/shop\/SaturninesWorldShop\"><img data-recalc-dims=\"1\" loading=\"lazy\" decoding=\"async\" data-attachment-id=\"7396\" data-permalink=\"https:\/\/www.zonderdank.be\/saturnein\/2016\/10\/01\/satur9-opent-een-winkeltje\/saturninesworldshop1000\/\" data-orig-file=\"https:\/\/i0.wp.com\/www.zonderdank.be\/saturnein\/wp-content\/uploads\/2016\/10\/saturninesworldshop1000.png?fit=1000%2C250&amp;ssl=1\" data-orig-size=\"1000,250\" data-comments-opened=\"1\" data-image-meta=\"{&quot;aperture&quot;:&quot;0&quot;,&quot;credit&quot;:&quot;&quot;,&quot;camera&quot;:&quot;&quot;,&quot;caption&quot;:&quot;&quot;,&quot;created_timestamp&quot;:&quot;0&quot;,&quot;copyright&quot;:&quot;&quot;,&quot;focal_length&quot;:&quot;0&quot;,&quot;iso&quot;:&quot;0&quot;,&quot;shutter_speed&quot;:&quot;0&quot;,&quot;title&quot;:&quot;&quot;,&quot;orientation&quot;:&quot;0&quot;}\" data-image-title=\"saturninesworldshop1000\" data-image-description=\"\" data-image-caption=\"\" data-large-file=\"https:\/\/i0.wp.com\/www.zonderdank.be\/saturnein\/wp-content\/uploads\/2016\/10\/saturninesworldshop1000.png?fit=1000%2C250&amp;ssl=1\" class=\"aligncenter wp-image-7396 size-full\" src=\"https:\/\/i0.wp.com\/www.zonderdank.be\/saturnein\/wp-content\/uploads\/2016\/10\/saturninesworldshop1000.png?resize=1000%2C250&#038;ssl=1\" alt=\"saturninesworldshop1000\" width=\"1000\" height=\"250\" srcset=\"https:\/\/i0.wp.com\/www.zonderdank.be\/saturnein\/wp-content\/uploads\/2016\/10\/saturninesworldshop1000.png?w=1000&amp;ssl=1 1000w, https:\/\/i0.wp.com\/www.zonderdank.be\/saturnein\/wp-content\/uploads\/2016\/10\/saturninesworldshop1000.png?resize=300%2C75&amp;ssl=1 300w, https:\/\/i0.wp.com\/www.zonderdank.be\/saturnein\/wp-content\/uploads\/2016\/10\/saturninesworldshop1000.png?resize=768%2C192&amp;ssl=1 768w, https:\/\/i0.wp.com\/www.zonderdank.be\/saturnein\/wp-content\/uploads\/2016\/10\/saturninesworldshop1000.png?resize=500%2C125&amp;ssl=1 500w\" sizes=\"auto, (max-width: 1000px) 100vw, 1000px\" \/><\/a><\/p>\n<p>Ik heet jullie allemaal welkom in mijn winkeltje op Etsy:<\/p>\n<h2 style=\"text-align: center;\"><span style=\"color: #800080;\"> <a style=\"color: #800080;\" href=\"https:\/\/www.etsy.com\/nl\/shop\/SaturninesWorldShop\">SaturninesWorldShop<\/a>!\u00c2\u00a0<\/span><\/h2>\n<p>Een beetje duiding. Toen ik voor het eerst hoorde dat ik oma zou worden, was ik een beetje uit mijn veld geslagen. Maar het idee wende, en ik begon al snel babykleertjes te maken. Ook het maken van zulke kleine spulletjes wende, en al snel bleek dat je zo fantastisch mooie, unieke kleertjes kan maken. Hier en daar kwam de vraag wanneer ik nu eindelijk eens mijn zelfgemaakte creaties zou gaan verkopen, en langzaam maar zeker ging ik overstag. Lili, mijn eerste kleinkind, en vrienden en familie waren de aanzet tot een nieuwe en uitdagende stap in mijn leven: ik ga mijn zelfgemaakte spulletjes verkopen!<\/p>\n<p>In <a href=\"https:\/\/www.etsy.com\/nl\/shop\/SaturninesWorldShop\">mijn Etsy-winkeltje<\/a> vinden jullie babykleertjes en -accessoires voor jullie pasgeboren wondertjes. Piepkleine, unieke kleertjes in mooie stoffen met schattige of grappige motieven. Geboortesetjes, slabbetjes, jurkjes, broekjes, shirtjes&#8230; allemaal in maatje 56 of 0 tot 3 maanden. Stilletjesaan zal mijn winkeltje aangevuld worden met meer kleertjes en accessoires, en ook zelfgehaakte of zelfgebreide babydekentjes komen er op termijn aan.<\/p>\n<p>Dit alles doe ik in mijn vrije tijd, voor de rest blijf ik mijn bijna 4\/5 bij vzw Farmaka werken.<\/p>\n<p><strong><span style=\"color: #800080;\">Ik hoop dat jullie mijn winkeltje leuk vinden, en bij deze wil ik aan mijn vrienden en familie ook een massale oproep doen om jullie te registreren op Etsy (als jullie dat nog niet gedaan hebben), en daar veel hartjes uit te delen aan mijn winkeltje en spulletjes. En reclame te maken bij jullie familie en vrienden. Ik zou dat h\u00e9\u00e9l erg appreci\u00ebren!<\/span><\/strong><\/p>\n<p>Want de babykleertjes en -accessoires in mijn winkeltje zijn ideaal als cadeautje om te geven voor de geboorte van dat schattige, prachtige baby&#8217;tje van jullie vrienden, of bij de geboorte van jullie eerste, tweede, &#8230; elfde kleinkind, de geboorte van dat klein pierke van jullie lieve collega&#8230; kortom de mogelijkheden zijn enorm. Of natuurlijk als je zelf zwanger bent en net dat jurkje of broekje ziet waarbij je helemaal wegsmelt.<\/p>\n<p>Dus, in het kort, het mag geweten zijn: <a href=\"https:\/\/www.etsy.com\/nl\/shop\/SaturninesWorldShop\">SaturninesWorldShop<\/a> is the place to be om een schattig kleintje er nog schattiger uit te laten zien!<\/p>\n<p>Je kan mijn winkeltje ook nog volgen op <a href=\"https:\/\/www.instagram.com\/saturninesworldshop\/\">Instagram<\/a> en <a href=\"https:\/\/twitter.com\/SaturninesWorld\">Twitter<\/a>!<\/p>\n<p><img data-recalc-dims=\"1\" loading=\"lazy\" decoding=\"async\" data-attachment-id=\"7399\" data-permalink=\"https:\/\/www.zonderdank.be\/saturnein\/2016\/10\/01\/satur9-opent-een-winkeltje\/satur9_sticker-01\/\" data-orig-file=\"https:\/\/i0.wp.com\/www.zonderdank.be\/saturnein\/wp-content\/uploads\/2016\/10\/satur9_sticker-01.png?fit=602%2C602&amp;ssl=1\" data-orig-size=\"602,602\" data-comments-opened=\"1\" data-image-meta=\"{&quot;aperture&quot;:&quot;0&quot;,&quot;credit&quot;:&quot;&quot;,&quot;camera&quot;:&quot;&quot;,&quot;caption&quot;:&quot;&quot;,&quot;created_timestamp&quot;:&quot;0&quot;,&quot;copyright&quot;:&quot;&quot;,&quot;focal_length&quot;:&quot;0&quot;,&quot;iso&quot;:&quot;0&quot;,&quot;shutter_speed&quot;:&quot;0&quot;,&quot;title&quot;:&quot;&quot;,&quot;orientation&quot;:&quot;0&quot;}\" data-image-title=\"satur9_sticker-01\" data-image-description=\"\" data-image-caption=\"\" data-large-file=\"https:\/\/i0.wp.com\/www.zonderdank.be\/saturnein\/wp-content\/uploads\/2016\/10\/satur9_sticker-01.png?fit=602%2C602&amp;ssl=1\" class=\"aligncenter size-ci_blog wp-image-7399\" src=\"https:\/\/i0.wp.com\/www.zonderdank.be\/saturnein\/wp-content\/uploads\/2016\/10\/satur9_sticker-01.png?resize=500%2C500&#038;ssl=1\" alt=\"satur9_sticker-01\" width=\"500\" height=\"500\" srcset=\"https:\/\/i0.wp.com\/www.zonderdank.be\/saturnein\/wp-content\/uploads\/2016\/10\/satur9_sticker-01.png?resize=500%2C500&amp;ssl=1 500w, https:\/\/i0.wp.com\/www.zonderdank.be\/saturnein\/wp-content\/uploads\/2016\/10\/satur9_sticker-01.png?resize=150%2C150&amp;ssl=1 150w, https:\/\/i0.wp.com\/www.zonderdank.be\/saturnein\/wp-content\/uploads\/2016\/10\/satur9_sticker-01.png?resize=300%2C300&amp;ssl=1 300w, https:\/\/i0.wp.com\/www.zonderdank.be\/saturnein\/wp-content\/uploads\/2016\/10\/satur9_sticker-01.png?resize=100%2C100&amp;ssl=1 100w, https:\/\/i0.wp.com\/www.zonderdank.be\/saturnein\/wp-content\/uploads\/2016\/10\/satur9_sticker-01.png?w=602&amp;ssl=1 602w\" sizes=\"auto, (max-width: 500px) 100vw, 500px\" \/><\/p>\n","protected":false},"excerpt":{"rendered":"<p>Zo, het is 1 oktober. Een dag waar we lang naartoe geleefd hebben. De afgelopen week met 5 teasers, die volgens mij \u00e9\u00e9n en ander al een beetje duidelijk maakten: vanaf nu heeft Satur9 een winkel. Ik heet jullie allemaal welkom in mijn winkeltje op Etsy: SaturninesWorldShop!\u00c2\u00a0 Een beetje duiding. Toen ik voor het eerst [&hellip;]<\/p>\n","protected":false},"author":1,"featured_media":7409,"comment_status":"open","ping_status":"open","sticky":false,"template":"","format":"standard","meta":{"jetpack_post_was_ever_published":false,"_jetpack_newsletter_access":"","_jetpack_dont_email_post_to_subs":true,"_jetpack_newsletter_tier_id":0,"_jetpack_memberships_contains_paywalled_content":false,"_jetpack_memberships_contains_paid_content":false,"footnotes":""},"categories":[1067,15],"tags":[79,1815,1643,1586,1812,1811,1813,1814],"class_list":["post-7393","post","type-post","status-publish","format-standard","has-post-thumbnail","hentry","category-creatief","category-leven-en-liefde","tag-baby","tag-babyaccessoires","tag-babykleertjes","tag-etsy","tag-etsy-shop","tag-saturninesworldshop","tag-winkel","tag-winkeltje"],"jetpack_featured_media_url":"https:\/\/i0.wp.com\/www.zonderdank.be\/saturnein\/wp-content\/uploads\/2016\/10\/DSC_8273-2.jpg?fit=750%2C500&ssl=1","jetpack_sharing_enabled":true,"jetpack_shortlink":"https:\/\/wp.me\/p2l47o-1Vf","jetpack_likes_enabled":true,"jetpack-related-posts":[],"_links":{"self":[{"href":"https:\/\/www.zonderdank.be\/saturnein\/wp-json\/wp\/v2\/posts\/7393","targetHints":{"allow":["GET"]}}],"collection":[{"href":"https:\/\/www.zonderdank.be\/saturnein\/wp-json\/wp\/v2\/posts"}],"about":[{"href":"https:\/\/www.zonderdank.be\/saturnein\/wp-json\/wp\/v2\/types\/post"}],"author":[{"embeddable":true,"href":"https:\/\/www.zonderdank.be\/saturnein\/wp-json\/wp\/v2\/users\/1"}],"replies":[{"embeddable":true,"href":"https:\/\/www.zonderdank.be\/saturnein\/wp-json\/wp\/v2\/comments?post=7393"}],"version-history":[{"count":6,"href":"https:\/\/www.zonderdank.be\/saturnein\/wp-json\/wp\/v2\/posts\/7393\/revisions"}],"predecessor-version":[{"id":7403,"href":"https:\/\/www.zonderdank.be\/saturnein\/wp-json\/wp\/v2\/posts\/7393\/revisions\/7403"}],"wp:featuredmedia":[{"embeddable":true,"href":"https:\/\/www.zonderdank.be\/saturnein\/wp-json\/wp\/v2\/media\/7409"}],"wp:attachment":[{"href":"https:\/\/www.zonderdank.be\/saturnein\/wp-json\/wp\/v2\/media?parent=7393"}],"wp:term":[{"taxonomy":"category","embeddable":true,"href":"https:\/\/www.zonderdank.be\/saturnein\/wp-json\/wp\/v2\/categories?post=7393"},{"taxonomy":"post_tag","embeddable":true,"href":"https:\/\/www.zonderdank.be\/saturnein\/wp-json\/wp\/v2\/tags?post=7393"}],"curies":[{"name":"wp","href":"https:\/\/api.w.org\/{rel}","templated":true}]}}