{"id":6016,"date":"2015-10-18T06:09:48","date_gmt":"2015-10-18T05:09:48","guid":{"rendered":"http:\/\/www.zonderdank.be\/saturnein\/?p=6016"},"modified":"2015-10-27T10:03:57","modified_gmt":"2015-10-27T09:03:57","slug":"gedaan-met-het-zomerreces-eindelijk","status":"publish","type":"post","link":"https:\/\/www.zonderdank.be\/saturnein\/2015\/10\/18\/gedaan-met-het-zomerreces-eindelijk\/","title":{"rendered":"Gedaan met het zomerreces, eindelijk!"},"content":{"rendered":"<p>Een paar maanden geleden kondigde ik hier een zomerreces aan. Ik heb ervan genoten, alleen raakte ik er niet goed uit. Niet veel zin om te bloggen, en op \u00e9\u00e9n of andere manier glipte de tijd een beetje door mijn vingers.\u00c2\u00a0<a href=\"https:\/\/www.zonderdank.be\/saturnein\/wp-content\/uploads\/2015\/10\/WP_20151003_001-e1445144341856.jpg\"><br \/>\n<\/a><a href=\"https:\/\/www.zonderdank.be\/saturnein\/wp-content\/uploads\/2015\/10\/20151008-DSC_0009b.jpg\"><br \/>\n<\/a><a href=\"https:\/\/i0.wp.com\/www.zonderdank.be\/saturnein\/wp-content\/uploads\/2015\/10\/WP_20151003_001.jpg?ssl=1\"><img data-recalc-dims=\"1\" loading=\"lazy\" decoding=\"async\" data-attachment-id=\"6023\" data-permalink=\"https:\/\/www.zonderdank.be\/saturnein\/2015\/10\/18\/gedaan-met-het-zomerreces-eindelijk\/wp_20151003_001\/\" data-orig-file=\"https:\/\/i0.wp.com\/www.zonderdank.be\/saturnein\/wp-content\/uploads\/2015\/10\/WP_20151003_001.jpg?fit=853%2C480&amp;ssl=1\" data-orig-size=\"853,480\" data-comments-opened=\"1\" data-image-meta=\"{&quot;aperture&quot;:&quot;2&quot;,&quot;credit&quot;:&quot;&quot;,&quot;camera&quot;:&quot;Windows Phone 8X by HTC&quot;,&quot;caption&quot;:&quot;&quot;,&quot;created_timestamp&quot;:&quot;1443877168&quot;,&quot;copyright&quot;:&quot;&quot;,&quot;focal_length&quot;:&quot;0&quot;,&quot;iso&quot;:&quot;103&quot;,&quot;shutter_speed&quot;:&quot;0.0002&quot;,&quot;title&quot;:&quot;&quot;,&quot;orientation&quot;:&quot;1&quot;}\" data-image-title=\"WP_20151003_001\" data-image-description=\"\" data-image-caption=\"\" data-large-file=\"https:\/\/i0.wp.com\/www.zonderdank.be\/saturnein\/wp-content\/uploads\/2015\/10\/WP_20151003_001.jpg?fit=853%2C480&amp;ssl=1\" class=\"aligncenter wp-image-6023\" src=\"https:\/\/i0.wp.com\/www.zonderdank.be\/saturnein\/wp-content\/uploads\/2015\/10\/WP_20151003_001.jpg?resize=750%2C422&#038;ssl=1\" alt=\"WP_20151003_001\" width=\"750\" height=\"422\" srcset=\"https:\/\/i0.wp.com\/www.zonderdank.be\/saturnein\/wp-content\/uploads\/2015\/10\/WP_20151003_001.jpg?w=853&amp;ssl=1 853w, https:\/\/i0.wp.com\/www.zonderdank.be\/saturnein\/wp-content\/uploads\/2015\/10\/WP_20151003_001.jpg?resize=300%2C169&amp;ssl=1 300w, https:\/\/i0.wp.com\/www.zonderdank.be\/saturnein\/wp-content\/uploads\/2015\/10\/WP_20151003_001.jpg?resize=500%2C281&amp;ssl=1 500w\" sizes=\"auto, (max-width: 750px) 100vw, 750px\" \/><\/a><a href=\"https:\/\/www.zonderdank.be\/saturnein\/wp-content\/uploads\/2015\/10\/WP_20151003_001.jpg\"><br \/>\n<\/a><\/p>\n<p>Maar genoeg met mijn hoofd in de wolken geleefd, zo stilaan komt de bloggoesting terug. En ga ik het hier weer wat levendiger maken. Het werd tijd, want van zomer is al lang geen sprake meer, het neigt meer naar winter. Ook al is dat pokkevroeg, ik zag net bij mijn Facebookherinneringen dat we een jaar nog in volle zon in het Antwerpse gingen fietsen.<\/p>\n<p>Er staan foto&#8217;s van wat recente naaiexploten klaar, en er staan wat naaiexploten klaar om gefotografeerd te worden. Ik kreeg een lesje Lightroom, dus hoop ik de foto&#8217;s vanaf nu wat te kunnen bijwerken. Er staat ook een nieuwe naaimachine op mijn tafel, dus ik kan me helemaal smijten.<\/p>\n<p><a href=\"https:\/\/i0.wp.com\/www.zonderdank.be\/saturnein\/wp-content\/uploads\/2014\/10\/blogboek.jpg?ssl=1\"><img data-recalc-dims=\"1\" loading=\"lazy\" decoding=\"async\" data-attachment-id=\"4782\" data-permalink=\"https:\/\/www.zonderdank.be\/saturnein\/2014\/10\/06\/blogboekproject\/blogboek\/\" data-orig-file=\"https:\/\/i0.wp.com\/www.zonderdank.be\/saturnein\/wp-content\/uploads\/2014\/10\/blogboek.jpg?fit=640%2C529&amp;ssl=1\" data-orig-size=\"640,529\" data-comments-opened=\"1\" data-image-meta=\"{&quot;aperture&quot;:&quot;0&quot;,&quot;credit&quot;:&quot;&quot;,&quot;camera&quot;:&quot;&quot;,&quot;caption&quot;:&quot;&quot;,&quot;created_timestamp&quot;:&quot;0&quot;,&quot;copyright&quot;:&quot;&quot;,&quot;focal_length&quot;:&quot;0&quot;,&quot;iso&quot;:&quot;0&quot;,&quot;shutter_speed&quot;:&quot;0&quot;,&quot;title&quot;:&quot;&quot;,&quot;orientation&quot;:&quot;1&quot;}\" data-image-title=\"blogboek\" data-image-description=\"\" data-image-caption=\"\" data-large-file=\"https:\/\/i0.wp.com\/www.zonderdank.be\/saturnein\/wp-content\/uploads\/2014\/10\/blogboek.jpg?fit=640%2C529&amp;ssl=1\" class=\"aligncenter wp-image-4782\" src=\"https:\/\/i0.wp.com\/www.zonderdank.be\/saturnein\/wp-content\/uploads\/2014\/10\/blogboek.jpg?resize=300%2C248&#038;ssl=1\" alt=\"blogboek\" width=\"300\" height=\"248\" srcset=\"https:\/\/i0.wp.com\/www.zonderdank.be\/saturnein\/wp-content\/uploads\/2014\/10\/blogboek.jpg?w=640&amp;ssl=1 640w, https:\/\/i0.wp.com\/www.zonderdank.be\/saturnein\/wp-content\/uploads\/2014\/10\/blogboek.jpg?resize=300%2C247&amp;ssl=1 300w\" sizes=\"auto, (max-width: 300px) 100vw, 300px\" \/><\/a><\/p>\n<p>Ik ga ook eens het blogboek terug opdelven, zodat het #projectblogboek weer kan verdergaan, want dat geef ik zeker niet op.<\/p>\n<p><a href=\"https:\/\/i0.wp.com\/www.zonderdank.be\/saturnein\/wp-content\/uploads\/2015\/06\/31daysphoto-500x500.jpg?ssl=1\"><img data-recalc-dims=\"1\" loading=\"lazy\" decoding=\"async\" data-attachment-id=\"5883\" data-permalink=\"https:\/\/www.zonderdank.be\/saturnein\/2015\/06\/25\/31-days-to-a-better-photo-day-8\/31daysphoto-500x500\/\" data-orig-file=\"https:\/\/i0.wp.com\/www.zonderdank.be\/saturnein\/wp-content\/uploads\/2015\/06\/31daysphoto-500x500.jpg?fit=500%2C500&amp;ssl=1\" data-orig-size=\"500,500\" data-comments-opened=\"1\" data-image-meta=\"{&quot;aperture&quot;:&quot;0&quot;,&quot;credit&quot;:&quot;&quot;,&quot;camera&quot;:&quot;&quot;,&quot;caption&quot;:&quot;&quot;,&quot;created_timestamp&quot;:&quot;0&quot;,&quot;copyright&quot;:&quot;&quot;,&quot;focal_length&quot;:&quot;0&quot;,&quot;iso&quot;:&quot;0&quot;,&quot;shutter_speed&quot;:&quot;0&quot;,&quot;title&quot;:&quot;&quot;,&quot;orientation&quot;:&quot;0&quot;}\" data-image-title=\"31daysphoto-500&amp;#215;500\" data-image-description=\"\" data-image-caption=\"\" data-large-file=\"https:\/\/i0.wp.com\/www.zonderdank.be\/saturnein\/wp-content\/uploads\/2015\/06\/31daysphoto-500x500.jpg?fit=500%2C500&amp;ssl=1\" class=\"aligncenter wp-image-5883\" src=\"https:\/\/i0.wp.com\/www.zonderdank.be\/saturnein\/wp-content\/uploads\/2015\/06\/31daysphoto-500x500.jpg?resize=300%2C300&#038;ssl=1\" alt=\"31daysphoto-500x500\" width=\"300\" height=\"300\" srcset=\"https:\/\/i0.wp.com\/www.zonderdank.be\/saturnein\/wp-content\/uploads\/2015\/06\/31daysphoto-500x500.jpg?resize=500%2C500&amp;ssl=1 500w, https:\/\/i0.wp.com\/www.zonderdank.be\/saturnein\/wp-content\/uploads\/2015\/06\/31daysphoto-500x500.jpg?resize=150%2C150&amp;ssl=1 150w, https:\/\/i0.wp.com\/www.zonderdank.be\/saturnein\/wp-content\/uploads\/2015\/06\/31daysphoto-500x500.jpg?resize=300%2C300&amp;ssl=1 300w, https:\/\/i0.wp.com\/www.zonderdank.be\/saturnein\/wp-content\/uploads\/2015\/06\/31daysphoto-500x500.jpg?resize=100%2C100&amp;ssl=1 100w\" sizes=\"auto, (max-width: 300px) 100vw, 300px\" \/><\/a><\/p>\n<p>En de fotolessen 31 Days to a Better Photo ga ik ook weer eens verderzetten!<\/p>\n<p>Plannen genoeg dus, nu alleen zien dat ik er niet in verzuip \ud83d\ude42<\/p>\n","protected":false},"excerpt":{"rendered":"<p>Een paar maanden geleden kondigde ik hier een zomerreces aan. Ik heb ervan genoten, alleen raakte ik er niet goed uit. Niet veel zin om te bloggen, en op \u00e9\u00e9n of andere manier glipte de tijd een beetje door mijn vingers.\u00c2\u00a0 Maar genoeg met mijn hoofd in de wolken geleefd, zo stilaan komt de bloggoesting [&hellip;]<\/p>\n","protected":false},"author":1,"featured_media":6023,"comment_status":"open","ping_status":"open","sticky":false,"template":"","format":"standard","meta":{"jetpack_post_was_ever_published":false,"_jetpack_newsletter_access":"","_jetpack_dont_email_post_to_subs":false,"_jetpack_newsletter_tier_id":0,"_jetpack_memberships_contains_paywalled_content":false,"_jetpack_memberships_contains_paid_content":false,"footnotes":""},"categories":[3],"tags":[1390,1506,1539],"class_list":["post-6016","post","type-post","status-publish","format-standard","has-post-thumbnail","hentry","category-bloggen","tag-projectblogboek","tag-31-days-to-a-better-photo","tag-bloggen"],"jetpack_featured_media_url":"https:\/\/i0.wp.com\/www.zonderdank.be\/saturnein\/wp-content\/uploads\/2015\/10\/WP_20151003_001.jpg?fit=853%2C480&ssl=1","jetpack_sharing_enabled":true,"jetpack_shortlink":"https:\/\/wp.me\/p2l47o-1z2","jetpack_likes_enabled":true,"jetpack-related-posts":[],"_links":{"self":[{"href":"https:\/\/www.zonderdank.be\/saturnein\/wp-json\/wp\/v2\/posts\/6016","targetHints":{"allow":["GET"]}}],"collection":[{"href":"https:\/\/www.zonderdank.be\/saturnein\/wp-json\/wp\/v2\/posts"}],"about":[{"href":"https:\/\/www.zonderdank.be\/saturnein\/wp-json\/wp\/v2\/types\/post"}],"author":[{"embeddable":true,"href":"https:\/\/www.zonderdank.be\/saturnein\/wp-json\/wp\/v2\/users\/1"}],"replies":[{"embeddable":true,"href":"https:\/\/www.zonderdank.be\/saturnein\/wp-json\/wp\/v2\/comments?post=6016"}],"version-history":[{"count":12,"href":"https:\/\/www.zonderdank.be\/saturnein\/wp-json\/wp\/v2\/posts\/6016\/revisions"}],"predecessor-version":[{"id":6048,"href":"https:\/\/www.zonderdank.be\/saturnein\/wp-json\/wp\/v2\/posts\/6016\/revisions\/6048"}],"wp:featuredmedia":[{"embeddable":true,"href":"https:\/\/www.zonderdank.be\/saturnein\/wp-json\/wp\/v2\/media\/6023"}],"wp:attachment":[{"href":"https:\/\/www.zonderdank.be\/saturnein\/wp-json\/wp\/v2\/media?parent=6016"}],"wp:term":[{"taxonomy":"category","embeddable":true,"href":"https:\/\/www.zonderdank.be\/saturnein\/wp-json\/wp\/v2\/categories?post=6016"},{"taxonomy":"post_tag","embeddable":true,"href":"https:\/\/www.zonderdank.be\/saturnein\/wp-json\/wp\/v2\/tags?post=6016"}],"curies":[{"name":"wp","href":"https:\/\/api.w.org\/{rel}","templated":true}]}}