{"id":46433,"date":"2025-06-19T08:58:00","date_gmt":"2025-06-19T06:58:00","guid":{"rendered":"https:\/\/www.zonderdank.be\/saturnein\/?p=46433"},"modified":"2025-06-16T08:45:37","modified_gmt":"2025-06-16T06:45:37","slug":"terugblik-6","status":"publish","type":"post","link":"https:\/\/www.zonderdank.be\/saturnein\/2025\/06\/19\/terugblik-6\/","title":{"rendered":"Terugblik (6)"},"content":{"rendered":"\n<p>\u2026 naar wat ik schreef omstreeks deze dag. In navolging van&nbsp;<a href=\"https:\/\/myriamsditjesendatjes.com\/\">Myriam<\/a>.<\/p>\n\n\n\n<p><strong>1 jaar geleden<\/strong><\/p>\n\n\n\n<h1 class=\"wp-block-heading\">Quote op zondag<\/h1>\n\n\n\n<p>Geplaatst op&nbsp;<a href=\"https:\/\/www.zonderdank.be\/saturnein\/2024\/06\/02\/quote-op-zondag\/\"><time datetime=\"2024-06-02T08:58:00+02:00\">2 juni 2024<\/time><\/a><\/p>\n\n\n\n<figure class=\"wp-block-image\"><img loading=\"lazy\" decoding=\"async\" width=\"800\" height=\"500\" data-attachment-id=\"42760\" data-permalink=\"https:\/\/www.zonderdank.be\/saturnein\/2024\/06\/02\/quote-op-zondag\/add-a-subheading-3\/\" data-orig-file=\"https:\/\/i0.wp.com\/www.zonderdank.be\/saturnein\/wp-content\/uploads\/2024\/06\/Add-a-subheading.png?fit=800%2C500&amp;ssl=1\" data-orig-size=\"800,500\" data-comments-opened=\"1\" data-image-meta=\"{&quot;aperture&quot;:&quot;0&quot;,&quot;credit&quot;:&quot;&quot;,&quot;camera&quot;:&quot;&quot;,&quot;caption&quot;:&quot;&quot;,&quot;created_timestamp&quot;:&quot;0&quot;,&quot;copyright&quot;:&quot;&quot;,&quot;focal_length&quot;:&quot;0&quot;,&quot;iso&quot;:&quot;0&quot;,&quot;shutter_speed&quot;:&quot;0&quot;,&quot;title&quot;:&quot;&quot;,&quot;orientation&quot;:&quot;0&quot;}\" data-image-title=\"Add-a-subheading\" data-image-description=\"\" data-image-caption=\"\" data-large-file=\"https:\/\/i0.wp.com\/www.zonderdank.be\/saturnein\/wp-content\/uploads\/2024\/06\/Add-a-subheading.png?fit=800%2C500&amp;ssl=1\" src=\"https:\/\/i0.wp.com\/www.zonderdank.be\/saturnein\/wp-content\/uploads\/2024\/06\/Add-a-subheading.png?resize=640%2C400&amp;ssl=1\" alt=\"\" class=\"wp-image-42760\" srcset=\"https:\/\/i0.wp.com\/www.zonderdank.be\/saturnein\/wp-content\/uploads\/2024\/06\/Add-a-subheading.png?w=800&amp;ssl=1 800w, https:\/\/i0.wp.com\/www.zonderdank.be\/saturnein\/wp-content\/uploads\/2024\/06\/Add-a-subheading.png?resize=300%2C188&amp;ssl=1 300w, https:\/\/i0.wp.com\/www.zonderdank.be\/saturnein\/wp-content\/uploads\/2024\/06\/Add-a-subheading.png?resize=768%2C480&amp;ssl=1 768w, https:\/\/i0.wp.com\/www.zonderdank.be\/saturnein\/wp-content\/uploads\/2024\/06\/Add-a-subheading.png?resize=400%2C250&amp;ssl=1 400w, https:\/\/i0.wp.com\/www.zonderdank.be\/saturnein\/wp-content\/uploads\/2024\/06\/Add-a-subheading.png?resize=96%2C60&amp;ssl=1 96w\" sizes=\"auto, (max-width: 800px) 100vw, 800px\" \/><\/figure>\n\n\n\n<p><em>Vind ik nog altijd een schoontje. <\/em><\/p>\n\n\n\n<p><\/p>\n\n\n\n<p><strong>5 jaar geleden<\/strong><\/p>\n\n\n\n<h1 class=\"wp-block-heading\">Op reis: de aanloop<\/h1>\n\n\n\n<p>Geplaatst op&nbsp;<a href=\"https:\/\/www.zonderdank.be\/saturnein\/2020\/06\/16\/op-reis-de-aanloop\/\"><time datetime=\"2020-06-16T08:58:00+02:00\">16 juni 2020<\/time><\/a><\/p>\n\n\n\n<p>Het was wel wat, de aanloop naar onze reis. We waren vlijtig aan het aftellen, maar dat stopte abrupt toen duidelijk werd wat een chaos Covid-19 veroorzaakte. Het zag er lang naar uit dat we niet zouden kunnen vertrekken. Dan werd ons vertrek verlegd naar 15 juni, en begonnen we wat te hopen. Maar het bleef stressen tot op het allerlaatst. Waar zouden we naartoe kunnen? Ik stelde allerlei plannen op. Niet enkel een plan B, maar ook een plan C en een plan D en een plan E. En toen nog een plan F.<\/p>\n\n\n\n<p>Wat kunnen we allemaal doen in Belgi\u00eb? We kunnen naar Nederland gaan, en ons daar bezighouden in de provincies Friesland, Groningen en Drenthe. Misschien kunnen we wel verder naar Duitsland en zo naar Denemarken. Of misschien naar het zuiden van Duitsland. Frankrijk zouden we niet doen. Die mooie reisplannen zouden we bewaren tot volgend jaar. Toen bleek dat Denemarken niet tot de opties behoorde. Werden we al iets minder enthousiast. Ik zou Frankrijk missen. Van Duitsland werd ik niet warm. Nederland is toch maar klein, net als Belgi\u00eb. En we besloten onze geplande reis toch maar te doen, min het stukje Spanje. Het bleef stressen tot het allerlaatst of we Frankrijk wel binnen zouden mogen. Ik had n\u00c3\u00b3g een noodplan voor moest dat pas een week later mogen.<\/p>\n\n\n\n<p>Maar uiteindelijk blijkt dat 15 juni d\u00e9 goede gok was. We kunnen vertrekken. Ook naar Frankrijk.<\/p>\n\n\n\n<p>Op&nbsp;<strong>donderdag 11 juni<\/strong>&nbsp;bellen we naar&nbsp;<a href=\"https:\/\/www.ddmobilhomes.be\/\">DD Mobilhomes<\/a>&nbsp;om te vragen wanneer we de mobilhome mogen komen ophalen. Die is niet verhuurd, en om de drukte wat te spreiden op 15 juni, mogen we \u00e2\u20ac\u02dcm op vrijdag 12 juni al gaan ophalen. Hoera! In versneld tempo zorgen we dat alles klaar is. Het lijkt chaos, maar het is het niet.<\/p>\n\n\n\n<p><a href=\"https:\/\/i0.wp.com\/www.zonderdank.be\/saturnein\/wp-content\/uploads\/2020\/06\/20200612_105538.jpg?ssl=1\"><\/a><br><strong>Vrijdag<\/strong>&nbsp;brengt Herman ons naar Heestert, waar we de mobilhome gezwind in ontvangst nemen. Het is de mobilhome die we vorig jaar gebruikten, gekend beestje! Sabine en Nikis komen ons nog eens uitzwaaien. Vrolijk rijden we hun erf af.<\/p>\n\n\n\n<p><\/p>\n\n\n\n<figure class=\"wp-block-image\"><a href=\"https:\/\/i0.wp.com\/www.zonderdank.be\/saturnein\/wp-content\/uploads\/2020\/06\/20200612_172418.jpg?ssl=1\"><img decoding=\"async\" src=\"https:\/\/i0.wp.com\/www.zonderdank.be\/saturnein\/wp-content\/uploads\/2020\/06\/20200612_172418_thumb.jpg?resize=640%2C361&amp;ssl=1\" alt=\"20200612_172418\" title=\"20200612_172418\"\/><\/a><\/figure>\n\n\n\n<p><\/p>\n\n\n\n<p><em>De blogpost is veel langer, maar ik hou het hierbij. Wil je verderlezen, dat kan <a href=\"https:\/\/www.zonderdank.be\/saturnein\/2020\/06\/16\/op-reis-de-aanloop\/\">als je hier klikt<\/a>. Onze coronareis werd een reis die in mijn hoofd gebrand zit, zoveel moois gezien! <\/em><\/p>\n\n\n\n<p><\/p>\n\n\n\n<p><strong>10 jaar geleden<\/strong><\/p>\n\n\n\n<h1 class=\"wp-block-heading\">Shampoo #projectblogboek<\/h1>\n\n\n\n<p>Geplaatst op&nbsp;<a href=\"https:\/\/www.zonderdank.be\/saturnein\/2015\/06\/19\/shampoo-projectblogboek\/\"><time datetime=\"2015-06-19T08:28:03+02:00\">19 juni 2015<\/time><\/a><\/p>\n\n\n\n<p><strong>Deel je favoriete travel essentials \/ haarproducten \/ kledingstukken ever (pagina 63 opdracht 15)<\/strong><\/p>\n\n\n\n<p>Ik heb een jeukhoofd. Een jeukend hoofd. Een gekmakend jeukend hoofd, soms. Vooral in de winter, de kou lijkt er een nefaste invloed op te hebben. Ik krab me kapot, dag in, dag uit, als ik niet oplet. Maar ik let wel op, en ik probeer zo weinig mogelijk te krabben.<\/p>\n\n\n\n<p>En ik gebruik shampoo die ik koop bij de apotheek.&nbsp;<a href=\"http:\/\/www.ducray.com\/nl-be\/haarverzorging\/normaal-en-broos-haar\/extra-doux-shampoo\">Ducray Extra-Doux<\/a>. Heel zachte shampoo die ik vaak mag gebruiken. Pokkeduur, maar wel beter dan de gewone shampoos uit de supermarkt. Hiermee heb ik in ieder geval toch minder jeuk dan met andere shampoos.<\/p>\n\n\n\n<figure class=\"wp-block-image aligncenter\"><img loading=\"lazy\" decoding=\"async\" width=\"320\" height=\"406\" data-attachment-id=\"5873\" data-permalink=\"https:\/\/www.zonderdank.be\/saturnein\/2015\/06\/19\/shampoo-projectblogboek\/extra-doux-produit_1\/\" data-orig-file=\"https:\/\/i0.wp.com\/www.zonderdank.be\/saturnein\/wp-content\/uploads\/2015\/06\/extra-doux-produit_1.png?fit=320%2C406&amp;ssl=1\" data-orig-size=\"320,406\" data-comments-opened=\"1\" data-image-meta=\"{&quot;aperture&quot;:&quot;0&quot;,&quot;credit&quot;:&quot;&quot;,&quot;camera&quot;:&quot;&quot;,&quot;caption&quot;:&quot;&quot;,&quot;created_timestamp&quot;:&quot;0&quot;,&quot;copyright&quot;:&quot;&quot;,&quot;focal_length&quot;:&quot;0&quot;,&quot;iso&quot;:&quot;0&quot;,&quot;shutter_speed&quot;:&quot;0&quot;,&quot;title&quot;:&quot;&quot;,&quot;orientation&quot;:&quot;0&quot;}\" data-image-title=\"extra-doux-produit_1\" data-image-description=\"\" data-image-caption=\"\" data-large-file=\"https:\/\/i0.wp.com\/www.zonderdank.be\/saturnein\/wp-content\/uploads\/2015\/06\/extra-doux-produit_1.png?fit=320%2C406&amp;ssl=1\" src=\"https:\/\/i0.wp.com\/www.zonderdank.be\/saturnein\/wp-content\/uploads\/2015\/06\/extra-doux-produit_1.png?resize=320%2C406&amp;ssl=1\" alt=\"extra-doux-produit_1\" class=\"wp-image-5873\" srcset=\"https:\/\/i0.wp.com\/www.zonderdank.be\/saturnein\/wp-content\/uploads\/2015\/06\/extra-doux-produit_1.png?w=320&amp;ssl=1 320w, https:\/\/i0.wp.com\/www.zonderdank.be\/saturnein\/wp-content\/uploads\/2015\/06\/extra-doux-produit_1.png?resize=236%2C300&amp;ssl=1 236w\" sizes=\"auto, (max-width: 320px) 100vw, 320px\" \/><\/figure>\n\n\n\n<p><a href=\"https:\/\/i0.wp.com\/www.zonderdank.be\/saturnein\/wp-content\/uploads\/2015\/06\/extra-doux-produit_1.png?ssl=1\"><\/a><\/p>\n\n\n\n<p>Waar die jeuk vandaan komt? Geen idee. Het is gelijk migraine. Hoe je eraan komt, vanwaar het komt, geen idee. Maar het is er wel en je probeert zo goed en zo kwaad als het kan de symptomen te bestrijden.<\/p>\n\n\n\n<p><em>Uit de periode dat ik het blogboek van Kelly Deriemaeker gebruikte als inspiratie. Tien jaar verder is het probleem met het jeukende hoofd nog steeds niet opgelost. De zeer zachte shampoo veroorzaakt ondertussen dezelfde problemen. Ik wissel af tussen allerlei zachte, neutrale, antiallergische shampoos maar het blijft behelpen. Bij een dermatologe ging ik ook al, maar dat leverde ook weinig op (behalve de wetenschap dat ik me geen zorgen hoef te maken over mijn vele moedervlekken, en dat is ook al iets). En het is zomer nu, blij blij want dan neemt de jeuk af. <\/em><\/p>\n\n\n\n<p><\/p>\n\n\n\n<p><strong>16 jaar geleden<\/strong><\/p>\n\n\n\n<h1 class=\"wp-block-heading\">Kiezinge<\/h1>\n\n\n\n<p>Geplaatst op&nbsp;<a href=\"https:\/\/www.zonderdank.be\/saturnein\/2009\/06\/07\/kiezinge-2\/\"><time datetime=\"2009-06-07T14:11:42+02:00\">7 juni 2009<\/time><\/a><\/p>\n\n\n\n<p>Op de 17 jaar dat ik hier woon, moest ik voor de derde keer naar een \u00e2\u20ac\u02dcnieuw\u2019 stembureau. Helemaal in het begin ging het naar De Wijze Boom, niet zo lang later naar de school in de schaduw van de Heilig Hart-kerk, en vandaag voor het eerst naar het Stedelijk Buurtcentrum in de Wittemolenstraat.<\/p>\n\n\n\n<p>Een constante is er evenwel: het gaat altijd snel. We gaan vrij vroeg \u2019s morgens, tegen half negen. Aan sommige andere kantoren is het vaak wat aanschuiven, maar het kantoor waar wij moeten stemmen, daar is het altijd zo goed als leeg en kunnen we gelijk in het stemkotje.<\/p>\n\n\n\n<p>Andere constante ook: het gefoefel met de stembrieven en het potloodje of vooral, het koordje aan dat potlood. Draaien, keren, kreukelen, trekken aan dat koordje\u2026 maar \u2019t was wel een mooi scherp geslepen potlood.<\/p>\n\n\n\n<p>Op goed twintig minuten waren we heen en weer, stemmen en koeken halen bij den Turk.<\/p>\n\n\n\n<p>Ik doe dat eigenlijk graag, gaan kiezen. Het geeft altijd zo\u2019n speciaal gevoel, op zondagmorgen al zoveel volk op de been, je burgerplicht vervullen\u2026 en dan het vacu\u00fcm tussen zo vroeg gaan stemmen, en wachten op de uitslagen. Ik heb naar niet \u00e9\u00e9n programma gekeken over de verkiezingen, maar vandaag hang ik aan mijn TV gekluisterd. I love it!<\/p>\n\n\n\n<p>En ja, ik heb voor de goeie gestemd. U ook?<\/p>\n\n\n\n<p><em>Uit de tijd dat we dat nog konden\/mochten zeggen, dat we voor de goeie gestemd hadden. En uit de tijd dat ik nog met plezier ging stemmen. Dat is nu wel anders. Ik klikte in de &#8216;Verwante berichten&#8217; op The Politics of&#8230;, las mijn post van toen, en verbaasde me over hoeveel alles veranderd is, en hoeveel ik van mening veranderd ben. Ik ben nog steeds links, en wat ik me vroeger niet kon voorstellen, is ondertussen toch gebeurd: de socialisten krijgen mijn stem niet meer. Ik ben heel erg ontgoocheld. Ik moet wurgen als ik het woord &#8220;mateke&#8221; hoor. Maar: dat wil niet zeggen dat ik nu rechts stem of ga stemmen. Als ik van \u00e9\u00e9n ding echt zeker ben: dat nooit. Voila.   <\/em><\/p>\n\n\n\n<p><\/p>\n\n\n\n<p><\/p>\n\n\n\n<p><\/p>\n\n\n\n<p><\/p>\n\n\n\n<p><\/p>\n","protected":false},"excerpt":{"rendered":"<p>\u2026 naar wat ik schreef omstreeks deze dag. In navolging van&nbsp;Myriam. 1 jaar geleden Quote op zondag Geplaatst op&nbsp;2 juni 2024 Vind ik nog altijd een schoontje. 5 jaar geleden Op reis: de aanloop Geplaatst op&nbsp;16 juni 2020 Het was wel wat, de aanloop naar onze reis. We waren vlijtig aan het aftellen, maar dat [&hellip;]<\/p>\n","protected":false},"author":1,"featured_media":44681,"comment_status":"open","ping_status":"open","sticky":false,"template":"","format":"standard","meta":{"jetpack_post_was_ever_published":false,"_jetpack_newsletter_access":"","_jetpack_dont_email_post_to_subs":false,"_jetpack_newsletter_tier_id":0,"_jetpack_memberships_contains_paywalled_content":false,"_jetpack_memberships_contains_paid_content":false,"footnotes":""},"categories":[3],"tags":[3044,3884,2349,1701,1520,1636,5598],"class_list":["post-46433","post","type-post","status-publish","format-standard","has-post-thumbnail","hentry","category-bloggen","tag-corona","tag-covid-19-2","tag-ontheroadagain","tag-quote","tag-shampoo","tag-terugblik","tag-terugkijken"],"jetpack_featured_media_url":"https:\/\/i0.wp.com\/www.zonderdank.be\/saturnein\/wp-content\/uploads\/2025\/01\/Terugblik-2.png?fit=1748%2C1240&ssl=1","jetpack_sharing_enabled":true,"jetpack_shortlink":"https:\/\/wp.me\/p2l47o-c4V","jetpack_likes_enabled":true,"jetpack-related-posts":[],"_links":{"self":[{"href":"https:\/\/www.zonderdank.be\/saturnein\/wp-json\/wp\/v2\/posts\/46433","targetHints":{"allow":["GET"]}}],"collection":[{"href":"https:\/\/www.zonderdank.be\/saturnein\/wp-json\/wp\/v2\/posts"}],"about":[{"href":"https:\/\/www.zonderdank.be\/saturnein\/wp-json\/wp\/v2\/types\/post"}],"author":[{"embeddable":true,"href":"https:\/\/www.zonderdank.be\/saturnein\/wp-json\/wp\/v2\/users\/1"}],"replies":[{"embeddable":true,"href":"https:\/\/www.zonderdank.be\/saturnein\/wp-json\/wp\/v2\/comments?post=46433"}],"version-history":[{"count":2,"href":"https:\/\/www.zonderdank.be\/saturnein\/wp-json\/wp\/v2\/posts\/46433\/revisions"}],"predecessor-version":[{"id":46476,"href":"https:\/\/www.zonderdank.be\/saturnein\/wp-json\/wp\/v2\/posts\/46433\/revisions\/46476"}],"wp:featuredmedia":[{"embeddable":true,"href":"https:\/\/www.zonderdank.be\/saturnein\/wp-json\/wp\/v2\/media\/44681"}],"wp:attachment":[{"href":"https:\/\/www.zonderdank.be\/saturnein\/wp-json\/wp\/v2\/media?parent=46433"}],"wp:term":[{"taxonomy":"category","embeddable":true,"href":"https:\/\/www.zonderdank.be\/saturnein\/wp-json\/wp\/v2\/categories?post=46433"},{"taxonomy":"post_tag","embeddable":true,"href":"https:\/\/www.zonderdank.be\/saturnein\/wp-json\/wp\/v2\/tags?post=46433"}],"curies":[{"name":"wp","href":"https:\/\/api.w.org\/{rel}","templated":true}]}}