{"id":45640,"date":"2025-03-31T08:58:00","date_gmt":"2025-03-31T06:58:00","guid":{"rendered":"https:\/\/www.zonderdank.be\/saturnein\/?p=45640"},"modified":"2025-03-31T09:10:53","modified_gmt":"2025-03-31T07:10:53","slug":"onze-favoriete-camperplaatsen","status":"publish","type":"post","link":"https:\/\/www.zonderdank.be\/saturnein\/2025\/03\/31\/onze-favoriete-camperplaatsen\/","title":{"rendered":"Onze favoriete camperplaats(en)"},"content":{"rendered":"\n<p>Ik vroeg aan Meneertje Mertens, wat is jouw favoriete camperplaats? En&#8230; hij gaf zonder aarzelen het antwoord dat ik ook gaf op die vraag. Maar voor de fun of it maak ik een overzichtje van 5 favoriete camperplaatsen. De eerste is ons beider favoriet, de andere staan in willekeurige volgorde. Ze zijn allemaal in Frankrijk, geen toeval. En camperplaatsen van <a href=\"https:\/\/www.campingcarpark.com\/fr_FR\" target=\"_blank\" rel=\"noreferrer noopener\">Camping Car Park<\/a>, ook geen toeval.<\/p>\n\n\n\n<p><\/p>\n\n\n\n<h2 class=\"wp-block-heading\"><a href=\"https:\/\/www.campingcarpark.com\/fr_FR\/camping-car\/pays-de-la-loire\/vendee\/la-barre-de-monts\" target=\"_blank\" rel=\"noreferrer noopener\">La Barre-de-Monts<\/a><\/h2>\n\n\n\n<p>Ons beider favoriet dus. Quasi onder de brug die het eiland \u00c3\u017dle de Noirmoutier linkt met het vasteland. Maar van het verkeer heb je geen last. (echt, serieus, ik ben een moeilijke op dat vlak). Mooie plekken tussen de dennenbomen. Rustig. Fijne uitvalsbasis om te fietsen, en ook om te wandelen. Wel opletten voor vieze beesten (ik heb daar eens volgestaan met gigantische muggenbeten, dat was niet normaal).<\/p>\n\n\n\n<p><\/p>\n\n\n\n<figure class=\"wp-block-image size-large\"><img data-recalc-dims=\"1\" loading=\"lazy\" decoding=\"async\" width=\"1024\" height=\"498\" data-attachment-id=\"45641\" data-permalink=\"https:\/\/www.zonderdank.be\/saturnein\/2025\/03\/31\/onze-favoriete-camperplaatsen\/20210925_180429-2\/\" data-orig-file=\"https:\/\/i0.wp.com\/www.zonderdank.be\/saturnein\/wp-content\/uploads\/2025\/03\/20210925_180429.jpg?fit=1920%2C933&amp;ssl=1\" data-orig-size=\"1920,933\" data-comments-opened=\"1\" data-image-meta=\"{&quot;aperture&quot;:&quot;1.7&quot;,&quot;credit&quot;:&quot;&quot;,&quot;camera&quot;:&quot;SM-G950F&quot;,&quot;caption&quot;:&quot;&quot;,&quot;created_timestamp&quot;:&quot;1632593069&quot;,&quot;copyright&quot;:&quot;&quot;,&quot;focal_length&quot;:&quot;4.2&quot;,&quot;iso&quot;:&quot;40&quot;,&quot;shutter_speed&quot;:&quot;0.00045955882352941&quot;,&quot;title&quot;:&quot;&quot;,&quot;orientation&quot;:&quot;1&quot;}\" data-image-title=\"20210925_180429\" data-image-description=\"\" data-image-caption=\"\" data-large-file=\"https:\/\/i0.wp.com\/www.zonderdank.be\/saturnein\/wp-content\/uploads\/2025\/03\/20210925_180429.jpg?fit=1024%2C498&amp;ssl=1\" src=\"https:\/\/i0.wp.com\/www.zonderdank.be\/saturnein\/wp-content\/uploads\/2025\/03\/20210925_180429.jpg?resize=1024%2C498&#038;ssl=1\" alt=\"\" class=\"wp-image-45641\" srcset=\"https:\/\/i0.wp.com\/www.zonderdank.be\/saturnein\/wp-content\/uploads\/2025\/03\/20210925_180429.jpg?resize=1024%2C498&amp;ssl=1 1024w, https:\/\/i0.wp.com\/www.zonderdank.be\/saturnein\/wp-content\/uploads\/2025\/03\/20210925_180429.jpg?resize=300%2C146&amp;ssl=1 300w, https:\/\/i0.wp.com\/www.zonderdank.be\/saturnein\/wp-content\/uploads\/2025\/03\/20210925_180429.jpg?resize=768%2C373&amp;ssl=1 768w, https:\/\/i0.wp.com\/www.zonderdank.be\/saturnein\/wp-content\/uploads\/2025\/03\/20210925_180429.jpg?resize=1536%2C746&amp;ssl=1 1536w, https:\/\/i0.wp.com\/www.zonderdank.be\/saturnein\/wp-content\/uploads\/2025\/03\/20210925_180429.jpg?resize=1080%2C525&amp;ssl=1 1080w, https:\/\/i0.wp.com\/www.zonderdank.be\/saturnein\/wp-content\/uploads\/2025\/03\/20210925_180429.jpg?resize=850%2C413&amp;ssl=1 850w, https:\/\/i0.wp.com\/www.zonderdank.be\/saturnein\/wp-content\/uploads\/2025\/03\/20210925_180429.jpg?w=1920&amp;ssl=1 1920w\" sizes=\"auto, (max-width: 1000px) 100vw, 1000px\" \/><\/figure>\n\n\n\n<p><\/p>\n\n\n\n<p>De rest volgt in willekeurige volgorde. <\/p>\n\n\n\n<p><\/p>\n\n\n\n<h2 class=\"wp-block-heading\"><a href=\"https:\/\/www.campingcarpark.com\/fr_FR\/camping-car\/occitanie\/pyrenees-orientales\/elne\" target=\"_blank\" rel=\"noreferrer noopener\">Elne<\/a><\/h2>\n\n\n\n<p>In de Pyren\u00e9es Occidentales, niet ver van de azurenkust. We waren er in de corona-periode, en we vonden het er zalig. Het kan wel zijn dat dat ook was omdat we net van een zeer mottige camperplaats in Argel\u00e8s kwamen. Maar dan nog. We refereren ernaar als &#8220;de camperplaats waar er enen dood in zijn camper lag&#8221;. In een hoek stond een oude camper, het leek er (permanent) bewoond maar het was er muisstil. We vroegen ons af of de eigenaar misschien dood lag. We hebben het nooit gecheckt. Het was er groot, ruim, aangenaam, een beetje onderkomen, rustig.<\/p>\n\n\n\n<p><\/p>\n\n\n\n<figure class=\"wp-block-image size-large\"><img data-recalc-dims=\"1\" loading=\"lazy\" decoding=\"async\" width=\"1024\" height=\"576\" data-attachment-id=\"45644\" data-permalink=\"https:\/\/www.zonderdank.be\/saturnein\/2025\/03\/31\/onze-favoriete-camperplaatsen\/20200623_170337\/\" data-orig-file=\"https:\/\/i0.wp.com\/www.zonderdank.be\/saturnein\/wp-content\/uploads\/2025\/03\/20200623_170337.jpg?fit=1920%2C1080&amp;ssl=1\" data-orig-size=\"1920,1080\" data-comments-opened=\"1\" data-image-meta=\"{&quot;aperture&quot;:&quot;1.7&quot;,&quot;credit&quot;:&quot;&quot;,&quot;camera&quot;:&quot;SM-G950F&quot;,&quot;caption&quot;:&quot;&quot;,&quot;created_timestamp&quot;:&quot;1592931817&quot;,&quot;copyright&quot;:&quot;&quot;,&quot;focal_length&quot;:&quot;4.2&quot;,&quot;iso&quot;:&quot;40&quot;,&quot;shutter_speed&quot;:&quot;0.00034722222222222&quot;,&quot;title&quot;:&quot;&quot;,&quot;orientation&quot;:&quot;1&quot;}\" data-image-title=\"20200623_170337\" data-image-description=\"\" data-image-caption=\"\" data-large-file=\"https:\/\/i0.wp.com\/www.zonderdank.be\/saturnein\/wp-content\/uploads\/2025\/03\/20200623_170337.jpg?fit=1024%2C576&amp;ssl=1\" src=\"https:\/\/i0.wp.com\/www.zonderdank.be\/saturnein\/wp-content\/uploads\/2025\/03\/20200623_170337.jpg?resize=1024%2C576&#038;ssl=1\" alt=\"\" class=\"wp-image-45644\" srcset=\"https:\/\/i0.wp.com\/www.zonderdank.be\/saturnein\/wp-content\/uploads\/2025\/03\/20200623_170337.jpg?resize=1024%2C576&amp;ssl=1 1024w, https:\/\/i0.wp.com\/www.zonderdank.be\/saturnein\/wp-content\/uploads\/2025\/03\/20200623_170337.jpg?resize=300%2C169&amp;ssl=1 300w, https:\/\/i0.wp.com\/www.zonderdank.be\/saturnein\/wp-content\/uploads\/2025\/03\/20200623_170337.jpg?resize=768%2C432&amp;ssl=1 768w, https:\/\/i0.wp.com\/www.zonderdank.be\/saturnein\/wp-content\/uploads\/2025\/03\/20200623_170337.jpg?resize=1536%2C864&amp;ssl=1 1536w, https:\/\/i0.wp.com\/www.zonderdank.be\/saturnein\/wp-content\/uploads\/2025\/03\/20200623_170337.jpg?resize=1080%2C608&amp;ssl=1 1080w, https:\/\/i0.wp.com\/www.zonderdank.be\/saturnein\/wp-content\/uploads\/2025\/03\/20200623_170337.jpg?resize=850%2C478&amp;ssl=1 850w, https:\/\/i0.wp.com\/www.zonderdank.be\/saturnein\/wp-content\/uploads\/2025\/03\/20200623_170337.jpg?w=1920&amp;ssl=1 1920w\" sizes=\"auto, (max-width: 1000px) 100vw, 1000px\" \/><\/figure>\n\n\n\n<p><\/p>\n\n\n\n<h2 class=\"wp-block-heading\"><a href=\"https:\/\/www.campingcarpark.com\/fr_FR\/camping-car\/normandie\/la-manche\/mont-saint-michel\" target=\"_blank\" rel=\"noreferrer noopener\">Mont-Saint-Michel (Beauvoir)<\/a><\/h2>\n\n\n\n<p>Een recent toegevoegd favorietje. Allez, favorietje, het is een gigantische camperplaats. We houden van rust en stilte, en gek genoeg vind je die ook vaak op grote camperplaatsen, hoe contradictorisch het ook moge klinken. De ligging is ideaal: op 4km van de Mont-Saint-Michel, en in verder ook prachtig fietsgebied. En vlak naast <a href=\"https:\/\/www.maison-pelerin.com\/\" target=\"_blank\" rel=\"noreferrer noopener\">Maison P\u00e9lerin<\/a>, ofte caramel heaven, dat ook, haha.<\/p>\n\n\n\n<p><\/p>\n\n\n\n<figure class=\"wp-block-image size-large\"><img data-recalc-dims=\"1\" loading=\"lazy\" decoding=\"async\" width=\"1024\" height=\"461\" data-attachment-id=\"45645\" data-permalink=\"https:\/\/www.zonderdank.be\/saturnein\/2025\/03\/31\/onze-favoriete-camperplaatsen\/20241109_141219\/\" data-orig-file=\"https:\/\/i0.wp.com\/www.zonderdank.be\/saturnein\/wp-content\/uploads\/2025\/03\/20241109_141219.jpg?fit=1920%2C865&amp;ssl=1\" data-orig-size=\"1920,865\" data-comments-opened=\"1\" data-image-meta=\"{&quot;aperture&quot;:&quot;1.8&quot;,&quot;credit&quot;:&quot;&quot;,&quot;camera&quot;:&quot;SM-G991B&quot;,&quot;caption&quot;:&quot;&quot;,&quot;created_timestamp&quot;:&quot;1731161539&quot;,&quot;copyright&quot;:&quot;&quot;,&quot;focal_length&quot;:&quot;5.4&quot;,&quot;iso&quot;:&quot;50&quot;,&quot;shutter_speed&quot;:&quot;0.0023584905660377&quot;,&quot;title&quot;:&quot;&quot;,&quot;orientation&quot;:&quot;1&quot;}\" data-image-title=\"20241109_141219\" data-image-description=\"\" data-image-caption=\"\" data-large-file=\"https:\/\/i0.wp.com\/www.zonderdank.be\/saturnein\/wp-content\/uploads\/2025\/03\/20241109_141219.jpg?fit=1024%2C461&amp;ssl=1\" src=\"https:\/\/i0.wp.com\/www.zonderdank.be\/saturnein\/wp-content\/uploads\/2025\/03\/20241109_141219.jpg?resize=1024%2C461&#038;ssl=1\" alt=\"\" class=\"wp-image-45645\" srcset=\"https:\/\/i0.wp.com\/www.zonderdank.be\/saturnein\/wp-content\/uploads\/2025\/03\/20241109_141219.jpg?resize=1024%2C461&amp;ssl=1 1024w, https:\/\/i0.wp.com\/www.zonderdank.be\/saturnein\/wp-content\/uploads\/2025\/03\/20241109_141219.jpg?resize=300%2C135&amp;ssl=1 300w, https:\/\/i0.wp.com\/www.zonderdank.be\/saturnein\/wp-content\/uploads\/2025\/03\/20241109_141219.jpg?resize=768%2C346&amp;ssl=1 768w, https:\/\/i0.wp.com\/www.zonderdank.be\/saturnein\/wp-content\/uploads\/2025\/03\/20241109_141219.jpg?resize=1536%2C692&amp;ssl=1 1536w, https:\/\/i0.wp.com\/www.zonderdank.be\/saturnein\/wp-content\/uploads\/2025\/03\/20241109_141219.jpg?resize=1080%2C487&amp;ssl=1 1080w, https:\/\/i0.wp.com\/www.zonderdank.be\/saturnein\/wp-content\/uploads\/2025\/03\/20241109_141219.jpg?resize=850%2C383&amp;ssl=1 850w, https:\/\/i0.wp.com\/www.zonderdank.be\/saturnein\/wp-content\/uploads\/2025\/03\/20241109_141219.jpg?w=1920&amp;ssl=1 1920w\" sizes=\"auto, (max-width: 1000px) 100vw, 1000px\" \/><\/figure>\n\n\n\n<p><\/p>\n\n\n\n<h2 class=\"wp-block-heading\"><a href=\"https:\/\/www.maison-pelerin.com\/\" target=\"_blank\" rel=\"noreferrer noopener\">Aire de Camping Car du Moulin, \u00c3\u017dle d&#8217;Ol\u00e9ron<\/a><\/h2>\n\n\n\n<p>Nog zo&#8217;n grote, niet van CCP deze keer. Op het eiland, dichtbij de Phare de Chassiron, op grondgebied Saint-Denis-d&#8217;Ol\u00e9ron. Ook ideaal gelegen voor fiets- en wandeltochten. Rustig, gezapig, &#8217;s avonds vroeg stil en &#8217;s morgens lang rustig. Heer-lijk. De sfeer van het eiland, het gevoel dicht bij de zee (oceaan) te zitten&#8230; daar kan niets tegenop.<\/p>\n\n\n\n<p><\/p>\n\n\n\n<figure class=\"wp-block-image size-large\"><img data-recalc-dims=\"1\" loading=\"lazy\" decoding=\"async\" width=\"1024\" height=\"576\" data-attachment-id=\"45646\" data-permalink=\"https:\/\/www.zonderdank.be\/saturnein\/2025\/03\/31\/onze-favoriete-camperplaatsen\/20200702_215423\/\" data-orig-file=\"https:\/\/i0.wp.com\/www.zonderdank.be\/saturnein\/wp-content\/uploads\/2025\/03\/20200702_215423.jpg?fit=1920%2C1080&amp;ssl=1\" data-orig-size=\"1920,1080\" data-comments-opened=\"1\" data-image-meta=\"{&quot;aperture&quot;:&quot;1.7&quot;,&quot;credit&quot;:&quot;&quot;,&quot;camera&quot;:&quot;SM-G950F&quot;,&quot;caption&quot;:&quot;&quot;,&quot;created_timestamp&quot;:&quot;1593726863&quot;,&quot;copyright&quot;:&quot;&quot;,&quot;focal_length&quot;:&quot;4.2&quot;,&quot;iso&quot;:&quot;40&quot;,&quot;shutter_speed&quot;:&quot;0.0058479532163743&quot;,&quot;title&quot;:&quot;&quot;,&quot;orientation&quot;:&quot;1&quot;}\" data-image-title=\"20200702_215423\" data-image-description=\"\" data-image-caption=\"\" data-large-file=\"https:\/\/i0.wp.com\/www.zonderdank.be\/saturnein\/wp-content\/uploads\/2025\/03\/20200702_215423.jpg?fit=1024%2C576&amp;ssl=1\" src=\"https:\/\/i0.wp.com\/www.zonderdank.be\/saturnein\/wp-content\/uploads\/2025\/03\/20200702_215423.jpg?resize=1024%2C576&#038;ssl=1\" alt=\"\" class=\"wp-image-45646\" srcset=\"https:\/\/i0.wp.com\/www.zonderdank.be\/saturnein\/wp-content\/uploads\/2025\/03\/20200702_215423.jpg?resize=1024%2C576&amp;ssl=1 1024w, https:\/\/i0.wp.com\/www.zonderdank.be\/saturnein\/wp-content\/uploads\/2025\/03\/20200702_215423.jpg?resize=300%2C169&amp;ssl=1 300w, https:\/\/i0.wp.com\/www.zonderdank.be\/saturnein\/wp-content\/uploads\/2025\/03\/20200702_215423.jpg?resize=768%2C432&amp;ssl=1 768w, https:\/\/i0.wp.com\/www.zonderdank.be\/saturnein\/wp-content\/uploads\/2025\/03\/20200702_215423.jpg?resize=1536%2C864&amp;ssl=1 1536w, https:\/\/i0.wp.com\/www.zonderdank.be\/saturnein\/wp-content\/uploads\/2025\/03\/20200702_215423.jpg?resize=1080%2C608&amp;ssl=1 1080w, https:\/\/i0.wp.com\/www.zonderdank.be\/saturnein\/wp-content\/uploads\/2025\/03\/20200702_215423.jpg?resize=850%2C478&amp;ssl=1 850w, https:\/\/i0.wp.com\/www.zonderdank.be\/saturnein\/wp-content\/uploads\/2025\/03\/20200702_215423.jpg?w=1920&amp;ssl=1 1920w\" sizes=\"auto, (max-width: 1000px) 100vw, 1000px\" \/><\/figure>\n\n\n\n<p><\/p>\n\n\n\n<h2 class=\"wp-block-heading\"><a href=\"https:\/\/www.campingcarpark.com\/fr_FR\/camping-car\/nouvelle-aquitaine\/charente-maritime\/soubise\" target=\"_blank\" rel=\"noreferrer noopener\">Soubise, Le Port<\/a><\/h2>\n\n\n\n<p>In de Charente-Maritime, naast de river de Charente. Wat waren we daar ook graag. Je zag de schepen bijna &#8220;in je tuin&#8221; voorbijvaren. In de verte zie je er de <a href=\"https:\/\/www.pont-transbordeur.fr\/\" target=\"_blank\" rel=\"noreferrer noopener\">Transbordeur de Rochefort<\/a>. &#8217;s Ochtends ga je naar het water en maak je er de mooiste zonsopgangfoto&#8217;s. Ook hier: fietstochten en wandelroutes a plenty, en een maritieme sfeer die je omhult.<\/p>\n\n\n\n<p><\/p>\n\n\n\n<figure class=\"wp-block-image size-large\"><img data-recalc-dims=\"1\" loading=\"lazy\" decoding=\"async\" width=\"1024\" height=\"498\" data-attachment-id=\"45647\" data-permalink=\"https:\/\/www.zonderdank.be\/saturnein\/2025\/03\/31\/onze-favoriete-camperplaatsen\/20210924_191650\/\" data-orig-file=\"https:\/\/i0.wp.com\/www.zonderdank.be\/saturnein\/wp-content\/uploads\/2025\/03\/20210924_191650.jpg?fit=1920%2C933&amp;ssl=1\" data-orig-size=\"1920,933\" data-comments-opened=\"1\" data-image-meta=\"{&quot;aperture&quot;:&quot;1.7&quot;,&quot;credit&quot;:&quot;&quot;,&quot;camera&quot;:&quot;SM-G950F&quot;,&quot;caption&quot;:&quot;&quot;,&quot;created_timestamp&quot;:&quot;1632511010&quot;,&quot;copyright&quot;:&quot;&quot;,&quot;focal_length&quot;:&quot;4.2&quot;,&quot;iso&quot;:&quot;40&quot;,&quot;shutter_speed&quot;:&quot;0.0013440860215054&quot;,&quot;title&quot;:&quot;&quot;,&quot;orientation&quot;:&quot;1&quot;}\" data-image-title=\"20210924_191650\" data-image-description=\"\" data-image-caption=\"\" data-large-file=\"https:\/\/i0.wp.com\/www.zonderdank.be\/saturnein\/wp-content\/uploads\/2025\/03\/20210924_191650.jpg?fit=1024%2C498&amp;ssl=1\" src=\"https:\/\/i0.wp.com\/www.zonderdank.be\/saturnein\/wp-content\/uploads\/2025\/03\/20210924_191650.jpg?resize=1024%2C498&#038;ssl=1\" alt=\"\" class=\"wp-image-45647\" srcset=\"https:\/\/i0.wp.com\/www.zonderdank.be\/saturnein\/wp-content\/uploads\/2025\/03\/20210924_191650.jpg?resize=1024%2C498&amp;ssl=1 1024w, https:\/\/i0.wp.com\/www.zonderdank.be\/saturnein\/wp-content\/uploads\/2025\/03\/20210924_191650.jpg?resize=300%2C146&amp;ssl=1 300w, https:\/\/i0.wp.com\/www.zonderdank.be\/saturnein\/wp-content\/uploads\/2025\/03\/20210924_191650.jpg?resize=768%2C373&amp;ssl=1 768w, https:\/\/i0.wp.com\/www.zonderdank.be\/saturnein\/wp-content\/uploads\/2025\/03\/20210924_191650.jpg?resize=1536%2C746&amp;ssl=1 1536w, https:\/\/i0.wp.com\/www.zonderdank.be\/saturnein\/wp-content\/uploads\/2025\/03\/20210924_191650.jpg?resize=1080%2C525&amp;ssl=1 1080w, https:\/\/i0.wp.com\/www.zonderdank.be\/saturnein\/wp-content\/uploads\/2025\/03\/20210924_191650.jpg?resize=850%2C413&amp;ssl=1 850w, https:\/\/i0.wp.com\/www.zonderdank.be\/saturnein\/wp-content\/uploads\/2025\/03\/20210924_191650.jpg?w=1920&amp;ssl=1 1920w\" sizes=\"auto, (max-width: 1000px) 100vw, 1000px\" \/><\/figure>\n\n\n\n<p><\/p>\n\n\n\n<p>Dag 27 van 40 dagen bloggen<\/p>\n\n\n\n<p><\/p>\n\n\n\n<p><\/p>\n","protected":false},"excerpt":{"rendered":"<p>Ik vroeg aan Meneertje Mertens, wat is jouw favoriete camperplaats? En&#8230; hij gaf zonder aarzelen het antwoord dat ik ook gaf op die vraag. Maar voor de fun of it maak ik een overzichtje van 5 favoriete camperplaatsen. De eerste is ons beider favoriet, de andere staan in willekeurige volgorde. Ze zijn allemaal in Frankrijk, [&hellip;]<\/p>\n","protected":false},"author":1,"featured_media":45648,"comment_status":"open","ping_status":"open","sticky":false,"template":"","format":"standard","meta":{"jetpack_post_was_ever_published":false,"_jetpack_newsletter_access":"","_jetpack_dont_email_post_to_subs":false,"_jetpack_newsletter_tier_id":0,"_jetpack_memberships_contains_paywalled_content":false,"_jetpack_memberships_contains_paid_content":false,"footnotes":""},"categories":[1775],"tags":[2136,5442,5258,1777,2311,1987,3195,3211,2310,2474,2349,1788,5481,3212,4013],"class_list":["post-45640","post","type-post","status-publish","format-standard","has-post-thumbnail","hentry","category-reizen","tag-40-dagen-bloggen","tag-40dagen-bloggen","tag-beauvoir","tag-camper","tag-camperlife","tag-camperplaats","tag-elne","tag-ile-doleron","tag-la-barre-de-monts","tag-mont-saint-michel","tag-ontheroadagain","tag-op-reis","tag-pyrenees","tag-saint-denis-doleron","tag-soubise"],"jetpack_featured_media_url":"https:\/\/i0.wp.com\/www.zonderdank.be\/saturnein\/wp-content\/uploads\/2025\/03\/20210927_193059.jpg?fit=1920%2C933&ssl=1","jetpack_sharing_enabled":true,"jetpack_shortlink":"https:\/\/wp.me\/p2l47o-bS8","jetpack_likes_enabled":true,"jetpack-related-posts":[],"_links":{"self":[{"href":"https:\/\/www.zonderdank.be\/saturnein\/wp-json\/wp\/v2\/posts\/45640","targetHints":{"allow":["GET"]}}],"collection":[{"href":"https:\/\/www.zonderdank.be\/saturnein\/wp-json\/wp\/v2\/posts"}],"about":[{"href":"https:\/\/www.zonderdank.be\/saturnein\/wp-json\/wp\/v2\/types\/post"}],"author":[{"embeddable":true,"href":"https:\/\/www.zonderdank.be\/saturnein\/wp-json\/wp\/v2\/users\/1"}],"replies":[{"embeddable":true,"href":"https:\/\/www.zonderdank.be\/saturnein\/wp-json\/wp\/v2\/comments?post=45640"}],"version-history":[{"count":4,"href":"https:\/\/www.zonderdank.be\/saturnein\/wp-json\/wp\/v2\/posts\/45640\/revisions"}],"predecessor-version":[{"id":45667,"href":"https:\/\/www.zonderdank.be\/saturnein\/wp-json\/wp\/v2\/posts\/45640\/revisions\/45667"}],"wp:featuredmedia":[{"embeddable":true,"href":"https:\/\/www.zonderdank.be\/saturnein\/wp-json\/wp\/v2\/media\/45648"}],"wp:attachment":[{"href":"https:\/\/www.zonderdank.be\/saturnein\/wp-json\/wp\/v2\/media?parent=45640"}],"wp:term":[{"taxonomy":"category","embeddable":true,"href":"https:\/\/www.zonderdank.be\/saturnein\/wp-json\/wp\/v2\/categories?post=45640"},{"taxonomy":"post_tag","embeddable":true,"href":"https:\/\/www.zonderdank.be\/saturnein\/wp-json\/wp\/v2\/tags?post=45640"}],"curies":[{"name":"wp","href":"https:\/\/api.w.org\/{rel}","templated":true}]}}