{"id":35654,"date":"2022-06-04T07:58:00","date_gmt":"2022-06-04T06:58:00","guid":{"rendered":"https:\/\/www.zonderdank.be\/saturnein\/?p=35654"},"modified":"2022-06-04T20:48:07","modified_gmt":"2022-06-04T19:48:07","slug":"week-in-beeld-week-22-3","status":"publish","type":"post","link":"https:\/\/www.zonderdank.be\/saturnein\/2022\/06\/04\/week-in-beeld-week-22-3\/","title":{"rendered":"Week in beeld &#8211; week 22"},"content":{"rendered":"\n<pre class=\"wp-block-verse has-text-color\" id=\"vaste-rubriek-op-zaterdag-week-in-beeld-een-greep-uit-de-telefoonfoto-s-die-ik-maakte-van-zaterdagochtend-tot-vrijdagavond-soms-eens-een-foto-door-meneertje-mertens-de-laatste-tijd-ook-vaker-foto-s-met-de-nikon-maar-vooral-foto-s-van-mijn-telefoon\" style=\"color:#783c77\"><em><strong>Vaste rubriek op zaterdag: week in beeld. Een greep uit de telefoonfoto\u2019s die ik maakte van zaterdagochtend tot vrijdagavond. Soms eens een foto door Meneertje Mertens. De laatste tijd ook vaker foto\u2019s met de Nikon. Maar vooral foto\u2019s van mijn telefoon.<\/strong><\/em><\/pre>\n\n\n\n<p>We starten met een vroege ochtend, een zonsopgang op de Poelberg in Dentergem, waar we de nacht doorgebracht hebben. We maken een korte wandeling naar de top, bij de molen. <\/p>\n\n\n\n<figure class=\"wp-block-image size-large\"><img data-recalc-dims=\"1\" loading=\"lazy\" decoding=\"async\" width=\"1024\" height=\"576\" data-attachment-id=\"35656\" data-permalink=\"https:\/\/www.zonderdank.be\/saturnein\/2022\/06\/04\/week-in-beeld-week-22-3\/20220528_053349\/\" data-orig-file=\"https:\/\/i0.wp.com\/www.zonderdank.be\/saturnein\/wp-content\/uploads\/2022\/05\/20220528_053349.jpg?fit=1920%2C1080&amp;ssl=1\" data-orig-size=\"1920,1080\" data-comments-opened=\"1\" data-image-meta=\"{&quot;aperture&quot;:&quot;1.8&quot;,&quot;credit&quot;:&quot;&quot;,&quot;camera&quot;:&quot;SM-G991B&quot;,&quot;caption&quot;:&quot;&quot;,&quot;created_timestamp&quot;:&quot;1653716029&quot;,&quot;copyright&quot;:&quot;&quot;,&quot;focal_length&quot;:&quot;5.4&quot;,&quot;iso&quot;:&quot;50&quot;,&quot;shutter_speed&quot;:&quot;0.0037735849056604&quot;,&quot;title&quot;:&quot;&quot;,&quot;orientation&quot;:&quot;1&quot;}\" data-image-title=\"20220528_053349\" data-image-description=\"\" data-image-caption=\"\" data-large-file=\"https:\/\/i0.wp.com\/www.zonderdank.be\/saturnein\/wp-content\/uploads\/2022\/05\/20220528_053349.jpg?fit=1024%2C576&amp;ssl=1\" src=\"https:\/\/i0.wp.com\/www.zonderdank.be\/saturnein\/wp-content\/uploads\/2022\/05\/20220528_053349.jpg?resize=1024%2C576&#038;ssl=1\" alt=\"\" class=\"wp-image-35656\" srcset=\"https:\/\/i0.wp.com\/www.zonderdank.be\/saturnein\/wp-content\/uploads\/2022\/05\/20220528_053349.jpg?resize=1024%2C576&amp;ssl=1 1024w, https:\/\/i0.wp.com\/www.zonderdank.be\/saturnein\/wp-content\/uploads\/2022\/05\/20220528_053349.jpg?resize=300%2C169&amp;ssl=1 300w, https:\/\/i0.wp.com\/www.zonderdank.be\/saturnein\/wp-content\/uploads\/2022\/05\/20220528_053349.jpg?resize=768%2C432&amp;ssl=1 768w, https:\/\/i0.wp.com\/www.zonderdank.be\/saturnein\/wp-content\/uploads\/2022\/05\/20220528_053349.jpg?resize=1536%2C864&amp;ssl=1 1536w, https:\/\/i0.wp.com\/www.zonderdank.be\/saturnein\/wp-content\/uploads\/2022\/05\/20220528_053349.jpg?resize=107%2C60&amp;ssl=1 107w, https:\/\/i0.wp.com\/www.zonderdank.be\/saturnein\/wp-content\/uploads\/2022\/05\/20220528_053349.jpg?w=1920&amp;ssl=1 1920w\" sizes=\"auto, (max-width: 1000px) 100vw, 1000px\" \/><\/figure>\n\n\n\n<p>Meneertje Mertens maakt een babbeltje met de aanwezige koeien. Ziet hij een koe, ezel, paard, schaap&#8230; hij doet er altijd een babbeltje mee. <\/p>\n\n\n\n<figure class=\"wp-block-image size-large\"><img data-recalc-dims=\"1\" loading=\"lazy\" decoding=\"async\" width=\"1024\" height=\"768\" data-attachment-id=\"35655\" data-permalink=\"https:\/\/www.zonderdank.be\/saturnein\/2022\/06\/04\/week-in-beeld-week-22-3\/20220528_053337\/\" data-orig-file=\"https:\/\/i0.wp.com\/www.zonderdank.be\/saturnein\/wp-content\/uploads\/2022\/05\/20220528_053337.jpg?fit=1440%2C1080&amp;ssl=1\" data-orig-size=\"1440,1080\" data-comments-opened=\"1\" data-image-meta=\"{&quot;aperture&quot;:&quot;1.8&quot;,&quot;credit&quot;:&quot;&quot;,&quot;camera&quot;:&quot;SM-G991B&quot;,&quot;caption&quot;:&quot;&quot;,&quot;created_timestamp&quot;:&quot;1653716017&quot;,&quot;copyright&quot;:&quot;&quot;,&quot;focal_length&quot;:&quot;5.4&quot;,&quot;iso&quot;:&quot;64&quot;,&quot;shutter_speed&quot;:&quot;0.01&quot;,&quot;title&quot;:&quot;&quot;,&quot;orientation&quot;:&quot;1&quot;}\" data-image-title=\"20220528_053337\" data-image-description=\"\" data-image-caption=\"\" data-large-file=\"https:\/\/i0.wp.com\/www.zonderdank.be\/saturnein\/wp-content\/uploads\/2022\/05\/20220528_053337.jpg?fit=1024%2C768&amp;ssl=1\" src=\"https:\/\/i0.wp.com\/www.zonderdank.be\/saturnein\/wp-content\/uploads\/2022\/05\/20220528_053337.jpg?resize=1024%2C768&#038;ssl=1\" alt=\"\" class=\"wp-image-35655\" srcset=\"https:\/\/i0.wp.com\/www.zonderdank.be\/saturnein\/wp-content\/uploads\/2022\/05\/20220528_053337.jpg?resize=1024%2C768&amp;ssl=1 1024w, https:\/\/i0.wp.com\/www.zonderdank.be\/saturnein\/wp-content\/uploads\/2022\/05\/20220528_053337.jpg?resize=300%2C225&amp;ssl=1 300w, https:\/\/i0.wp.com\/www.zonderdank.be\/saturnein\/wp-content\/uploads\/2022\/05\/20220528_053337.jpg?resize=768%2C576&amp;ssl=1 768w, https:\/\/i0.wp.com\/www.zonderdank.be\/saturnein\/wp-content\/uploads\/2022\/05\/20220528_053337.jpg?resize=80%2C60&amp;ssl=1 80w, https:\/\/i0.wp.com\/www.zonderdank.be\/saturnein\/wp-content\/uploads\/2022\/05\/20220528_053337.jpg?w=1440&amp;ssl=1 1440w\" sizes=\"auto, (max-width: 1000px) 100vw, 1000px\" \/><\/figure>\n\n\n\n<p>Foto&#8217;s gemaakt met de Nikon volgen nog wel eens, binnenkort. <\/p>\n\n\n\n<figure class=\"wp-block-image aligncenter size-large is-resized\"><img data-recalc-dims=\"1\" loading=\"lazy\" decoding=\"async\" data-attachment-id=\"35657\" data-permalink=\"https:\/\/www.zonderdank.be\/saturnein\/2022\/06\/04\/week-in-beeld-week-22-3\/20220528_054309\/\" data-orig-file=\"https:\/\/i0.wp.com\/www.zonderdank.be\/saturnein\/wp-content\/uploads\/2022\/05\/20220528_054309.jpg?fit=1080%2C1440&amp;ssl=1\" data-orig-size=\"1080,1440\" data-comments-opened=\"1\" data-image-meta=\"{&quot;aperture&quot;:&quot;1.8&quot;,&quot;credit&quot;:&quot;&quot;,&quot;camera&quot;:&quot;SM-G991B&quot;,&quot;caption&quot;:&quot;&quot;,&quot;created_timestamp&quot;:&quot;1653716590&quot;,&quot;copyright&quot;:&quot;&quot;,&quot;focal_length&quot;:&quot;5.4&quot;,&quot;iso&quot;:&quot;50&quot;,&quot;shutter_speed&quot;:&quot;0.0054054054054054&quot;,&quot;title&quot;:&quot;&quot;,&quot;orientation&quot;:&quot;1&quot;}\" data-image-title=\"20220528_054309\" data-image-description=\"\" data-image-caption=\"\" data-large-file=\"https:\/\/i0.wp.com\/www.zonderdank.be\/saturnein\/wp-content\/uploads\/2022\/05\/20220528_054309.jpg?fit=768%2C1024&amp;ssl=1\" src=\"https:\/\/i0.wp.com\/www.zonderdank.be\/saturnein\/wp-content\/uploads\/2022\/05\/20220528_054309.jpg?resize=560%2C746&#038;ssl=1\" alt=\"\" class=\"wp-image-35657\" width=\"560\" height=\"746\" srcset=\"https:\/\/i0.wp.com\/www.zonderdank.be\/saturnein\/wp-content\/uploads\/2022\/05\/20220528_054309.jpg?resize=768%2C1024&amp;ssl=1 768w, https:\/\/i0.wp.com\/www.zonderdank.be\/saturnein\/wp-content\/uploads\/2022\/05\/20220528_054309.jpg?resize=225%2C300&amp;ssl=1 225w, https:\/\/i0.wp.com\/www.zonderdank.be\/saturnein\/wp-content\/uploads\/2022\/05\/20220528_054309.jpg?resize=45%2C60&amp;ssl=1 45w, https:\/\/i0.wp.com\/www.zonderdank.be\/saturnein\/wp-content\/uploads\/2022\/05\/20220528_054309.jpg?w=1080&amp;ssl=1 1080w\" sizes=\"auto, (max-width: 560px) 100vw, 560px\" \/><\/figure>\n\n\n\n<p>Favoriete foto. <\/p>\n\n\n\n<figure class=\"wp-block-image size-large\"><img data-recalc-dims=\"1\" loading=\"lazy\" decoding=\"async\" width=\"1024\" height=\"768\" data-attachment-id=\"35689\" data-permalink=\"https:\/\/www.zonderdank.be\/saturnein\/2022\/06\/04\/week-in-beeld-week-22-3\/dsc_1372\/\" data-orig-file=\"https:\/\/i0.wp.com\/www.zonderdank.be\/saturnein\/wp-content\/uploads\/2022\/06\/DSC_1372.jpg?fit=1440%2C1080&amp;ssl=1\" data-orig-size=\"1440,1080\" data-comments-opened=\"1\" data-image-meta=\"{&quot;aperture&quot;:&quot;10&quot;,&quot;credit&quot;:&quot;&quot;,&quot;camera&quot;:&quot;NIKON Z 6&quot;,&quot;caption&quot;:&quot;&quot;,&quot;created_timestamp&quot;:&quot;1653716903&quot;,&quot;copyright&quot;:&quot;&quot;,&quot;focal_length&quot;:&quot;18&quot;,&quot;iso&quot;:&quot;100&quot;,&quot;shutter_speed&quot;:&quot;0.0125&quot;,&quot;title&quot;:&quot;&quot;,&quot;orientation&quot;:&quot;0&quot;}\" data-image-title=\"DSC_1372\" data-image-description=\"\" data-image-caption=\"\" data-large-file=\"https:\/\/i0.wp.com\/www.zonderdank.be\/saturnein\/wp-content\/uploads\/2022\/06\/DSC_1372.jpg?fit=1024%2C768&amp;ssl=1\" src=\"https:\/\/i0.wp.com\/www.zonderdank.be\/saturnein\/wp-content\/uploads\/2022\/06\/DSC_1372.jpg?resize=1024%2C768&#038;ssl=1\" alt=\"\" class=\"wp-image-35689\" srcset=\"https:\/\/i0.wp.com\/www.zonderdank.be\/saturnein\/wp-content\/uploads\/2022\/06\/DSC_1372.jpg?resize=1024%2C768&amp;ssl=1 1024w, https:\/\/i0.wp.com\/www.zonderdank.be\/saturnein\/wp-content\/uploads\/2022\/06\/DSC_1372.jpg?resize=300%2C225&amp;ssl=1 300w, https:\/\/i0.wp.com\/www.zonderdank.be\/saturnein\/wp-content\/uploads\/2022\/06\/DSC_1372.jpg?resize=768%2C576&amp;ssl=1 768w, https:\/\/i0.wp.com\/www.zonderdank.be\/saturnein\/wp-content\/uploads\/2022\/06\/DSC_1372.jpg?resize=80%2C60&amp;ssl=1 80w, https:\/\/i0.wp.com\/www.zonderdank.be\/saturnein\/wp-content\/uploads\/2022\/06\/DSC_1372.jpg?w=1440&amp;ssl=1 1440w\" sizes=\"auto, (max-width: 1000px) 100vw, 1000px\" \/><\/figure>\n\n\n\n<p>Na de rustige start van de dag wordt het druk. We rijden naar huis om wat spullen op te halen, en rijden door naar Wetteren. Vanaf daar neemt Milan het stuur over. We rijden naar Huizingen, en we vinden Jens en Jara vrij vlot terug. Een beetje na 15u start de rit (met wat vertraging, jammer genoeg). <\/p>\n\n\n\n<figure class=\"wp-block-image aligncenter size-large is-resized\"><img data-recalc-dims=\"1\" loading=\"lazy\" decoding=\"async\" data-attachment-id=\"35658\" data-permalink=\"https:\/\/www.zonderdank.be\/saturnein\/2022\/06\/04\/week-in-beeld-week-22-3\/20220528_150221\/\" data-orig-file=\"https:\/\/i0.wp.com\/www.zonderdank.be\/saturnein\/wp-content\/uploads\/2022\/05\/20220528_150221.jpg?fit=1257%2C1257&amp;ssl=1\" data-orig-size=\"1257,1257\" data-comments-opened=\"1\" data-image-meta=\"{&quot;aperture&quot;:&quot;1.8&quot;,&quot;credit&quot;:&quot;&quot;,&quot;camera&quot;:&quot;SM-G991B&quot;,&quot;caption&quot;:&quot;&quot;,&quot;created_timestamp&quot;:&quot;1653750141&quot;,&quot;copyright&quot;:&quot;&quot;,&quot;focal_length&quot;:&quot;5.4&quot;,&quot;iso&quot;:&quot;50&quot;,&quot;shutter_speed&quot;:&quot;0.0005592841163311&quot;,&quot;title&quot;:&quot;&quot;,&quot;orientation&quot;:&quot;1&quot;}\" data-image-title=\"20220528_150221\" data-image-description=\"\" data-image-caption=\"\" data-large-file=\"https:\/\/i0.wp.com\/www.zonderdank.be\/saturnein\/wp-content\/uploads\/2022\/05\/20220528_150221.jpg?fit=1024%2C1024&amp;ssl=1\" src=\"https:\/\/i0.wp.com\/www.zonderdank.be\/saturnein\/wp-content\/uploads\/2022\/05\/20220528_150221.jpg?resize=595%2C595&#038;ssl=1\" alt=\"\" class=\"wp-image-35658\" width=\"595\" height=\"595\" srcset=\"https:\/\/i0.wp.com\/www.zonderdank.be\/saturnein\/wp-content\/uploads\/2022\/05\/20220528_150221.jpg?resize=1024%2C1024&amp;ssl=1 1024w, https:\/\/i0.wp.com\/www.zonderdank.be\/saturnein\/wp-content\/uploads\/2022\/05\/20220528_150221.jpg?resize=300%2C300&amp;ssl=1 300w, https:\/\/i0.wp.com\/www.zonderdank.be\/saturnein\/wp-content\/uploads\/2022\/05\/20220528_150221.jpg?resize=150%2C150&amp;ssl=1 150w, https:\/\/i0.wp.com\/www.zonderdank.be\/saturnein\/wp-content\/uploads\/2022\/05\/20220528_150221.jpg?resize=768%2C768&amp;ssl=1 768w, https:\/\/i0.wp.com\/www.zonderdank.be\/saturnein\/wp-content\/uploads\/2022\/05\/20220528_150221.jpg?resize=60%2C60&amp;ssl=1 60w, https:\/\/i0.wp.com\/www.zonderdank.be\/saturnein\/wp-content\/uploads\/2022\/05\/20220528_150221.jpg?resize=468%2C468&amp;ssl=1 468w, https:\/\/i0.wp.com\/www.zonderdank.be\/saturnein\/wp-content\/uploads\/2022\/05\/20220528_150221.jpg?w=1257&amp;ssl=1 1257w\" sizes=\"auto, (max-width: 595px) 100vw, 595px\" \/><\/figure>\n\n\n\n<p>Milan, Jara en ik vertrekken voor een supporter-rit. We stoppen in Huldenberg, en daarna bij de tussenstop in Kessel-Lo, waar de wijk versierd is met mooie handwerkjes van alle slag. <\/p>\n\n\n\n<figure class=\"wp-block-image aligncenter size-large is-resized\"><img data-recalc-dims=\"1\" loading=\"lazy\" decoding=\"async\" data-attachment-id=\"35659\" data-permalink=\"https:\/\/www.zonderdank.be\/saturnein\/2022\/06\/04\/week-in-beeld-week-22-3\/20220528_170646\/\" data-orig-file=\"https:\/\/i0.wp.com\/www.zonderdank.be\/saturnein\/wp-content\/uploads\/2022\/05\/20220528_170646.jpg?fit=1080%2C1440&amp;ssl=1\" data-orig-size=\"1080,1440\" data-comments-opened=\"1\" data-image-meta=\"{&quot;aperture&quot;:&quot;1.8&quot;,&quot;credit&quot;:&quot;&quot;,&quot;camera&quot;:&quot;SM-G991B&quot;,&quot;caption&quot;:&quot;&quot;,&quot;created_timestamp&quot;:&quot;1653757606&quot;,&quot;copyright&quot;:&quot;&quot;,&quot;focal_length&quot;:&quot;5.4&quot;,&quot;iso&quot;:&quot;50&quot;,&quot;shutter_speed&quot;:&quot;0.002020202020202&quot;,&quot;title&quot;:&quot;&quot;,&quot;orientation&quot;:&quot;1&quot;}\" data-image-title=\"20220528_170646\" data-image-description=\"\" data-image-caption=\"\" data-large-file=\"https:\/\/i0.wp.com\/www.zonderdank.be\/saturnein\/wp-content\/uploads\/2022\/05\/20220528_170646.jpg?fit=768%2C1024&amp;ssl=1\" src=\"https:\/\/i0.wp.com\/www.zonderdank.be\/saturnein\/wp-content\/uploads\/2022\/05\/20220528_170646.jpg?resize=587%2C782&#038;ssl=1\" alt=\"\" class=\"wp-image-35659\" width=\"587\" height=\"782\" srcset=\"https:\/\/i0.wp.com\/www.zonderdank.be\/saturnein\/wp-content\/uploads\/2022\/05\/20220528_170646.jpg?resize=768%2C1024&amp;ssl=1 768w, https:\/\/i0.wp.com\/www.zonderdank.be\/saturnein\/wp-content\/uploads\/2022\/05\/20220528_170646.jpg?resize=225%2C300&amp;ssl=1 225w, https:\/\/i0.wp.com\/www.zonderdank.be\/saturnein\/wp-content\/uploads\/2022\/05\/20220528_170646.jpg?resize=45%2C60&amp;ssl=1 45w, https:\/\/i0.wp.com\/www.zonderdank.be\/saturnein\/wp-content\/uploads\/2022\/05\/20220528_170646.jpg?w=1080&amp;ssl=1 1080w\" sizes=\"auto, (max-width: 587px) 100vw, 587px\" \/><\/figure>\n\n\n\n<p>Het wordt een zware rit voor Meneertje Mertens, de hellingen zijn steil en hij heeft last van krampen. Maar hij haalt de finish, en hij mag trots zijn. Jens ook trouwens, een zeer fijne en sportieve compagnon de route voor Meneertje Mertens. En Jara was al even fijn gezelschap. <\/p>\n\n\n\n<figure class=\"wp-block-image aligncenter size-large is-resized\"><img data-recalc-dims=\"1\" loading=\"lazy\" decoding=\"async\" data-attachment-id=\"35660\" data-permalink=\"https:\/\/www.zonderdank.be\/saturnein\/2022\/06\/04\/week-in-beeld-week-22-3\/20220528_202910\/\" data-orig-file=\"https:\/\/i0.wp.com\/www.zonderdank.be\/saturnein\/wp-content\/uploads\/2022\/05\/20220528_202910.jpg?fit=1080%2C1080&amp;ssl=1\" data-orig-size=\"1080,1080\" data-comments-opened=\"1\" data-image-meta=\"{&quot;aperture&quot;:&quot;1.8&quot;,&quot;credit&quot;:&quot;&quot;,&quot;camera&quot;:&quot;SM-G991B&quot;,&quot;caption&quot;:&quot;&quot;,&quot;created_timestamp&quot;:&quot;1653769751&quot;,&quot;copyright&quot;:&quot;&quot;,&quot;focal_length&quot;:&quot;5.4&quot;,&quot;iso&quot;:&quot;50&quot;,&quot;shutter_speed&quot;:&quot;0.0016077170418006&quot;,&quot;title&quot;:&quot;&quot;,&quot;orientation&quot;:&quot;1&quot;}\" data-image-title=\"20220528_202910\" data-image-description=\"\" data-image-caption=\"\" data-large-file=\"https:\/\/i0.wp.com\/www.zonderdank.be\/saturnein\/wp-content\/uploads\/2022\/05\/20220528_202910.jpg?fit=1024%2C1024&amp;ssl=1\" src=\"https:\/\/i0.wp.com\/www.zonderdank.be\/saturnein\/wp-content\/uploads\/2022\/05\/20220528_202910.jpg?resize=539%2C539&#038;ssl=1\" alt=\"\" class=\"wp-image-35660\" width=\"539\" height=\"539\" srcset=\"https:\/\/i0.wp.com\/www.zonderdank.be\/saturnein\/wp-content\/uploads\/2022\/05\/20220528_202910.jpg?resize=1024%2C1024&amp;ssl=1 1024w, https:\/\/i0.wp.com\/www.zonderdank.be\/saturnein\/wp-content\/uploads\/2022\/05\/20220528_202910.jpg?resize=300%2C300&amp;ssl=1 300w, https:\/\/i0.wp.com\/www.zonderdank.be\/saturnein\/wp-content\/uploads\/2022\/05\/20220528_202910.jpg?resize=150%2C150&amp;ssl=1 150w, https:\/\/i0.wp.com\/www.zonderdank.be\/saturnein\/wp-content\/uploads\/2022\/05\/20220528_202910.jpg?resize=768%2C768&amp;ssl=1 768w, https:\/\/i0.wp.com\/www.zonderdank.be\/saturnein\/wp-content\/uploads\/2022\/05\/20220528_202910.jpg?resize=60%2C60&amp;ssl=1 60w, https:\/\/i0.wp.com\/www.zonderdank.be\/saturnein\/wp-content\/uploads\/2022\/05\/20220528_202910.jpg?resize=468%2C468&amp;ssl=1 468w, https:\/\/i0.wp.com\/www.zonderdank.be\/saturnein\/wp-content\/uploads\/2022\/05\/20220528_202910.jpg?w=1080&amp;ssl=1 1080w\" sizes=\"auto, (max-width: 539px) 100vw, 539px\" \/><\/figure>\n\n\n\n<p>Wat volgt is een zeer korte nacht. Het peloton van Jens en Meneertje Mertens kwam pas aan na 20u. Wat volgt is nog een lange verplaatsing (Huizingen &#8211; Wetteren), waarna de nacht heel kort is (4u in bed, 2u geslapen, ik toch). Voor dag en dauw zijn we onderweg voor de zondagse rit, die start in Mechelen om 7u20. Onderweg pikken we Jean Pierre op, die vandaag samen met Meneertje Mertens fietst. Gisteravond zagen we in de auto de zon ondergaan, vandaag zien we ze opkomen, met prachtige wolken. <\/p>\n\n\n\n<figure class=\"wp-block-image size-large\"><img data-recalc-dims=\"1\" loading=\"lazy\" decoding=\"async\" width=\"1024\" height=\"576\" data-attachment-id=\"35661\" data-permalink=\"https:\/\/www.zonderdank.be\/saturnein\/2022\/06\/04\/week-in-beeld-week-22-3\/20220529_053722\/\" data-orig-file=\"https:\/\/i0.wp.com\/www.zonderdank.be\/saturnein\/wp-content\/uploads\/2022\/05\/20220529_053722.jpg?fit=1920%2C1080&amp;ssl=1\" data-orig-size=\"1920,1080\" data-comments-opened=\"1\" data-image-meta=\"{&quot;aperture&quot;:&quot;1.8&quot;,&quot;credit&quot;:&quot;&quot;,&quot;camera&quot;:&quot;SM-G991B&quot;,&quot;caption&quot;:&quot;&quot;,&quot;created_timestamp&quot;:&quot;1653802643&quot;,&quot;copyright&quot;:&quot;&quot;,&quot;focal_length&quot;:&quot;5.4&quot;,&quot;iso&quot;:&quot;64&quot;,&quot;shutter_speed&quot;:&quot;0.01&quot;,&quot;title&quot;:&quot;&quot;,&quot;orientation&quot;:&quot;1&quot;}\" data-image-title=\"20220529_053722\" data-image-description=\"\" data-image-caption=\"\" data-large-file=\"https:\/\/i0.wp.com\/www.zonderdank.be\/saturnein\/wp-content\/uploads\/2022\/05\/20220529_053722.jpg?fit=1024%2C576&amp;ssl=1\" src=\"https:\/\/i0.wp.com\/www.zonderdank.be\/saturnein\/wp-content\/uploads\/2022\/05\/20220529_053722.jpg?resize=1024%2C576&#038;ssl=1\" alt=\"\" class=\"wp-image-35661\" srcset=\"https:\/\/i0.wp.com\/www.zonderdank.be\/saturnein\/wp-content\/uploads\/2022\/05\/20220529_053722.jpg?resize=1024%2C576&amp;ssl=1 1024w, https:\/\/i0.wp.com\/www.zonderdank.be\/saturnein\/wp-content\/uploads\/2022\/05\/20220529_053722.jpg?resize=300%2C169&amp;ssl=1 300w, https:\/\/i0.wp.com\/www.zonderdank.be\/saturnein\/wp-content\/uploads\/2022\/05\/20220529_053722.jpg?resize=768%2C432&amp;ssl=1 768w, https:\/\/i0.wp.com\/www.zonderdank.be\/saturnein\/wp-content\/uploads\/2022\/05\/20220529_053722.jpg?resize=1536%2C864&amp;ssl=1 1536w, https:\/\/i0.wp.com\/www.zonderdank.be\/saturnein\/wp-content\/uploads\/2022\/05\/20220529_053722.jpg?resize=107%2C60&amp;ssl=1 107w, https:\/\/i0.wp.com\/www.zonderdank.be\/saturnein\/wp-content\/uploads\/2022\/05\/20220529_053722.jpg?w=1920&amp;ssl=1 1920w\" sizes=\"auto, (max-width: 1000px) 100vw, 1000px\" \/><\/figure>\n\n\n\n<p>In Mechelen kan ik het niet laten de obligate vlagjesfoto te maken, blijft een mooi beeld (maar toch een beetje minder mooi dan op de Grote Markt).<\/p>\n\n\n\n<figure class=\"wp-block-image size-large\"><img data-recalc-dims=\"1\" loading=\"lazy\" decoding=\"async\" width=\"1024\" height=\"576\" data-attachment-id=\"35662\" data-permalink=\"https:\/\/www.zonderdank.be\/saturnein\/2022\/06\/04\/week-in-beeld-week-22-3\/20220529_063452\/\" data-orig-file=\"https:\/\/i0.wp.com\/www.zonderdank.be\/saturnein\/wp-content\/uploads\/2022\/05\/20220529_063452.jpg?fit=1920%2C1080&amp;ssl=1\" data-orig-size=\"1920,1080\" data-comments-opened=\"1\" data-image-meta=\"{&quot;aperture&quot;:&quot;1.8&quot;,&quot;credit&quot;:&quot;&quot;,&quot;camera&quot;:&quot;SM-G991B&quot;,&quot;caption&quot;:&quot;&quot;,&quot;created_timestamp&quot;:&quot;1653806092&quot;,&quot;copyright&quot;:&quot;&quot;,&quot;focal_length&quot;:&quot;5.4&quot;,&quot;iso&quot;:&quot;50&quot;,&quot;shutter_speed&quot;:&quot;0.0009727626459144&quot;,&quot;title&quot;:&quot;&quot;,&quot;orientation&quot;:&quot;1&quot;}\" data-image-title=\"20220529_063452\" data-image-description=\"\" data-image-caption=\"\" data-large-file=\"https:\/\/i0.wp.com\/www.zonderdank.be\/saturnein\/wp-content\/uploads\/2022\/05\/20220529_063452.jpg?fit=1024%2C576&amp;ssl=1\" src=\"https:\/\/i0.wp.com\/www.zonderdank.be\/saturnein\/wp-content\/uploads\/2022\/05\/20220529_063452.jpg?resize=1024%2C576&#038;ssl=1\" alt=\"\" class=\"wp-image-35662\" srcset=\"https:\/\/i0.wp.com\/www.zonderdank.be\/saturnein\/wp-content\/uploads\/2022\/05\/20220529_063452.jpg?resize=1024%2C576&amp;ssl=1 1024w, https:\/\/i0.wp.com\/www.zonderdank.be\/saturnein\/wp-content\/uploads\/2022\/05\/20220529_063452.jpg?resize=300%2C169&amp;ssl=1 300w, https:\/\/i0.wp.com\/www.zonderdank.be\/saturnein\/wp-content\/uploads\/2022\/05\/20220529_063452.jpg?resize=768%2C432&amp;ssl=1 768w, https:\/\/i0.wp.com\/www.zonderdank.be\/saturnein\/wp-content\/uploads\/2022\/05\/20220529_063452.jpg?resize=1536%2C864&amp;ssl=1 1536w, https:\/\/i0.wp.com\/www.zonderdank.be\/saturnein\/wp-content\/uploads\/2022\/05\/20220529_063452.jpg?resize=107%2C60&amp;ssl=1 107w, https:\/\/i0.wp.com\/www.zonderdank.be\/saturnein\/wp-content\/uploads\/2022\/05\/20220529_063452.jpg?w=1920&amp;ssl=1 1920w\" sizes=\"auto, (max-width: 1000px) 100vw, 1000px\" \/><\/figure>\n\n\n\n<p>Klaar voor vertrek. <\/p>\n\n\n\n<figure class=\"wp-block-image size-large\"><img data-recalc-dims=\"1\" loading=\"lazy\" decoding=\"async\" width=\"1024\" height=\"576\" data-attachment-id=\"35664\" data-permalink=\"https:\/\/www.zonderdank.be\/saturnein\/2022\/06\/04\/week-in-beeld-week-22-3\/20220529_064206\/\" data-orig-file=\"https:\/\/i0.wp.com\/www.zonderdank.be\/saturnein\/wp-content\/uploads\/2022\/05\/20220529_064206.jpg?fit=1920%2C1080&amp;ssl=1\" data-orig-size=\"1920,1080\" data-comments-opened=\"1\" data-image-meta=\"{&quot;aperture&quot;:&quot;1.8&quot;,&quot;credit&quot;:&quot;&quot;,&quot;camera&quot;:&quot;SM-G991B&quot;,&quot;caption&quot;:&quot;&quot;,&quot;created_timestamp&quot;:&quot;1653806526&quot;,&quot;copyright&quot;:&quot;&quot;,&quot;focal_length&quot;:&quot;5.4&quot;,&quot;iso&quot;:&quot;50&quot;,&quot;shutter_speed&quot;:&quot;0.0014245014245014&quot;,&quot;title&quot;:&quot;&quot;,&quot;orientation&quot;:&quot;1&quot;}\" data-image-title=\"20220529_064206\" data-image-description=\"\" data-image-caption=\"\" data-large-file=\"https:\/\/i0.wp.com\/www.zonderdank.be\/saturnein\/wp-content\/uploads\/2022\/05\/20220529_064206.jpg?fit=1024%2C576&amp;ssl=1\" src=\"https:\/\/i0.wp.com\/www.zonderdank.be\/saturnein\/wp-content\/uploads\/2022\/05\/20220529_064206.jpg?resize=1024%2C576&#038;ssl=1\" alt=\"\" class=\"wp-image-35664\" srcset=\"https:\/\/i0.wp.com\/www.zonderdank.be\/saturnein\/wp-content\/uploads\/2022\/05\/20220529_064206.jpg?resize=1024%2C576&amp;ssl=1 1024w, https:\/\/i0.wp.com\/www.zonderdank.be\/saturnein\/wp-content\/uploads\/2022\/05\/20220529_064206.jpg?resize=300%2C169&amp;ssl=1 300w, https:\/\/i0.wp.com\/www.zonderdank.be\/saturnein\/wp-content\/uploads\/2022\/05\/20220529_064206.jpg?resize=768%2C432&amp;ssl=1 768w, https:\/\/i0.wp.com\/www.zonderdank.be\/saturnein\/wp-content\/uploads\/2022\/05\/20220529_064206.jpg?resize=1536%2C864&amp;ssl=1 1536w, https:\/\/i0.wp.com\/www.zonderdank.be\/saturnein\/wp-content\/uploads\/2022\/05\/20220529_064206.jpg?resize=107%2C60&amp;ssl=1 107w, https:\/\/i0.wp.com\/www.zonderdank.be\/saturnein\/wp-content\/uploads\/2022\/05\/20220529_064206.jpg?w=1920&amp;ssl=1 1920w\" sizes=\"auto, (max-width: 1000px) 100vw, 1000px\" \/><\/figure>\n\n\n\n<p>Milan en ik rijden regelmatig eens een stuk achter een peloton aan (niet noodzakelijk dat van Meneertje Mertens). <\/p>\n\n\n\n<figure class=\"wp-block-image aligncenter size-large is-resized\"><img data-recalc-dims=\"1\" loading=\"lazy\" decoding=\"async\" data-attachment-id=\"35665\" data-permalink=\"https:\/\/www.zonderdank.be\/saturnein\/2022\/06\/04\/week-in-beeld-week-22-3\/20220529_072847\/\" data-orig-file=\"https:\/\/i0.wp.com\/www.zonderdank.be\/saturnein\/wp-content\/uploads\/2022\/05\/20220529_072847.jpg?fit=1080%2C1440&amp;ssl=1\" data-orig-size=\"1080,1440\" data-comments-opened=\"1\" data-image-meta=\"{&quot;aperture&quot;:&quot;1.8&quot;,&quot;credit&quot;:&quot;&quot;,&quot;camera&quot;:&quot;SM-G991B&quot;,&quot;caption&quot;:&quot;&quot;,&quot;created_timestamp&quot;:&quot;1653809327&quot;,&quot;copyright&quot;:&quot;&quot;,&quot;focal_length&quot;:&quot;5.4&quot;,&quot;iso&quot;:&quot;50&quot;,&quot;shutter_speed&quot;:&quot;0.00087412587412587&quot;,&quot;title&quot;:&quot;&quot;,&quot;orientation&quot;:&quot;1&quot;}\" data-image-title=\"20220529_072847\" data-image-description=\"\" data-image-caption=\"\" data-large-file=\"https:\/\/i0.wp.com\/www.zonderdank.be\/saturnein\/wp-content\/uploads\/2022\/05\/20220529_072847.jpg?fit=768%2C1024&amp;ssl=1\" src=\"https:\/\/i0.wp.com\/www.zonderdank.be\/saturnein\/wp-content\/uploads\/2022\/05\/20220529_072847.jpg?resize=514%2C685&#038;ssl=1\" alt=\"\" class=\"wp-image-35665\" width=\"514\" height=\"685\" srcset=\"https:\/\/i0.wp.com\/www.zonderdank.be\/saturnein\/wp-content\/uploads\/2022\/05\/20220529_072847.jpg?resize=768%2C1024&amp;ssl=1 768w, https:\/\/i0.wp.com\/www.zonderdank.be\/saturnein\/wp-content\/uploads\/2022\/05\/20220529_072847.jpg?resize=225%2C300&amp;ssl=1 225w, https:\/\/i0.wp.com\/www.zonderdank.be\/saturnein\/wp-content\/uploads\/2022\/05\/20220529_072847.jpg?resize=45%2C60&amp;ssl=1 45w, https:\/\/i0.wp.com\/www.zonderdank.be\/saturnein\/wp-content\/uploads\/2022\/05\/20220529_072847.jpg?w=1080&amp;ssl=1 1080w\" sizes=\"auto, (max-width: 514px) 100vw, 514px\" \/><\/figure>\n\n\n\n<p>In Aalter staan alle moto&#8217;s samen, dit is ongeveer de helft ervan. Mooi op een rij. Zalig fotomateriaal. De organisatie van dit jaarlijkse evenement is fantastisch, alles verloopt echt gesmeerd. Wat een titanenwerk moet dit elk jaar opnieuw zijn. <\/p>\n\n\n\n<figure class=\"wp-block-image size-large\"><img data-recalc-dims=\"1\" loading=\"lazy\" decoding=\"async\" width=\"1024\" height=\"576\" data-attachment-id=\"35666\" data-permalink=\"https:\/\/www.zonderdank.be\/saturnein\/2022\/06\/04\/week-in-beeld-week-22-3\/20220529_125119\/\" data-orig-file=\"https:\/\/i0.wp.com\/www.zonderdank.be\/saturnein\/wp-content\/uploads\/2022\/05\/20220529_125119.jpg?fit=1920%2C1080&amp;ssl=1\" data-orig-size=\"1920,1080\" data-comments-opened=\"1\" data-image-meta=\"{&quot;aperture&quot;:&quot;1.8&quot;,&quot;credit&quot;:&quot;&quot;,&quot;camera&quot;:&quot;SM-G991B&quot;,&quot;caption&quot;:&quot;&quot;,&quot;created_timestamp&quot;:&quot;1653828679&quot;,&quot;copyright&quot;:&quot;&quot;,&quot;focal_length&quot;:&quot;5.4&quot;,&quot;iso&quot;:&quot;50&quot;,&quot;shutter_speed&quot;:&quot;0.00055309734513274&quot;,&quot;title&quot;:&quot;&quot;,&quot;orientation&quot;:&quot;1&quot;}\" data-image-title=\"20220529_125119\" data-image-description=\"\" data-image-caption=\"\" data-large-file=\"https:\/\/i0.wp.com\/www.zonderdank.be\/saturnein\/wp-content\/uploads\/2022\/05\/20220529_125119.jpg?fit=1024%2C576&amp;ssl=1\" src=\"https:\/\/i0.wp.com\/www.zonderdank.be\/saturnein\/wp-content\/uploads\/2022\/05\/20220529_125119.jpg?resize=1024%2C576&#038;ssl=1\" alt=\"\" class=\"wp-image-35666\" srcset=\"https:\/\/i0.wp.com\/www.zonderdank.be\/saturnein\/wp-content\/uploads\/2022\/05\/20220529_125119.jpg?resize=1024%2C576&amp;ssl=1 1024w, https:\/\/i0.wp.com\/www.zonderdank.be\/saturnein\/wp-content\/uploads\/2022\/05\/20220529_125119.jpg?resize=300%2C169&amp;ssl=1 300w, https:\/\/i0.wp.com\/www.zonderdank.be\/saturnein\/wp-content\/uploads\/2022\/05\/20220529_125119.jpg?resize=768%2C432&amp;ssl=1 768w, https:\/\/i0.wp.com\/www.zonderdank.be\/saturnein\/wp-content\/uploads\/2022\/05\/20220529_125119.jpg?resize=1536%2C864&amp;ssl=1 1536w, https:\/\/i0.wp.com\/www.zonderdank.be\/saturnein\/wp-content\/uploads\/2022\/05\/20220529_125119.jpg?resize=107%2C60&amp;ssl=1 107w, https:\/\/i0.wp.com\/www.zonderdank.be\/saturnein\/wp-content\/uploads\/2022\/05\/20220529_125119.jpg?w=1920&amp;ssl=1 1920w\" sizes=\"auto, (max-width: 1000px) 100vw, 1000px\" \/><\/figure>\n\n\n\n<p>Aangekomen. Meneertje Mertens lette er deze keer goed op om op tijd te drinken, om de krampen voor te zijn. En dat lukte goed. De hellingen deerden hem deze keer niet. Het zijn helden, onze fietsers. Jean Pierre is erg blij dat hij nog eens kan meefietsen, het is toch elke keer weer een ervaring apart. <\/p>\n\n\n\n<figure class=\"wp-block-image aligncenter size-large is-resized\"><img data-recalc-dims=\"1\" decoding=\"async\" data-attachment-id=\"35667\" data-permalink=\"https:\/\/www.zonderdank.be\/saturnein\/2022\/06\/04\/week-in-beeld-week-22-3\/20220529_133129\/\" data-orig-file=\"https:\/\/i0.wp.com\/www.zonderdank.be\/saturnein\/wp-content\/uploads\/2022\/05\/20220529_133129.jpg?fit=1080%2C1080&amp;ssl=1\" data-orig-size=\"1080,1080\" data-comments-opened=\"1\" data-image-meta=\"{&quot;aperture&quot;:&quot;1.8&quot;,&quot;credit&quot;:&quot;&quot;,&quot;camera&quot;:&quot;SM-G991B&quot;,&quot;caption&quot;:&quot;&quot;,&quot;created_timestamp&quot;:&quot;1653831089&quot;,&quot;copyright&quot;:&quot;&quot;,&quot;focal_length&quot;:&quot;5.4&quot;,&quot;iso&quot;:&quot;50&quot;,&quot;shutter_speed&quot;:&quot;0.00061576354679803&quot;,&quot;title&quot;:&quot;&quot;,&quot;orientation&quot;:&quot;1&quot;}\" data-image-title=\"20220529_133129\" data-image-description=\"\" data-image-caption=\"\" data-large-file=\"https:\/\/i0.wp.com\/www.zonderdank.be\/saturnein\/wp-content\/uploads\/2022\/05\/20220529_133129.jpg?fit=1024%2C1024&amp;ssl=1\" src=\"https:\/\/i0.wp.com\/www.zonderdank.be\/saturnein\/wp-content\/uploads\/2022\/05\/20220529_133129.jpg?resize=1024%2C1024&#038;ssl=1\" alt=\"\" class=\"wp-image-35667\" width=\"1024\" height=\"1024\" srcset=\"https:\/\/i0.wp.com\/www.zonderdank.be\/saturnein\/wp-content\/uploads\/2022\/05\/20220529_133129.jpg?resize=1024%2C1024&amp;ssl=1 1024w, https:\/\/i0.wp.com\/www.zonderdank.be\/saturnein\/wp-content\/uploads\/2022\/05\/20220529_133129.jpg?resize=300%2C300&amp;ssl=1 300w, https:\/\/i0.wp.com\/www.zonderdank.be\/saturnein\/wp-content\/uploads\/2022\/05\/20220529_133129.jpg?resize=150%2C150&amp;ssl=1 150w, https:\/\/i0.wp.com\/www.zonderdank.be\/saturnein\/wp-content\/uploads\/2022\/05\/20220529_133129.jpg?resize=768%2C768&amp;ssl=1 768w, https:\/\/i0.wp.com\/www.zonderdank.be\/saturnein\/wp-content\/uploads\/2022\/05\/20220529_133129.jpg?resize=60%2C60&amp;ssl=1 60w, https:\/\/i0.wp.com\/www.zonderdank.be\/saturnein\/wp-content\/uploads\/2022\/05\/20220529_133129.jpg?resize=468%2C468&amp;ssl=1 468w, https:\/\/i0.wp.com\/www.zonderdank.be\/saturnein\/wp-content\/uploads\/2022\/05\/20220529_133129.jpg?w=1080&amp;ssl=1 1080w\" sizes=\"(max-width: 1000px) 100vw, 1000px\" \/><\/figure>\n\n\n\n<p>Naar het eindfeest in Mechelen rijden we niet meer, we zijn veel te moe. Jean Pierre thuis afzetten, Milan thuis afzetten en aldaar ook eten (duizendmaal dank Sara voor het eten en voor het afstaan van je kersverse echtgenoot voor een quasi volledig weekend, en hem dan nog compleet uitgewoond terug te krijgen ook), en dan rijden we naar huis. We halen het hoogst noodzakelijke uit de campervan, en houden de opkuis voor morgenochtend. Ons eigen bed is heerlijk. <\/p>\n\n\n\n<figure class=\"wp-block-image aligncenter size-large is-resized\"><img data-recalc-dims=\"1\" loading=\"lazy\" decoding=\"async\" data-attachment-id=\"35668\" data-permalink=\"https:\/\/www.zonderdank.be\/saturnein\/2022\/06\/04\/week-in-beeld-week-22-3\/20220529_192650\/\" data-orig-file=\"https:\/\/i0.wp.com\/www.zonderdank.be\/saturnein\/wp-content\/uploads\/2022\/05\/20220529_192650.jpg?fit=1080%2C1441&amp;ssl=1\" data-orig-size=\"1080,1441\" data-comments-opened=\"1\" data-image-meta=\"{&quot;aperture&quot;:&quot;1.8&quot;,&quot;credit&quot;:&quot;&quot;,&quot;camera&quot;:&quot;SM-G991B&quot;,&quot;caption&quot;:&quot;&quot;,&quot;created_timestamp&quot;:&quot;1653852410&quot;,&quot;copyright&quot;:&quot;&quot;,&quot;focal_length&quot;:&quot;5.4&quot;,&quot;iso&quot;:&quot;50&quot;,&quot;shutter_speed&quot;:&quot;0.003125&quot;,&quot;title&quot;:&quot;&quot;,&quot;orientation&quot;:&quot;1&quot;}\" data-image-title=\"20220529_192650\" data-image-description=\"\" data-image-caption=\"\" data-large-file=\"https:\/\/i0.wp.com\/www.zonderdank.be\/saturnein\/wp-content\/uploads\/2022\/05\/20220529_192650.jpg?fit=767%2C1024&amp;ssl=1\" src=\"https:\/\/i0.wp.com\/www.zonderdank.be\/saturnein\/wp-content\/uploads\/2022\/05\/20220529_192650.jpg?resize=563%2C751&#038;ssl=1\" alt=\"\" class=\"wp-image-35668\" width=\"563\" height=\"751\" srcset=\"https:\/\/i0.wp.com\/www.zonderdank.be\/saturnein\/wp-content\/uploads\/2022\/05\/20220529_192650.jpg?resize=767%2C1024&amp;ssl=1 767w, https:\/\/i0.wp.com\/www.zonderdank.be\/saturnein\/wp-content\/uploads\/2022\/05\/20220529_192650.jpg?resize=225%2C300&amp;ssl=1 225w, https:\/\/i0.wp.com\/www.zonderdank.be\/saturnein\/wp-content\/uploads\/2022\/05\/20220529_192650.jpg?resize=768%2C1025&amp;ssl=1 768w, https:\/\/i0.wp.com\/www.zonderdank.be\/saturnein\/wp-content\/uploads\/2022\/05\/20220529_192650.jpg?resize=45%2C60&amp;ssl=1 45w, https:\/\/i0.wp.com\/www.zonderdank.be\/saturnein\/wp-content\/uploads\/2022\/05\/20220529_192650.jpg?w=1080&amp;ssl=1 1080w\" sizes=\"auto, (max-width: 563px) 100vw, 563px\" \/><\/figure>\n\n\n\n<p>&#8217;s Ochtends maken we de campervan leeg, ik ruim een deel op terwijl Meneertje Mertens de campervan poetst. Carwash, voltanken, lozen, en naar Beveren-Leie om de campervan in te leveren. We zijn blij dat we nu ook eens een campervan uitgeprobeerd hebben. Goed voor een weekend, vinden we, maar een hele vakantie zou moeilijk worden. Beetje t\u00e9 klein, beetje t\u00e9 dicht op elkaar, ik heb behoorlijk wat blauwe plekken door tegen vanalles te botsen (mijn hoofd jongens, amai). Het bed is voor mij ook n\u00e9t iets te kort. Milan met zijn 1m95 kan er niet rechtop in staan, hij zou er al helemaal niet in kunnen slapen. Maar zoals gezegd: toch wel leuk dat we ook dit eens konden uitproberen. <\/p>\n\n\n\n<p>Ik zou nog uren kunnen vertellen over het afgelopen weekend, maar voor de Week in beeld volstaat dit echt al wel.<\/p>\n\n\n\n<p>Op woensdag ga ik eens naar mijn meisjes, dat was lang geleden. De zolder werd getransformeerd naar een kamer voor Pipa, het is keimooi geworden. <\/p>\n\n\n\n<figure class=\"wp-block-image aligncenter size-large is-resized\"><img data-recalc-dims=\"1\" loading=\"lazy\" decoding=\"async\" data-attachment-id=\"35685\" data-permalink=\"https:\/\/www.zonderdank.be\/saturnein\/2022\/06\/04\/week-in-beeld-week-22-3\/20220601_125950\/\" data-orig-file=\"https:\/\/i0.wp.com\/www.zonderdank.be\/saturnein\/wp-content\/uploads\/2022\/06\/20220601_125950.jpg?fit=1080%2C1080&amp;ssl=1\" data-orig-size=\"1080,1080\" data-comments-opened=\"1\" data-image-meta=\"{&quot;aperture&quot;:&quot;1.8&quot;,&quot;credit&quot;:&quot;&quot;,&quot;camera&quot;:&quot;SM-G991B&quot;,&quot;caption&quot;:&quot;&quot;,&quot;created_timestamp&quot;:&quot;1654088390&quot;,&quot;copyright&quot;:&quot;&quot;,&quot;focal_length&quot;:&quot;5.4&quot;,&quot;iso&quot;:&quot;64&quot;,&quot;shutter_speed&quot;:&quot;0.01&quot;,&quot;title&quot;:&quot;&quot;,&quot;orientation&quot;:&quot;1&quot;}\" data-image-title=\"20220601_125950\" data-image-description=\"\" data-image-caption=\"\" data-large-file=\"https:\/\/i0.wp.com\/www.zonderdank.be\/saturnein\/wp-content\/uploads\/2022\/06\/20220601_125950.jpg?fit=1024%2C1024&amp;ssl=1\" src=\"https:\/\/i0.wp.com\/www.zonderdank.be\/saturnein\/wp-content\/uploads\/2022\/06\/20220601_125950.jpg?resize=482%2C482&#038;ssl=1\" alt=\"\" class=\"wp-image-35685\" width=\"482\" height=\"482\" srcset=\"https:\/\/i0.wp.com\/www.zonderdank.be\/saturnein\/wp-content\/uploads\/2022\/06\/20220601_125950.jpg?resize=1024%2C1024&amp;ssl=1 1024w, https:\/\/i0.wp.com\/www.zonderdank.be\/saturnein\/wp-content\/uploads\/2022\/06\/20220601_125950.jpg?resize=300%2C300&amp;ssl=1 300w, https:\/\/i0.wp.com\/www.zonderdank.be\/saturnein\/wp-content\/uploads\/2022\/06\/20220601_125950.jpg?resize=150%2C150&amp;ssl=1 150w, https:\/\/i0.wp.com\/www.zonderdank.be\/saturnein\/wp-content\/uploads\/2022\/06\/20220601_125950.jpg?resize=768%2C768&amp;ssl=1 768w, https:\/\/i0.wp.com\/www.zonderdank.be\/saturnein\/wp-content\/uploads\/2022\/06\/20220601_125950.jpg?resize=60%2C60&amp;ssl=1 60w, https:\/\/i0.wp.com\/www.zonderdank.be\/saturnein\/wp-content\/uploads\/2022\/06\/20220601_125950.jpg?resize=468%2C468&amp;ssl=1 468w, https:\/\/i0.wp.com\/www.zonderdank.be\/saturnein\/wp-content\/uploads\/2022\/06\/20220601_125950.jpg?w=1080&amp;ssl=1 1080w\" sizes=\"auto, (max-width: 482px) 100vw, 482px\" \/><\/figure>\n\n\n\n<p>Opa maakt foto&#8217;s, Pipa wil een boos gezichtje trekken. Blijkt goed te lukken. <\/p>\n\n\n\n<figure class=\"wp-block-image size-large\"><img data-recalc-dims=\"1\" loading=\"lazy\" decoding=\"async\" width=\"1024\" height=\"577\" data-attachment-id=\"35687\" data-permalink=\"https:\/\/www.zonderdank.be\/saturnein\/2022\/06\/04\/week-in-beeld-week-22-3\/20220601_141114\/\" data-orig-file=\"https:\/\/i0.wp.com\/www.zonderdank.be\/saturnein\/wp-content\/uploads\/2022\/06\/20220601_141114.jpg?fit=1918%2C1080&amp;ssl=1\" data-orig-size=\"1918,1080\" data-comments-opened=\"1\" data-image-meta=\"{&quot;aperture&quot;:&quot;2.4&quot;,&quot;credit&quot;:&quot;&quot;,&quot;camera&quot;:&quot;SM-S908B&quot;,&quot;caption&quot;:&quot;&quot;,&quot;created_timestamp&quot;:&quot;1654092675&quot;,&quot;copyright&quot;:&quot;&quot;,&quot;focal_length&quot;:&quot;7.9&quot;,&quot;iso&quot;:&quot;50&quot;,&quot;shutter_speed&quot;:&quot;0.01&quot;,&quot;title&quot;:&quot;&quot;,&quot;orientation&quot;:&quot;1&quot;}\" data-image-title=\"20220601_141114\" data-image-description=\"\" data-image-caption=\"\" data-large-file=\"https:\/\/i0.wp.com\/www.zonderdank.be\/saturnein\/wp-content\/uploads\/2022\/06\/20220601_141114.jpg?fit=1024%2C577&amp;ssl=1\" src=\"https:\/\/i0.wp.com\/www.zonderdank.be\/saturnein\/wp-content\/uploads\/2022\/06\/20220601_141114.jpg?resize=1024%2C577&#038;ssl=1\" alt=\"\" class=\"wp-image-35687\" srcset=\"https:\/\/i0.wp.com\/www.zonderdank.be\/saturnein\/wp-content\/uploads\/2022\/06\/20220601_141114.jpg?resize=1024%2C577&amp;ssl=1 1024w, https:\/\/i0.wp.com\/www.zonderdank.be\/saturnein\/wp-content\/uploads\/2022\/06\/20220601_141114.jpg?resize=300%2C169&amp;ssl=1 300w, https:\/\/i0.wp.com\/www.zonderdank.be\/saturnein\/wp-content\/uploads\/2022\/06\/20220601_141114.jpg?resize=768%2C432&amp;ssl=1 768w, https:\/\/i0.wp.com\/www.zonderdank.be\/saturnein\/wp-content\/uploads\/2022\/06\/20220601_141114.jpg?resize=1536%2C865&amp;ssl=1 1536w, https:\/\/i0.wp.com\/www.zonderdank.be\/saturnein\/wp-content\/uploads\/2022\/06\/20220601_141114.jpg?resize=107%2C60&amp;ssl=1 107w, https:\/\/i0.wp.com\/www.zonderdank.be\/saturnein\/wp-content\/uploads\/2022\/06\/20220601_141114.jpg?w=1918&amp;ssl=1 1918w\" sizes=\"auto, (max-width: 1000px) 100vw, 1000px\" \/><\/figure>\n\n\n\n<p>Maar al snel zie je een lachje verschijnen. Deugnietje. <\/p>\n\n\n\n<figure class=\"wp-block-image size-large\"><img data-recalc-dims=\"1\" loading=\"lazy\" decoding=\"async\" width=\"1024\" height=\"577\" data-attachment-id=\"35688\" data-permalink=\"https:\/\/www.zonderdank.be\/saturnein\/2022\/06\/04\/week-in-beeld-week-22-3\/20220601_141121\/\" data-orig-file=\"https:\/\/i0.wp.com\/www.zonderdank.be\/saturnein\/wp-content\/uploads\/2022\/06\/20220601_141121.jpg?fit=1918%2C1080&amp;ssl=1\" data-orig-size=\"1918,1080\" data-comments-opened=\"1\" data-image-meta=\"{&quot;aperture&quot;:&quot;2.4&quot;,&quot;credit&quot;:&quot;&quot;,&quot;camera&quot;:&quot;SM-S908B&quot;,&quot;caption&quot;:&quot;&quot;,&quot;created_timestamp&quot;:&quot;1654092681&quot;,&quot;copyright&quot;:&quot;&quot;,&quot;focal_length&quot;:&quot;7.9&quot;,&quot;iso&quot;:&quot;50&quot;,&quot;shutter_speed&quot;:&quot;0.01&quot;,&quot;title&quot;:&quot;&quot;,&quot;orientation&quot;:&quot;1&quot;}\" data-image-title=\"20220601_141121\" data-image-description=\"\" data-image-caption=\"\" data-large-file=\"https:\/\/i0.wp.com\/www.zonderdank.be\/saturnein\/wp-content\/uploads\/2022\/06\/20220601_141121.jpg?fit=1024%2C577&amp;ssl=1\" src=\"https:\/\/i0.wp.com\/www.zonderdank.be\/saturnein\/wp-content\/uploads\/2022\/06\/20220601_141121.jpg?resize=1024%2C577&#038;ssl=1\" alt=\"\" class=\"wp-image-35688\" srcset=\"https:\/\/i0.wp.com\/www.zonderdank.be\/saturnein\/wp-content\/uploads\/2022\/06\/20220601_141121.jpg?resize=1024%2C577&amp;ssl=1 1024w, https:\/\/i0.wp.com\/www.zonderdank.be\/saturnein\/wp-content\/uploads\/2022\/06\/20220601_141121.jpg?resize=300%2C169&amp;ssl=1 300w, https:\/\/i0.wp.com\/www.zonderdank.be\/saturnein\/wp-content\/uploads\/2022\/06\/20220601_141121.jpg?resize=768%2C432&amp;ssl=1 768w, https:\/\/i0.wp.com\/www.zonderdank.be\/saturnein\/wp-content\/uploads\/2022\/06\/20220601_141121.jpg?resize=1536%2C865&amp;ssl=1 1536w, https:\/\/i0.wp.com\/www.zonderdank.be\/saturnein\/wp-content\/uploads\/2022\/06\/20220601_141121.jpg?resize=107%2C60&amp;ssl=1 107w, https:\/\/i0.wp.com\/www.zonderdank.be\/saturnein\/wp-content\/uploads\/2022\/06\/20220601_141121.jpg?w=1918&amp;ssl=1 1918w\" sizes=\"auto, (max-width: 1000px) 100vw, 1000px\" \/><\/figure>\n\n\n\n<p>Pipa met de zevenmijlslaarzen. How cute!<\/p>\n\n\n\n<figure class=\"wp-block-image size-large\"><img data-recalc-dims=\"1\" loading=\"lazy\" decoding=\"async\" width=\"1024\" height=\"1024\" data-attachment-id=\"35686\" data-permalink=\"https:\/\/www.zonderdank.be\/saturnein\/2022\/06\/04\/week-in-beeld-week-22-3\/20220601_140958\/\" data-orig-file=\"https:\/\/i0.wp.com\/www.zonderdank.be\/saturnein\/wp-content\/uploads\/2022\/06\/20220601_140958.jpg?fit=1696%2C1696&amp;ssl=1\" data-orig-size=\"1696,1696\" data-comments-opened=\"1\" data-image-meta=\"{&quot;aperture&quot;:&quot;1.8&quot;,&quot;credit&quot;:&quot;&quot;,&quot;camera&quot;:&quot;SM-G991B&quot;,&quot;caption&quot;:&quot;&quot;,&quot;created_timestamp&quot;:&quot;1654092599&quot;,&quot;copyright&quot;:&quot;&quot;,&quot;focal_length&quot;:&quot;5.4&quot;,&quot;iso&quot;:&quot;200&quot;,&quot;shutter_speed&quot;:&quot;0.01&quot;,&quot;title&quot;:&quot;&quot;,&quot;orientation&quot;:&quot;1&quot;}\" data-image-title=\"20220601_140958\" data-image-description=\"\" data-image-caption=\"\" data-large-file=\"https:\/\/i0.wp.com\/www.zonderdank.be\/saturnein\/wp-content\/uploads\/2022\/06\/20220601_140958.jpg?fit=1024%2C1024&amp;ssl=1\" src=\"https:\/\/i0.wp.com\/www.zonderdank.be\/saturnein\/wp-content\/uploads\/2022\/06\/20220601_140958.jpg?resize=1024%2C1024&#038;ssl=1\" alt=\"\" class=\"wp-image-35686\" srcset=\"https:\/\/i0.wp.com\/www.zonderdank.be\/saturnein\/wp-content\/uploads\/2022\/06\/20220601_140958.jpg?resize=1024%2C1024&amp;ssl=1 1024w, https:\/\/i0.wp.com\/www.zonderdank.be\/saturnein\/wp-content\/uploads\/2022\/06\/20220601_140958.jpg?resize=300%2C300&amp;ssl=1 300w, https:\/\/i0.wp.com\/www.zonderdank.be\/saturnein\/wp-content\/uploads\/2022\/06\/20220601_140958.jpg?resize=150%2C150&amp;ssl=1 150w, https:\/\/i0.wp.com\/www.zonderdank.be\/saturnein\/wp-content\/uploads\/2022\/06\/20220601_140958.jpg?resize=768%2C768&amp;ssl=1 768w, https:\/\/i0.wp.com\/www.zonderdank.be\/saturnein\/wp-content\/uploads\/2022\/06\/20220601_140958.jpg?resize=1536%2C1536&amp;ssl=1 1536w, https:\/\/i0.wp.com\/www.zonderdank.be\/saturnein\/wp-content\/uploads\/2022\/06\/20220601_140958.jpg?resize=60%2C60&amp;ssl=1 60w, https:\/\/i0.wp.com\/www.zonderdank.be\/saturnein\/wp-content\/uploads\/2022\/06\/20220601_140958.jpg?resize=468%2C468&amp;ssl=1 468w, https:\/\/i0.wp.com\/www.zonderdank.be\/saturnein\/wp-content\/uploads\/2022\/06\/20220601_140958.jpg?w=1696&amp;ssl=1 1696w\" sizes=\"auto, (max-width: 1000px) 100vw, 1000px\" \/><\/figure>\n\n\n\n<p>Donderdagnamiddag vertrekken we voor een weekendje Friesland. We verblijven met mijn ma en Herman in vakantiepark RCN De Potten aan het Sneekermeer. <\/p>\n\n\n\n<figure class=\"wp-block-image size-large\"><img data-recalc-dims=\"1\" loading=\"lazy\" decoding=\"async\" width=\"1024\" height=\"576\" data-attachment-id=\"35696\" data-permalink=\"https:\/\/www.zonderdank.be\/saturnein\/2022\/06\/04\/week-in-beeld-week-22-3\/20220602_194843\/\" data-orig-file=\"https:\/\/i0.wp.com\/www.zonderdank.be\/saturnein\/wp-content\/uploads\/2022\/06\/20220602_194843.jpg?fit=1920%2C1080&amp;ssl=1\" data-orig-size=\"1920,1080\" data-comments-opened=\"1\" data-image-meta=\"{&quot;aperture&quot;:&quot;1.8&quot;,&quot;credit&quot;:&quot;&quot;,&quot;camera&quot;:&quot;SM-G991B&quot;,&quot;caption&quot;:&quot;&quot;,&quot;created_timestamp&quot;:&quot;1654199323&quot;,&quot;copyright&quot;:&quot;&quot;,&quot;focal_length&quot;:&quot;5.4&quot;,&quot;iso&quot;:&quot;50&quot;,&quot;shutter_speed&quot;:&quot;0.00047169811320755&quot;,&quot;title&quot;:&quot;&quot;,&quot;orientation&quot;:&quot;1&quot;}\" data-image-title=\"20220602_194843\" data-image-description=\"\" data-image-caption=\"\" data-large-file=\"https:\/\/i0.wp.com\/www.zonderdank.be\/saturnein\/wp-content\/uploads\/2022\/06\/20220602_194843.jpg?fit=1024%2C576&amp;ssl=1\" src=\"https:\/\/i0.wp.com\/www.zonderdank.be\/saturnein\/wp-content\/uploads\/2022\/06\/20220602_194843.jpg?resize=1024%2C576&#038;ssl=1\" alt=\"\" class=\"wp-image-35696\" srcset=\"https:\/\/i0.wp.com\/www.zonderdank.be\/saturnein\/wp-content\/uploads\/2022\/06\/20220602_194843.jpg?resize=1024%2C576&amp;ssl=1 1024w, https:\/\/i0.wp.com\/www.zonderdank.be\/saturnein\/wp-content\/uploads\/2022\/06\/20220602_194843.jpg?resize=300%2C169&amp;ssl=1 300w, https:\/\/i0.wp.com\/www.zonderdank.be\/saturnein\/wp-content\/uploads\/2022\/06\/20220602_194843.jpg?resize=768%2C432&amp;ssl=1 768w, https:\/\/i0.wp.com\/www.zonderdank.be\/saturnein\/wp-content\/uploads\/2022\/06\/20220602_194843.jpg?resize=1536%2C864&amp;ssl=1 1536w, https:\/\/i0.wp.com\/www.zonderdank.be\/saturnein\/wp-content\/uploads\/2022\/06\/20220602_194843.jpg?resize=107%2C60&amp;ssl=1 107w, https:\/\/i0.wp.com\/www.zonderdank.be\/saturnein\/wp-content\/uploads\/2022\/06\/20220602_194843.jpg?w=1920&amp;ssl=1 1920w\" sizes=\"auto, (max-width: 1000px) 100vw, 1000px\" \/><\/figure>\n\n\n\n<p>We hebben er een mooi uitzicht op het water en soms op een passant. <\/p>\n\n\n\n<figure class=\"wp-block-image size-large\"><img data-recalc-dims=\"1\" loading=\"lazy\" decoding=\"async\" width=\"1024\" height=\"577\" data-attachment-id=\"35697\" data-permalink=\"https:\/\/www.zonderdank.be\/saturnein\/2022\/06\/04\/week-in-beeld-week-22-3\/20220602_205034\/\" data-orig-file=\"https:\/\/i0.wp.com\/www.zonderdank.be\/saturnein\/wp-content\/uploads\/2022\/06\/20220602_205034.jpg?fit=1918%2C1080&amp;ssl=1\" data-orig-size=\"1918,1080\" data-comments-opened=\"1\" data-image-meta=\"{&quot;aperture&quot;:&quot;4.9&quot;,&quot;credit&quot;:&quot;&quot;,&quot;camera&quot;:&quot;SM-S908B&quot;,&quot;caption&quot;:&quot;&quot;,&quot;created_timestamp&quot;:&quot;1654203034&quot;,&quot;copyright&quot;:&quot;&quot;,&quot;focal_length&quot;:&quot;27.2&quot;,&quot;iso&quot;:&quot;50&quot;,&quot;shutter_speed&quot;:&quot;0.0054644808743169&quot;,&quot;title&quot;:&quot;&quot;,&quot;orientation&quot;:&quot;1&quot;}\" data-image-title=\"20220602_205034\" data-image-description=\"\" data-image-caption=\"\" data-large-file=\"https:\/\/i0.wp.com\/www.zonderdank.be\/saturnein\/wp-content\/uploads\/2022\/06\/20220602_205034.jpg?fit=1024%2C577&amp;ssl=1\" src=\"https:\/\/i0.wp.com\/www.zonderdank.be\/saturnein\/wp-content\/uploads\/2022\/06\/20220602_205034.jpg?resize=1024%2C577&#038;ssl=1\" alt=\"\" class=\"wp-image-35697\" srcset=\"https:\/\/i0.wp.com\/www.zonderdank.be\/saturnein\/wp-content\/uploads\/2022\/06\/20220602_205034.jpg?resize=1024%2C577&amp;ssl=1 1024w, https:\/\/i0.wp.com\/www.zonderdank.be\/saturnein\/wp-content\/uploads\/2022\/06\/20220602_205034.jpg?resize=300%2C169&amp;ssl=1 300w, https:\/\/i0.wp.com\/www.zonderdank.be\/saturnein\/wp-content\/uploads\/2022\/06\/20220602_205034.jpg?resize=768%2C432&amp;ssl=1 768w, https:\/\/i0.wp.com\/www.zonderdank.be\/saturnein\/wp-content\/uploads\/2022\/06\/20220602_205034.jpg?resize=1536%2C865&amp;ssl=1 1536w, https:\/\/i0.wp.com\/www.zonderdank.be\/saturnein\/wp-content\/uploads\/2022\/06\/20220602_205034.jpg?resize=107%2C60&amp;ssl=1 107w, https:\/\/i0.wp.com\/www.zonderdank.be\/saturnein\/wp-content\/uploads\/2022\/06\/20220602_205034.jpg?w=1918&amp;ssl=1 1918w\" sizes=\"auto, (max-width: 1000px) 100vw, 1000px\" \/><\/figure>\n\n\n\n<p>Op vrijdag wordt er gefietst (Meneertje Mertens 80, ik 40, Herman 24+11=35 kilometer). We zien veel mooie dingen. <\/p>\n\n\n\n<figure class=\"wp-block-image size-large\"><img data-recalc-dims=\"1\" loading=\"lazy\" decoding=\"async\" width=\"1024\" height=\"576\" data-attachment-id=\"35698\" data-permalink=\"https:\/\/www.zonderdank.be\/saturnein\/2022\/06\/04\/week-in-beeld-week-22-3\/20220603_093215\/\" data-orig-file=\"https:\/\/i0.wp.com\/www.zonderdank.be\/saturnein\/wp-content\/uploads\/2022\/06\/20220603_093215.jpg?fit=1920%2C1080&amp;ssl=1\" data-orig-size=\"1920,1080\" data-comments-opened=\"1\" data-image-meta=\"{&quot;aperture&quot;:&quot;1.8&quot;,&quot;credit&quot;:&quot;&quot;,&quot;camera&quot;:&quot;SM-G991B&quot;,&quot;caption&quot;:&quot;&quot;,&quot;created_timestamp&quot;:&quot;1654248735&quot;,&quot;copyright&quot;:&quot;&quot;,&quot;focal_length&quot;:&quot;5.4&quot;,&quot;iso&quot;:&quot;50&quot;,&quot;shutter_speed&quot;:&quot;0.00026997840172786&quot;,&quot;title&quot;:&quot;&quot;,&quot;orientation&quot;:&quot;1&quot;}\" data-image-title=\"20220603_093215\" data-image-description=\"\" data-image-caption=\"\" data-large-file=\"https:\/\/i0.wp.com\/www.zonderdank.be\/saturnein\/wp-content\/uploads\/2022\/06\/20220603_093215.jpg?fit=1024%2C576&amp;ssl=1\" src=\"https:\/\/i0.wp.com\/www.zonderdank.be\/saturnein\/wp-content\/uploads\/2022\/06\/20220603_093215.jpg?resize=1024%2C576&#038;ssl=1\" alt=\"\" class=\"wp-image-35698\" srcset=\"https:\/\/i0.wp.com\/www.zonderdank.be\/saturnein\/wp-content\/uploads\/2022\/06\/20220603_093215.jpg?resize=1024%2C576&amp;ssl=1 1024w, https:\/\/i0.wp.com\/www.zonderdank.be\/saturnein\/wp-content\/uploads\/2022\/06\/20220603_093215.jpg?resize=300%2C169&amp;ssl=1 300w, https:\/\/i0.wp.com\/www.zonderdank.be\/saturnein\/wp-content\/uploads\/2022\/06\/20220603_093215.jpg?resize=768%2C432&amp;ssl=1 768w, https:\/\/i0.wp.com\/www.zonderdank.be\/saturnein\/wp-content\/uploads\/2022\/06\/20220603_093215.jpg?resize=1536%2C864&amp;ssl=1 1536w, https:\/\/i0.wp.com\/www.zonderdank.be\/saturnein\/wp-content\/uploads\/2022\/06\/20220603_093215.jpg?resize=107%2C60&amp;ssl=1 107w, https:\/\/i0.wp.com\/www.zonderdank.be\/saturnein\/wp-content\/uploads\/2022\/06\/20220603_093215.jpg?w=1920&amp;ssl=1 1920w\" sizes=\"auto, (max-width: 1000px) 100vw, 1000px\" \/><\/figure>\n\n\n\n<p><\/p>\n\n\n\n<figure class=\"wp-block-image size-large\"><img data-recalc-dims=\"1\" loading=\"lazy\" decoding=\"async\" width=\"1024\" height=\"576\" data-attachment-id=\"35700\" data-permalink=\"https:\/\/www.zonderdank.be\/saturnein\/2022\/06\/04\/week-in-beeld-week-22-3\/20220603_094433\/\" data-orig-file=\"https:\/\/i0.wp.com\/www.zonderdank.be\/saturnein\/wp-content\/uploads\/2022\/06\/20220603_094433.jpg?fit=1920%2C1080&amp;ssl=1\" data-orig-size=\"1920,1080\" data-comments-opened=\"1\" data-image-meta=\"{&quot;aperture&quot;:&quot;1.8&quot;,&quot;credit&quot;:&quot;&quot;,&quot;camera&quot;:&quot;SM-G991B&quot;,&quot;caption&quot;:&quot;&quot;,&quot;created_timestamp&quot;:&quot;1654249473&quot;,&quot;copyright&quot;:&quot;&quot;,&quot;focal_length&quot;:&quot;5.4&quot;,&quot;iso&quot;:&quot;50&quot;,&quot;shutter_speed&quot;:&quot;0.00010557432432432&quot;,&quot;title&quot;:&quot;&quot;,&quot;orientation&quot;:&quot;1&quot;}\" data-image-title=\"20220603_094433\" data-image-description=\"\" data-image-caption=\"\" data-large-file=\"https:\/\/i0.wp.com\/www.zonderdank.be\/saturnein\/wp-content\/uploads\/2022\/06\/20220603_094433.jpg?fit=1024%2C576&amp;ssl=1\" src=\"https:\/\/i0.wp.com\/www.zonderdank.be\/saturnein\/wp-content\/uploads\/2022\/06\/20220603_094433.jpg?resize=1024%2C576&#038;ssl=1\" alt=\"\" class=\"wp-image-35700\" srcset=\"https:\/\/i0.wp.com\/www.zonderdank.be\/saturnein\/wp-content\/uploads\/2022\/06\/20220603_094433.jpg?resize=1024%2C576&amp;ssl=1 1024w, https:\/\/i0.wp.com\/www.zonderdank.be\/saturnein\/wp-content\/uploads\/2022\/06\/20220603_094433.jpg?resize=300%2C169&amp;ssl=1 300w, https:\/\/i0.wp.com\/www.zonderdank.be\/saturnein\/wp-content\/uploads\/2022\/06\/20220603_094433.jpg?resize=768%2C432&amp;ssl=1 768w, https:\/\/i0.wp.com\/www.zonderdank.be\/saturnein\/wp-content\/uploads\/2022\/06\/20220603_094433.jpg?resize=1536%2C864&amp;ssl=1 1536w, https:\/\/i0.wp.com\/www.zonderdank.be\/saturnein\/wp-content\/uploads\/2022\/06\/20220603_094433.jpg?resize=107%2C60&amp;ssl=1 107w, https:\/\/i0.wp.com\/www.zonderdank.be\/saturnein\/wp-content\/uploads\/2022\/06\/20220603_094433.jpg?w=1920&amp;ssl=1 1920w\" sizes=\"auto, (max-width: 1000px) 100vw, 1000px\" \/><\/figure>\n\n\n\n<p><\/p>\n\n\n\n<figure class=\"wp-block-image size-large\"><img data-recalc-dims=\"1\" loading=\"lazy\" decoding=\"async\" width=\"1024\" height=\"576\" data-attachment-id=\"35699\" data-permalink=\"https:\/\/www.zonderdank.be\/saturnein\/2022\/06\/04\/week-in-beeld-week-22-3\/20220603_103832\/\" data-orig-file=\"https:\/\/i0.wp.com\/www.zonderdank.be\/saturnein\/wp-content\/uploads\/2022\/06\/20220603_103832.jpg?fit=1920%2C1080&amp;ssl=1\" data-orig-size=\"1920,1080\" data-comments-opened=\"1\" data-image-meta=\"{&quot;aperture&quot;:&quot;1.8&quot;,&quot;credit&quot;:&quot;&quot;,&quot;camera&quot;:&quot;SM-G991B&quot;,&quot;caption&quot;:&quot;&quot;,&quot;created_timestamp&quot;:&quot;1654252712&quot;,&quot;copyright&quot;:&quot;&quot;,&quot;focal_length&quot;:&quot;5.4&quot;,&quot;iso&quot;:&quot;50&quot;,&quot;shutter_speed&quot;:&quot;0.00040983606557377&quot;,&quot;title&quot;:&quot;&quot;,&quot;orientation&quot;:&quot;1&quot;}\" data-image-title=\"20220603_103832\" data-image-description=\"\" data-image-caption=\"\" data-large-file=\"https:\/\/i0.wp.com\/www.zonderdank.be\/saturnein\/wp-content\/uploads\/2022\/06\/20220603_103832.jpg?fit=1024%2C576&amp;ssl=1\" src=\"https:\/\/i0.wp.com\/www.zonderdank.be\/saturnein\/wp-content\/uploads\/2022\/06\/20220603_103832.jpg?resize=1024%2C576&#038;ssl=1\" alt=\"\" class=\"wp-image-35699\" srcset=\"https:\/\/i0.wp.com\/www.zonderdank.be\/saturnein\/wp-content\/uploads\/2022\/06\/20220603_103832.jpg?resize=1024%2C576&amp;ssl=1 1024w, https:\/\/i0.wp.com\/www.zonderdank.be\/saturnein\/wp-content\/uploads\/2022\/06\/20220603_103832.jpg?resize=300%2C169&amp;ssl=1 300w, https:\/\/i0.wp.com\/www.zonderdank.be\/saturnein\/wp-content\/uploads\/2022\/06\/20220603_103832.jpg?resize=768%2C432&amp;ssl=1 768w, https:\/\/i0.wp.com\/www.zonderdank.be\/saturnein\/wp-content\/uploads\/2022\/06\/20220603_103832.jpg?resize=1536%2C864&amp;ssl=1 1536w, https:\/\/i0.wp.com\/www.zonderdank.be\/saturnein\/wp-content\/uploads\/2022\/06\/20220603_103832.jpg?resize=107%2C60&amp;ssl=1 107w, https:\/\/i0.wp.com\/www.zonderdank.be\/saturnein\/wp-content\/uploads\/2022\/06\/20220603_103832.jpg?w=1920&amp;ssl=1 1920w\" sizes=\"auto, (max-width: 1000px) 100vw, 1000px\" \/><\/figure>\n\n\n\n<p>In de namiddag gaan we nog lunchen, inclusief dessert. Dit is toch wel een uitgebreide variatie op cr\u00e8me br\u00fbl\u00e9e. <\/p>\n\n\n\n<figure class=\"wp-block-image size-large\"><img data-recalc-dims=\"1\" loading=\"lazy\" decoding=\"async\" width=\"1024\" height=\"576\" data-attachment-id=\"35701\" data-permalink=\"https:\/\/www.zonderdank.be\/saturnein\/2022\/06\/04\/week-in-beeld-week-22-3\/20220603_144922\/\" data-orig-file=\"https:\/\/i0.wp.com\/www.zonderdank.be\/saturnein\/wp-content\/uploads\/2022\/06\/20220603_144922.jpg?fit=1920%2C1080&amp;ssl=1\" data-orig-size=\"1920,1080\" data-comments-opened=\"1\" data-image-meta=\"{&quot;aperture&quot;:&quot;1.8&quot;,&quot;credit&quot;:&quot;&quot;,&quot;camera&quot;:&quot;SM-G991B&quot;,&quot;caption&quot;:&quot;&quot;,&quot;created_timestamp&quot;:&quot;1654267762&quot;,&quot;copyright&quot;:&quot;&quot;,&quot;focal_length&quot;:&quot;5.4&quot;,&quot;iso&quot;:&quot;64&quot;,&quot;shutter_speed&quot;:&quot;0.01&quot;,&quot;title&quot;:&quot;&quot;,&quot;orientation&quot;:&quot;1&quot;}\" data-image-title=\"20220603_144922\" data-image-description=\"\" data-image-caption=\"\" data-large-file=\"https:\/\/i0.wp.com\/www.zonderdank.be\/saturnein\/wp-content\/uploads\/2022\/06\/20220603_144922.jpg?fit=1024%2C576&amp;ssl=1\" src=\"https:\/\/i0.wp.com\/www.zonderdank.be\/saturnein\/wp-content\/uploads\/2022\/06\/20220603_144922.jpg?resize=1024%2C576&#038;ssl=1\" alt=\"\" class=\"wp-image-35701\" srcset=\"https:\/\/i0.wp.com\/www.zonderdank.be\/saturnein\/wp-content\/uploads\/2022\/06\/20220603_144922.jpg?resize=1024%2C576&amp;ssl=1 1024w, https:\/\/i0.wp.com\/www.zonderdank.be\/saturnein\/wp-content\/uploads\/2022\/06\/20220603_144922.jpg?resize=300%2C169&amp;ssl=1 300w, https:\/\/i0.wp.com\/www.zonderdank.be\/saturnein\/wp-content\/uploads\/2022\/06\/20220603_144922.jpg?resize=768%2C432&amp;ssl=1 768w, https:\/\/i0.wp.com\/www.zonderdank.be\/saturnein\/wp-content\/uploads\/2022\/06\/20220603_144922.jpg?resize=1536%2C864&amp;ssl=1 1536w, https:\/\/i0.wp.com\/www.zonderdank.be\/saturnein\/wp-content\/uploads\/2022\/06\/20220603_144922.jpg?resize=107%2C60&amp;ssl=1 107w, https:\/\/i0.wp.com\/www.zonderdank.be\/saturnein\/wp-content\/uploads\/2022\/06\/20220603_144922.jpg?w=1920&amp;ssl=1 1920w\" sizes=\"auto, (max-width: 1000px) 100vw, 1000px\" \/><\/figure>\n\n\n\n<p>Goed beeld om de week mee af te sluiten, toch?<\/p>\n","protected":false},"excerpt":{"rendered":"<p>Vaste rubriek op zaterdag: week in beeld. Een greep uit de telefoonfoto\u2019s die ik maakte van zaterdagochtend tot vrijdagavond. Soms eens een foto door Meneertje Mertens. De laatste tijd ook vaker foto\u2019s met de Nikon. Maar vooral foto\u2019s van mijn telefoon. We starten met een vroege ochtend, een zonsopgang op de Poelberg in Dentergem, waar [&hellip;]<\/p>\n","protected":false},"author":1,"featured_media":35663,"comment_status":"open","ping_status":"open","sticky":false,"template":"","format":"standard","meta":{"jetpack_post_was_ever_published":false,"_jetpack_newsletter_access":"","_jetpack_dont_email_post_to_subs":false,"_jetpack_newsletter_tier_id":0,"_jetpack_memberships_contains_paywalled_content":false,"_jetpack_memberships_contains_paid_content":false,"footnotes":""},"categories":[1315],"tags":[2100,4312,2344,1650,2099,4315,2210,2789,2349,2387,3786,1443],"class_list":["post-35654","post","type-post","status-publish","format-standard","has-post-thumbnail","hentry","category-fotos","tag-1000km","tag-campervan","tag-dd-mobilhomes","tag-kom-op-tegen-kanker","tag-kotk","tag-kotk-2022","tag-lililove","tag-mechelen","tag-ontheroadagain","tag-pipalove","tag-poelberg","tag-week-in-beeld"],"jetpack_featured_media_url":"https:\/\/i0.wp.com\/www.zonderdank.be\/saturnein\/wp-content\/uploads\/2022\/05\/20220529_063502.jpg?fit=1920%2C1080&ssl=1","jetpack_sharing_enabled":true,"jetpack_shortlink":"https:\/\/wp.me\/p2l47o-9h4","jetpack_likes_enabled":true,"jetpack-related-posts":[],"_links":{"self":[{"href":"https:\/\/www.zonderdank.be\/saturnein\/wp-json\/wp\/v2\/posts\/35654","targetHints":{"allow":["GET"]}}],"collection":[{"href":"https:\/\/www.zonderdank.be\/saturnein\/wp-json\/wp\/v2\/posts"}],"about":[{"href":"https:\/\/www.zonderdank.be\/saturnein\/wp-json\/wp\/v2\/types\/post"}],"author":[{"embeddable":true,"href":"https:\/\/www.zonderdank.be\/saturnein\/wp-json\/wp\/v2\/users\/1"}],"replies":[{"embeddable":true,"href":"https:\/\/www.zonderdank.be\/saturnein\/wp-json\/wp\/v2\/comments?post=35654"}],"version-history":[{"count":6,"href":"https:\/\/www.zonderdank.be\/saturnein\/wp-json\/wp\/v2\/posts\/35654\/revisions"}],"predecessor-version":[{"id":35704,"href":"https:\/\/www.zonderdank.be\/saturnein\/wp-json\/wp\/v2\/posts\/35654\/revisions\/35704"}],"wp:featuredmedia":[{"embeddable":true,"href":"https:\/\/www.zonderdank.be\/saturnein\/wp-json\/wp\/v2\/media\/35663"}],"wp:attachment":[{"href":"https:\/\/www.zonderdank.be\/saturnein\/wp-json\/wp\/v2\/media?parent=35654"}],"wp:term":[{"taxonomy":"category","embeddable":true,"href":"https:\/\/www.zonderdank.be\/saturnein\/wp-json\/wp\/v2\/categories?post=35654"},{"taxonomy":"post_tag","embeddable":true,"href":"https:\/\/www.zonderdank.be\/saturnein\/wp-json\/wp\/v2\/tags?post=35654"}],"curies":[{"name":"wp","href":"https:\/\/api.w.org\/{rel}","templated":true}]}}