{"id":33650,"date":"2021-12-05T08:48:00","date_gmt":"2021-12-05T07:48:00","guid":{"rendered":"https:\/\/www.zonderdank.be\/saturnein\/?p=33650"},"modified":"2021-12-01T09:04:48","modified_gmt":"2021-12-01T08:04:48","slug":"terug-naar-saint-denis-doleron-2","status":"publish","type":"post","link":"https:\/\/www.zonderdank.be\/saturnein\/2021\/12\/05\/terug-naar-saint-denis-doleron-2\/","title":{"rendered":"Terug naar Saint-Denis-d&#8217;Ol\u00e9ron (2)"},"content":{"rendered":"\n<blockquote class=\"wp-block-quote is-layout-flow wp-block-quote-is-layout-flow\"><p><em><span style=\"color:#783c77\" class=\"has-inline-color\">Regelmatig keer ik eens terug naar \u201conze reis naar de eilanden\u00e2\u20ac\u009d, zoals we onze twee weken Frankrijk in september hier noemen.\u00c2\u00a0<\/span><\/em><\/p><\/blockquote>\n\n\n\n<p>Op de dag dat we \u00c3\u017dle d&#8217;Ol\u00e9ron achter ons lieten, maakte Meneertje Mertens nog een fietstocht. Ik vond het te hard waaien, en maakte een korter tripje met de fiets naar het fietspad van Saint-Denis-d&#8217;Ol\u00e9ron naar La Br\u00e9e-les-Bains, om bloemen te fotograferen. De omstandigheden waren niet ideaal (wind!), ik heb v\u00e9\u00e9l foto&#8217;s gemaakt in de hoop dat er wat goede exemplaren tussen zaten. En dat is gelukt. <\/p>\n\n\n\n<p>De alomtegenwoordige oleanders in de streek. <\/p>\n\n\n\n<figure class=\"wp-block-image size-large\"><img data-recalc-dims=\"1\" loading=\"lazy\" decoding=\"async\" width=\"1024\" height=\"768\" data-attachment-id=\"33651\" data-permalink=\"https:\/\/www.zonderdank.be\/saturnein\/2021\/12\/05\/terug-naar-saint-denis-doleron-2\/dsc_0227-2\/\" data-orig-file=\"https:\/\/i0.wp.com\/www.zonderdank.be\/saturnein\/wp-content\/uploads\/2021\/12\/DSC_0227.jpg?fit=1440%2C1080&amp;ssl=1\" data-orig-size=\"1440,1080\" data-comments-opened=\"1\" data-image-meta=\"{&quot;aperture&quot;:&quot;6.3&quot;,&quot;credit&quot;:&quot;&quot;,&quot;camera&quot;:&quot;NIKON D5200&quot;,&quot;caption&quot;:&quot;&quot;,&quot;created_timestamp&quot;:&quot;1632303884&quot;,&quot;copyright&quot;:&quot;&quot;,&quot;focal_length&quot;:&quot;35&quot;,&quot;iso&quot;:&quot;100&quot;,&quot;shutter_speed&quot;:&quot;0.00625&quot;,&quot;title&quot;:&quot;&quot;,&quot;orientation&quot;:&quot;0&quot;}\" data-image-title=\"DSC_0227\" data-image-description=\"\" data-image-caption=\"\" data-large-file=\"https:\/\/i0.wp.com\/www.zonderdank.be\/saturnein\/wp-content\/uploads\/2021\/12\/DSC_0227.jpg?fit=1024%2C768&amp;ssl=1\" src=\"https:\/\/i0.wp.com\/www.zonderdank.be\/saturnein\/wp-content\/uploads\/2021\/12\/DSC_0227.jpg?resize=1024%2C768&#038;ssl=1\" alt=\"\" class=\"wp-image-33651\" srcset=\"https:\/\/i0.wp.com\/www.zonderdank.be\/saturnein\/wp-content\/uploads\/2021\/12\/DSC_0227.jpg?resize=1024%2C768&amp;ssl=1 1024w, https:\/\/i0.wp.com\/www.zonderdank.be\/saturnein\/wp-content\/uploads\/2021\/12\/DSC_0227.jpg?resize=300%2C225&amp;ssl=1 300w, https:\/\/i0.wp.com\/www.zonderdank.be\/saturnein\/wp-content\/uploads\/2021\/12\/DSC_0227.jpg?resize=768%2C576&amp;ssl=1 768w, https:\/\/i0.wp.com\/www.zonderdank.be\/saturnein\/wp-content\/uploads\/2021\/12\/DSC_0227.jpg?resize=80%2C60&amp;ssl=1 80w, https:\/\/i0.wp.com\/www.zonderdank.be\/saturnein\/wp-content\/uploads\/2021\/12\/DSC_0227.jpg?w=1440&amp;ssl=1 1440w\" sizes=\"auto, (max-width: 1000px) 100vw, 1000px\" \/><\/figure>\n\n\n\n<p>Groot kaasjeskruid. <\/p>\n\n\n\n<figure class=\"wp-block-image size-large\"><img data-recalc-dims=\"1\" loading=\"lazy\" decoding=\"async\" width=\"1024\" height=\"768\" data-attachment-id=\"33652\" data-permalink=\"https:\/\/www.zonderdank.be\/saturnein\/2021\/12\/05\/terug-naar-saint-denis-doleron-2\/dsc_0290\/\" data-orig-file=\"https:\/\/i0.wp.com\/www.zonderdank.be\/saturnein\/wp-content\/uploads\/2021\/12\/DSC_0290.jpg?fit=1440%2C1080&amp;ssl=1\" data-orig-size=\"1440,1080\" data-comments-opened=\"1\" data-image-meta=\"{&quot;aperture&quot;:&quot;4&quot;,&quot;credit&quot;:&quot;&quot;,&quot;camera&quot;:&quot;NIKON D5200&quot;,&quot;caption&quot;:&quot;&quot;,&quot;created_timestamp&quot;:&quot;1632304889&quot;,&quot;copyright&quot;:&quot;&quot;,&quot;focal_length&quot;:&quot;35&quot;,&quot;iso&quot;:&quot;100&quot;,&quot;shutter_speed&quot;:&quot;0.0025&quot;,&quot;title&quot;:&quot;&quot;,&quot;orientation&quot;:&quot;0&quot;}\" data-image-title=\"DSC_0290\" data-image-description=\"\" data-image-caption=\"\" data-large-file=\"https:\/\/i0.wp.com\/www.zonderdank.be\/saturnein\/wp-content\/uploads\/2021\/12\/DSC_0290.jpg?fit=1024%2C768&amp;ssl=1\" src=\"https:\/\/i0.wp.com\/www.zonderdank.be\/saturnein\/wp-content\/uploads\/2021\/12\/DSC_0290.jpg?resize=1024%2C768&#038;ssl=1\" alt=\"\" class=\"wp-image-33652\" srcset=\"https:\/\/i0.wp.com\/www.zonderdank.be\/saturnein\/wp-content\/uploads\/2021\/12\/DSC_0290.jpg?resize=1024%2C768&amp;ssl=1 1024w, https:\/\/i0.wp.com\/www.zonderdank.be\/saturnein\/wp-content\/uploads\/2021\/12\/DSC_0290.jpg?resize=300%2C225&amp;ssl=1 300w, https:\/\/i0.wp.com\/www.zonderdank.be\/saturnein\/wp-content\/uploads\/2021\/12\/DSC_0290.jpg?resize=768%2C576&amp;ssl=1 768w, https:\/\/i0.wp.com\/www.zonderdank.be\/saturnein\/wp-content\/uploads\/2021\/12\/DSC_0290.jpg?resize=80%2C60&amp;ssl=1 80w, https:\/\/i0.wp.com\/www.zonderdank.be\/saturnein\/wp-content\/uploads\/2021\/12\/DSC_0290.jpg?w=1440&amp;ssl=1 1440w\" sizes=\"auto, (max-width: 1000px) 100vw, 1000px\" \/><\/figure>\n\n\n\n<p>Verdroogd bloemeke. Ook kaasjeskruid? Geen idee. <\/p>\n\n\n\n<figure class=\"wp-block-image size-large\"><img data-recalc-dims=\"1\" loading=\"lazy\" decoding=\"async\" width=\"1024\" height=\"768\" data-attachment-id=\"33653\" data-permalink=\"https:\/\/www.zonderdank.be\/saturnein\/2021\/12\/05\/terug-naar-saint-denis-doleron-2\/dsc_0295-3\/\" data-orig-file=\"https:\/\/i0.wp.com\/www.zonderdank.be\/saturnein\/wp-content\/uploads\/2021\/12\/DSC_0295.jpg?fit=1440%2C1080&amp;ssl=1\" data-orig-size=\"1440,1080\" data-comments-opened=\"1\" data-image-meta=\"{&quot;aperture&quot;:&quot;4&quot;,&quot;credit&quot;:&quot;&quot;,&quot;camera&quot;:&quot;NIKON D5200&quot;,&quot;caption&quot;:&quot;&quot;,&quot;created_timestamp&quot;:&quot;1632304917&quot;,&quot;copyright&quot;:&quot;&quot;,&quot;focal_length&quot;:&quot;35&quot;,&quot;iso&quot;:&quot;100&quot;,&quot;shutter_speed&quot;:&quot;0.0025&quot;,&quot;title&quot;:&quot;&quot;,&quot;orientation&quot;:&quot;0&quot;}\" data-image-title=\"DSC_0295\" data-image-description=\"\" data-image-caption=\"\" data-large-file=\"https:\/\/i0.wp.com\/www.zonderdank.be\/saturnein\/wp-content\/uploads\/2021\/12\/DSC_0295.jpg?fit=1024%2C768&amp;ssl=1\" src=\"https:\/\/i0.wp.com\/www.zonderdank.be\/saturnein\/wp-content\/uploads\/2021\/12\/DSC_0295.jpg?resize=1024%2C768&#038;ssl=1\" alt=\"\" class=\"wp-image-33653\" srcset=\"https:\/\/i0.wp.com\/www.zonderdank.be\/saturnein\/wp-content\/uploads\/2021\/12\/DSC_0295.jpg?resize=1024%2C768&amp;ssl=1 1024w, https:\/\/i0.wp.com\/www.zonderdank.be\/saturnein\/wp-content\/uploads\/2021\/12\/DSC_0295.jpg?resize=300%2C225&amp;ssl=1 300w, https:\/\/i0.wp.com\/www.zonderdank.be\/saturnein\/wp-content\/uploads\/2021\/12\/DSC_0295.jpg?resize=768%2C576&amp;ssl=1 768w, https:\/\/i0.wp.com\/www.zonderdank.be\/saturnein\/wp-content\/uploads\/2021\/12\/DSC_0295.jpg?resize=80%2C60&amp;ssl=1 80w, https:\/\/i0.wp.com\/www.zonderdank.be\/saturnein\/wp-content\/uploads\/2021\/12\/DSC_0295.jpg?w=1440&amp;ssl=1 1440w\" sizes=\"auto, (max-width: 1000px) 100vw, 1000px\" \/><\/figure>\n\n\n\n<p>Dubbelkelk. (correct me if I&#8217;m wrong, ik ken er niks van)<\/p>\n\n\n\n<figure class=\"wp-block-image size-large\"><img data-recalc-dims=\"1\" loading=\"lazy\" decoding=\"async\" width=\"1024\" height=\"768\" data-attachment-id=\"33654\" data-permalink=\"https:\/\/www.zonderdank.be\/saturnein\/2021\/12\/05\/terug-naar-saint-denis-doleron-2\/dsc_0325-2\/\" data-orig-file=\"https:\/\/i0.wp.com\/www.zonderdank.be\/saturnein\/wp-content\/uploads\/2021\/12\/DSC_0325.jpg?fit=1440%2C1080&amp;ssl=1\" data-orig-size=\"1440,1080\" data-comments-opened=\"1\" data-image-meta=\"{&quot;aperture&quot;:&quot;4&quot;,&quot;credit&quot;:&quot;&quot;,&quot;camera&quot;:&quot;NIKON D5200&quot;,&quot;caption&quot;:&quot;&quot;,&quot;created_timestamp&quot;:&quot;1632305076&quot;,&quot;copyright&quot;:&quot;&quot;,&quot;focal_length&quot;:&quot;35&quot;,&quot;iso&quot;:&quot;100&quot;,&quot;shutter_speed&quot;:&quot;0.0025&quot;,&quot;title&quot;:&quot;&quot;,&quot;orientation&quot;:&quot;0&quot;}\" data-image-title=\"DSC_0325\" data-image-description=\"\" data-image-caption=\"\" data-large-file=\"https:\/\/i0.wp.com\/www.zonderdank.be\/saturnein\/wp-content\/uploads\/2021\/12\/DSC_0325.jpg?fit=1024%2C768&amp;ssl=1\" src=\"https:\/\/i0.wp.com\/www.zonderdank.be\/saturnein\/wp-content\/uploads\/2021\/12\/DSC_0325.jpg?resize=1024%2C768&#038;ssl=1\" alt=\"\" class=\"wp-image-33654\" srcset=\"https:\/\/i0.wp.com\/www.zonderdank.be\/saturnein\/wp-content\/uploads\/2021\/12\/DSC_0325.jpg?resize=1024%2C768&amp;ssl=1 1024w, https:\/\/i0.wp.com\/www.zonderdank.be\/saturnein\/wp-content\/uploads\/2021\/12\/DSC_0325.jpg?resize=300%2C225&amp;ssl=1 300w, https:\/\/i0.wp.com\/www.zonderdank.be\/saturnein\/wp-content\/uploads\/2021\/12\/DSC_0325.jpg?resize=768%2C576&amp;ssl=1 768w, https:\/\/i0.wp.com\/www.zonderdank.be\/saturnein\/wp-content\/uploads\/2021\/12\/DSC_0325.jpg?resize=80%2C60&amp;ssl=1 80w, https:\/\/i0.wp.com\/www.zonderdank.be\/saturnein\/wp-content\/uploads\/2021\/12\/DSC_0325.jpg?w=1440&amp;ssl=1 1440w\" sizes=\"auto, (max-width: 1000px) 100vw, 1000px\" \/><\/figure>\n\n\n\n<p>Nog een laatste blik op de oceaan. <\/p>\n\n\n\n<figure class=\"wp-block-image size-large\"><img data-recalc-dims=\"1\" loading=\"lazy\" decoding=\"async\" width=\"1024\" height=\"768\" data-attachment-id=\"33655\" data-permalink=\"https:\/\/www.zonderdank.be\/saturnein\/2021\/12\/05\/terug-naar-saint-denis-doleron-2\/dsc_0377-2\/\" data-orig-file=\"https:\/\/i0.wp.com\/www.zonderdank.be\/saturnein\/wp-content\/uploads\/2021\/12\/DSC_0377.jpg?fit=1440%2C1080&amp;ssl=1\" data-orig-size=\"1440,1080\" data-comments-opened=\"1\" data-image-meta=\"{&quot;aperture&quot;:&quot;13&quot;,&quot;credit&quot;:&quot;&quot;,&quot;camera&quot;:&quot;NIKON D5200&quot;,&quot;caption&quot;:&quot;&quot;,&quot;created_timestamp&quot;:&quot;1632305691&quot;,&quot;copyright&quot;:&quot;&quot;,&quot;focal_length&quot;:&quot;35&quot;,&quot;iso&quot;:&quot;100&quot;,&quot;shutter_speed&quot;:&quot;0.00625&quot;,&quot;title&quot;:&quot;&quot;,&quot;orientation&quot;:&quot;0&quot;}\" data-image-title=\"DSC_0377\" data-image-description=\"\" data-image-caption=\"\" data-large-file=\"https:\/\/i0.wp.com\/www.zonderdank.be\/saturnein\/wp-content\/uploads\/2021\/12\/DSC_0377.jpg?fit=1024%2C768&amp;ssl=1\" src=\"https:\/\/i0.wp.com\/www.zonderdank.be\/saturnein\/wp-content\/uploads\/2021\/12\/DSC_0377.jpg?resize=1024%2C768&#038;ssl=1\" alt=\"\" class=\"wp-image-33655\" srcset=\"https:\/\/i0.wp.com\/www.zonderdank.be\/saturnein\/wp-content\/uploads\/2021\/12\/DSC_0377.jpg?resize=1024%2C768&amp;ssl=1 1024w, https:\/\/i0.wp.com\/www.zonderdank.be\/saturnein\/wp-content\/uploads\/2021\/12\/DSC_0377.jpg?resize=300%2C225&amp;ssl=1 300w, https:\/\/i0.wp.com\/www.zonderdank.be\/saturnein\/wp-content\/uploads\/2021\/12\/DSC_0377.jpg?resize=768%2C576&amp;ssl=1 768w, https:\/\/i0.wp.com\/www.zonderdank.be\/saturnein\/wp-content\/uploads\/2021\/12\/DSC_0377.jpg?resize=80%2C60&amp;ssl=1 80w, https:\/\/i0.wp.com\/www.zonderdank.be\/saturnein\/wp-content\/uploads\/2021\/12\/DSC_0377.jpg?w=1440&amp;ssl=1 1440w\" sizes=\"auto, (max-width: 1000px) 100vw, 1000px\" \/><\/figure>\n\n\n\n<p>De kerktoren van Saint-Denis-d&#8217;Ol\u00e9ron.<\/p>\n\n\n\n<figure class=\"wp-block-image size-large\"><img data-recalc-dims=\"1\" loading=\"lazy\" decoding=\"async\" width=\"1024\" height=\"768\" data-attachment-id=\"33656\" data-permalink=\"https:\/\/www.zonderdank.be\/saturnein\/2021\/12\/05\/terug-naar-saint-denis-doleron-2\/dsc_0399\/\" data-orig-file=\"https:\/\/i0.wp.com\/www.zonderdank.be\/saturnein\/wp-content\/uploads\/2021\/12\/DSC_0399.jpg?fit=1440%2C1080&amp;ssl=1\" data-orig-size=\"1440,1080\" data-comments-opened=\"1\" data-image-meta=\"{&quot;aperture&quot;:&quot;13&quot;,&quot;credit&quot;:&quot;&quot;,&quot;camera&quot;:&quot;NIKON D5200&quot;,&quot;caption&quot;:&quot;&quot;,&quot;created_timestamp&quot;:&quot;1632306236&quot;,&quot;copyright&quot;:&quot;&quot;,&quot;focal_length&quot;:&quot;35&quot;,&quot;iso&quot;:&quot;100&quot;,&quot;shutter_speed&quot;:&quot;0.00625&quot;,&quot;title&quot;:&quot;&quot;,&quot;orientation&quot;:&quot;0&quot;}\" data-image-title=\"DSC_0399\" data-image-description=\"\" data-image-caption=\"\" data-large-file=\"https:\/\/i0.wp.com\/www.zonderdank.be\/saturnein\/wp-content\/uploads\/2021\/12\/DSC_0399.jpg?fit=1024%2C768&amp;ssl=1\" src=\"https:\/\/i0.wp.com\/www.zonderdank.be\/saturnein\/wp-content\/uploads\/2021\/12\/DSC_0399.jpg?resize=1024%2C768&#038;ssl=1\" alt=\"\" class=\"wp-image-33656\" srcset=\"https:\/\/i0.wp.com\/www.zonderdank.be\/saturnein\/wp-content\/uploads\/2021\/12\/DSC_0399.jpg?resize=1024%2C768&amp;ssl=1 1024w, https:\/\/i0.wp.com\/www.zonderdank.be\/saturnein\/wp-content\/uploads\/2021\/12\/DSC_0399.jpg?resize=300%2C225&amp;ssl=1 300w, https:\/\/i0.wp.com\/www.zonderdank.be\/saturnein\/wp-content\/uploads\/2021\/12\/DSC_0399.jpg?resize=768%2C576&amp;ssl=1 768w, https:\/\/i0.wp.com\/www.zonderdank.be\/saturnein\/wp-content\/uploads\/2021\/12\/DSC_0399.jpg?resize=80%2C60&amp;ssl=1 80w, https:\/\/i0.wp.com\/www.zonderdank.be\/saturnein\/wp-content\/uploads\/2021\/12\/DSC_0399.jpg?w=1440&amp;ssl=1 1440w\" sizes=\"auto, (max-width: 1000px) 100vw, 1000px\" \/><\/figure>\n\n\n\n<p>Stokroos. <\/p>\n\n\n\n<div class=\"wp-block-image\"><figure class=\"aligncenter size-large is-resized\"><img data-recalc-dims=\"1\" loading=\"lazy\" decoding=\"async\" data-attachment-id=\"33657\" data-permalink=\"https:\/\/www.zonderdank.be\/saturnein\/2021\/12\/05\/terug-naar-saint-denis-doleron-2\/dsc_0403\/\" data-orig-file=\"https:\/\/i0.wp.com\/www.zonderdank.be\/saturnein\/wp-content\/uploads\/2021\/12\/DSC_0403.jpg?fit=1080%2C1440&amp;ssl=1\" data-orig-size=\"1080,1440\" data-comments-opened=\"1\" data-image-meta=\"{&quot;aperture&quot;:&quot;5&quot;,&quot;credit&quot;:&quot;&quot;,&quot;camera&quot;:&quot;NIKON D5200&quot;,&quot;caption&quot;:&quot;&quot;,&quot;created_timestamp&quot;:&quot;1632306314&quot;,&quot;copyright&quot;:&quot;&quot;,&quot;focal_length&quot;:&quot;35&quot;,&quot;iso&quot;:&quot;100&quot;,&quot;shutter_speed&quot;:&quot;0.0005&quot;,&quot;title&quot;:&quot;&quot;,&quot;orientation&quot;:&quot;0&quot;}\" data-image-title=\"DSC_0403\" data-image-description=\"\" data-image-caption=\"\" data-large-file=\"https:\/\/i0.wp.com\/www.zonderdank.be\/saturnein\/wp-content\/uploads\/2021\/12\/DSC_0403.jpg?fit=768%2C1024&amp;ssl=1\" src=\"https:\/\/i0.wp.com\/www.zonderdank.be\/saturnein\/wp-content\/uploads\/2021\/12\/DSC_0403.jpg?resize=506%2C674&#038;ssl=1\" alt=\"\" class=\"wp-image-33657\" width=\"506\" height=\"674\" srcset=\"https:\/\/i0.wp.com\/www.zonderdank.be\/saturnein\/wp-content\/uploads\/2021\/12\/DSC_0403.jpg?resize=768%2C1024&amp;ssl=1 768w, https:\/\/i0.wp.com\/www.zonderdank.be\/saturnein\/wp-content\/uploads\/2021\/12\/DSC_0403.jpg?resize=225%2C300&amp;ssl=1 225w, https:\/\/i0.wp.com\/www.zonderdank.be\/saturnein\/wp-content\/uploads\/2021\/12\/DSC_0403.jpg?resize=45%2C60&amp;ssl=1 45w, https:\/\/i0.wp.com\/www.zonderdank.be\/saturnein\/wp-content\/uploads\/2021\/12\/DSC_0403.jpg?w=1080&amp;ssl=1 1080w\" sizes=\"auto, (max-width: 506px) 100vw, 506px\" \/><\/figure><\/div>\n\n\n\n<p>De mooie, smalle straatjes in de dorpen van \u00c3\u017dle d&#8217;Ol\u00e9ron.<\/p>\n\n\n\n<figure class=\"wp-block-image size-large\"><img data-recalc-dims=\"1\" loading=\"lazy\" decoding=\"async\" width=\"1024\" height=\"768\" data-attachment-id=\"33658\" data-permalink=\"https:\/\/www.zonderdank.be\/saturnein\/2021\/12\/05\/terug-naar-saint-denis-doleron-2\/dsc_0420-2\/\" data-orig-file=\"https:\/\/i0.wp.com\/www.zonderdank.be\/saturnein\/wp-content\/uploads\/2021\/12\/DSC_0420.jpg?fit=1440%2C1080&amp;ssl=1\" data-orig-size=\"1440,1080\" data-comments-opened=\"1\" data-image-meta=\"{&quot;aperture&quot;:&quot;5&quot;,&quot;credit&quot;:&quot;&quot;,&quot;camera&quot;:&quot;NIKON D5200&quot;,&quot;caption&quot;:&quot;&quot;,&quot;created_timestamp&quot;:&quot;1632306404&quot;,&quot;copyright&quot;:&quot;&quot;,&quot;focal_length&quot;:&quot;35&quot;,&quot;iso&quot;:&quot;100&quot;,&quot;shutter_speed&quot;:&quot;0.0003125&quot;,&quot;title&quot;:&quot;&quot;,&quot;orientation&quot;:&quot;0&quot;}\" data-image-title=\"DSC_0420\" data-image-description=\"\" data-image-caption=\"\" data-large-file=\"https:\/\/i0.wp.com\/www.zonderdank.be\/saturnein\/wp-content\/uploads\/2021\/12\/DSC_0420.jpg?fit=1024%2C768&amp;ssl=1\" src=\"https:\/\/i0.wp.com\/www.zonderdank.be\/saturnein\/wp-content\/uploads\/2021\/12\/DSC_0420.jpg?resize=1024%2C768&#038;ssl=1\" alt=\"\" class=\"wp-image-33658\" srcset=\"https:\/\/i0.wp.com\/www.zonderdank.be\/saturnein\/wp-content\/uploads\/2021\/12\/DSC_0420.jpg?resize=1024%2C768&amp;ssl=1 1024w, https:\/\/i0.wp.com\/www.zonderdank.be\/saturnein\/wp-content\/uploads\/2021\/12\/DSC_0420.jpg?resize=300%2C225&amp;ssl=1 300w, https:\/\/i0.wp.com\/www.zonderdank.be\/saturnein\/wp-content\/uploads\/2021\/12\/DSC_0420.jpg?resize=768%2C576&amp;ssl=1 768w, https:\/\/i0.wp.com\/www.zonderdank.be\/saturnein\/wp-content\/uploads\/2021\/12\/DSC_0420.jpg?resize=80%2C60&amp;ssl=1 80w, https:\/\/i0.wp.com\/www.zonderdank.be\/saturnein\/wp-content\/uploads\/2021\/12\/DSC_0420.jpg?w=1440&amp;ssl=1 1440w\" sizes=\"auto, (max-width: 1000px) 100vw, 1000px\" \/><\/figure>\n\n\n\n<p>Ik fietste nog eens op de piste cyclable die we vanop de camperplaats zagen. Onze camperplaats heette Aire Camping Car du Moulin, en wel hierom. <\/p>\n\n\n\n<figure class=\"wp-block-image size-large\"><img data-recalc-dims=\"1\" loading=\"lazy\" decoding=\"async\" width=\"1024\" height=\"768\" data-attachment-id=\"33659\" data-permalink=\"https:\/\/www.zonderdank.be\/saturnein\/2021\/12\/05\/terug-naar-saint-denis-doleron-2\/dsc_0423-2\/\" data-orig-file=\"https:\/\/i0.wp.com\/www.zonderdank.be\/saturnein\/wp-content\/uploads\/2021\/12\/DSC_0423.jpg?fit=1440%2C1080&amp;ssl=1\" data-orig-size=\"1440,1080\" data-comments-opened=\"1\" data-image-meta=\"{&quot;aperture&quot;:&quot;13&quot;,&quot;credit&quot;:&quot;&quot;,&quot;camera&quot;:&quot;NIKON D5200&quot;,&quot;caption&quot;:&quot;&quot;,&quot;created_timestamp&quot;:&quot;1632306645&quot;,&quot;copyright&quot;:&quot;&quot;,&quot;focal_length&quot;:&quot;35&quot;,&quot;iso&quot;:&quot;100&quot;,&quot;shutter_speed&quot;:&quot;0.005&quot;,&quot;title&quot;:&quot;&quot;,&quot;orientation&quot;:&quot;0&quot;}\" data-image-title=\"DSC_0423\" data-image-description=\"\" data-image-caption=\"\" data-large-file=\"https:\/\/i0.wp.com\/www.zonderdank.be\/saturnein\/wp-content\/uploads\/2021\/12\/DSC_0423.jpg?fit=1024%2C768&amp;ssl=1\" src=\"https:\/\/i0.wp.com\/www.zonderdank.be\/saturnein\/wp-content\/uploads\/2021\/12\/DSC_0423.jpg?resize=1024%2C768&#038;ssl=1\" alt=\"\" class=\"wp-image-33659\" srcset=\"https:\/\/i0.wp.com\/www.zonderdank.be\/saturnein\/wp-content\/uploads\/2021\/12\/DSC_0423.jpg?resize=1024%2C768&amp;ssl=1 1024w, https:\/\/i0.wp.com\/www.zonderdank.be\/saturnein\/wp-content\/uploads\/2021\/12\/DSC_0423.jpg?resize=300%2C225&amp;ssl=1 300w, https:\/\/i0.wp.com\/www.zonderdank.be\/saturnein\/wp-content\/uploads\/2021\/12\/DSC_0423.jpg?resize=768%2C576&amp;ssl=1 768w, https:\/\/i0.wp.com\/www.zonderdank.be\/saturnein\/wp-content\/uploads\/2021\/12\/DSC_0423.jpg?resize=80%2C60&amp;ssl=1 80w, https:\/\/i0.wp.com\/www.zonderdank.be\/saturnein\/wp-content\/uploads\/2021\/12\/DSC_0423.jpg?w=1440&amp;ssl=1 1440w\" sizes=\"auto, (max-width: 1000px) 100vw, 1000px\" \/><\/figure>\n\n\n\n<p>Het was een plek waar we graag waren. <\/p>\n\n\n\n<figure class=\"wp-block-image size-large\"><img data-recalc-dims=\"1\" loading=\"lazy\" decoding=\"async\" width=\"1024\" height=\"768\" data-attachment-id=\"33660\" data-permalink=\"https:\/\/www.zonderdank.be\/saturnein\/2021\/12\/05\/terug-naar-saint-denis-doleron-2\/dsc_0433-2\/\" data-orig-file=\"https:\/\/i0.wp.com\/www.zonderdank.be\/saturnein\/wp-content\/uploads\/2021\/12\/DSC_0433.jpg?fit=1440%2C1080&amp;ssl=1\" data-orig-size=\"1440,1080\" data-comments-opened=\"1\" data-image-meta=\"{&quot;aperture&quot;:&quot;13&quot;,&quot;credit&quot;:&quot;&quot;,&quot;camera&quot;:&quot;NIKON D5200&quot;,&quot;caption&quot;:&quot;&quot;,&quot;created_timestamp&quot;:&quot;1632306843&quot;,&quot;copyright&quot;:&quot;&quot;,&quot;focal_length&quot;:&quot;35&quot;,&quot;iso&quot;:&quot;100&quot;,&quot;shutter_speed&quot;:&quot;0.008&quot;,&quot;title&quot;:&quot;&quot;,&quot;orientation&quot;:&quot;0&quot;}\" data-image-title=\"DSC_0433\" data-image-description=\"\" data-image-caption=\"\" data-large-file=\"https:\/\/i0.wp.com\/www.zonderdank.be\/saturnein\/wp-content\/uploads\/2021\/12\/DSC_0433.jpg?fit=1024%2C768&amp;ssl=1\" src=\"https:\/\/i0.wp.com\/www.zonderdank.be\/saturnein\/wp-content\/uploads\/2021\/12\/DSC_0433.jpg?resize=1024%2C768&#038;ssl=1\" alt=\"\" class=\"wp-image-33660\" srcset=\"https:\/\/i0.wp.com\/www.zonderdank.be\/saturnein\/wp-content\/uploads\/2021\/12\/DSC_0433.jpg?resize=1024%2C768&amp;ssl=1 1024w, https:\/\/i0.wp.com\/www.zonderdank.be\/saturnein\/wp-content\/uploads\/2021\/12\/DSC_0433.jpg?resize=300%2C225&amp;ssl=1 300w, https:\/\/i0.wp.com\/www.zonderdank.be\/saturnein\/wp-content\/uploads\/2021\/12\/DSC_0433.jpg?resize=768%2C576&amp;ssl=1 768w, https:\/\/i0.wp.com\/www.zonderdank.be\/saturnein\/wp-content\/uploads\/2021\/12\/DSC_0433.jpg?resize=80%2C60&amp;ssl=1 80w, https:\/\/i0.wp.com\/www.zonderdank.be\/saturnein\/wp-content\/uploads\/2021\/12\/DSC_0433.jpg?w=1440&amp;ssl=1 1440w\" sizes=\"auto, (max-width: 1000px) 100vw, 1000px\" \/><\/figure>\n","protected":false},"excerpt":{"rendered":"<p>Regelmatig keer ik eens terug naar \u201conze reis naar de eilanden\u00e2\u20ac\u009d, zoals we onze twee weken Frankrijk in september hier noemen.\u00c2\u00a0 Op de dag dat we \u00c3\u017dle d&#8217;Ol\u00e9ron achter ons lieten, maakte Meneertje Mertens nog een fietstocht. Ik vond het te hard waaien, en maakte een korter tripje met de fiets naar het fietspad van [&hellip;]<\/p>\n","protected":false},"author":1,"featured_media":33661,"comment_status":"open","ping_status":"open","sticky":false,"template":"","format":"standard","meta":{"jetpack_post_was_ever_published":false,"_jetpack_newsletter_access":"","_jetpack_dont_email_post_to_subs":false,"_jetpack_newsletter_tier_id":0,"_jetpack_memberships_contains_paywalled_content":false,"_jetpack_memberships_contains_paid_content":false,"footnotes":""},"categories":[1315,1775],"tags":[3213,4091,3211,4090,4092,3212,4089],"class_list":["post-33650","post","type-post","status-publish","format-standard","has-post-thumbnail","hentry","category-fotos","category-reizen","tag-aire-camping-car-du-moulin","tag-dubbelkelk","tag-ile-doleron","tag-kaasjeskruid","tag-oleander","tag-saint-denis-doleron","tag-stokroos"],"jetpack_featured_media_url":"https:\/\/i0.wp.com\/www.zonderdank.be\/saturnein\/wp-content\/uploads\/2021\/12\/DSC_0268.jpg?fit=1440%2C1080&ssl=1","jetpack_sharing_enabled":true,"jetpack_shortlink":"https:\/\/wp.me\/p2l47o-8KK","jetpack_likes_enabled":true,"jetpack-related-posts":[],"_links":{"self":[{"href":"https:\/\/www.zonderdank.be\/saturnein\/wp-json\/wp\/v2\/posts\/33650","targetHints":{"allow":["GET"]}}],"collection":[{"href":"https:\/\/www.zonderdank.be\/saturnein\/wp-json\/wp\/v2\/posts"}],"about":[{"href":"https:\/\/www.zonderdank.be\/saturnein\/wp-json\/wp\/v2\/types\/post"}],"author":[{"embeddable":true,"href":"https:\/\/www.zonderdank.be\/saturnein\/wp-json\/wp\/v2\/users\/1"}],"replies":[{"embeddable":true,"href":"https:\/\/www.zonderdank.be\/saturnein\/wp-json\/wp\/v2\/comments?post=33650"}],"version-history":[{"count":2,"href":"https:\/\/www.zonderdank.be\/saturnein\/wp-json\/wp\/v2\/posts\/33650\/revisions"}],"predecessor-version":[{"id":33663,"href":"https:\/\/www.zonderdank.be\/saturnein\/wp-json\/wp\/v2\/posts\/33650\/revisions\/33663"}],"wp:featuredmedia":[{"embeddable":true,"href":"https:\/\/www.zonderdank.be\/saturnein\/wp-json\/wp\/v2\/media\/33661"}],"wp:attachment":[{"href":"https:\/\/www.zonderdank.be\/saturnein\/wp-json\/wp\/v2\/media?parent=33650"}],"wp:term":[{"taxonomy":"category","embeddable":true,"href":"https:\/\/www.zonderdank.be\/saturnein\/wp-json\/wp\/v2\/categories?post=33650"},{"taxonomy":"post_tag","embeddable":true,"href":"https:\/\/www.zonderdank.be\/saturnein\/wp-json\/wp\/v2\/tags?post=33650"}],"curies":[{"name":"wp","href":"https:\/\/api.w.org\/{rel}","templated":true}]}}