{"id":33574,"date":"2021-11-25T08:58:00","date_gmt":"2021-11-25T07:58:00","guid":{"rendered":"https:\/\/www.zonderdank.be\/saturnein\/?p=33574"},"modified":"2021-11-25T09:03:17","modified_gmt":"2021-11-25T08:03:17","slug":"throwback-thursday-uit-de-oude-doos-47","status":"publish","type":"post","link":"https:\/\/www.zonderdank.be\/saturnein\/2021\/11\/25\/throwback-thursday-uit-de-oude-doos-47\/","title":{"rendered":"Throwback Thursday: Uit de oude doos (47)"},"content":{"rendered":"\n<blockquote class=\"wp-block-quote is-layout-flow wp-block-quote-is-layout-flow\"><p><em><span style=\"color:#783c77\" class=\"has-inline-color\">Op donderdag is het hier Throwback Thursday. In 2021 duik ik in mijn analoog fotoarchief en scan foto\u2019s in. Elke week \u00e9\u00e9n foto, eens zien hoe lang ik dat volhou, ha! Van enige chronologische aanpak of logische volgorde is geen sprake, ik neem een willekeurig fotoalbum en scan een foto in.<\/span><\/em><\/p><\/blockquote>\n\n\n\n<p>In mijn <a href=\"https:\/\/www.zonderdank.be\/saturnein\/2021\/11\/18\/throwback-thursday-uit-de-oude-doos-46\/\">blogbericht van vorige week<\/a> naar aanleiding van de verjaardag van mijn ma, schreef ik dat ik geen foto&#8217;s heb van haar als baby. <\/p>\n\n\n\n<p>De dag nadien ontving ik een mail van Herman: <\/p>\n\n\n\n<p><em>&#8220;Gisteren vroeg ik aan je ma of zij geen oudere foto&#8217;s van haar heeft dan de oudste in jouw blogpost van gisteren.<br>Ze zei niet veel, maar een paar uur later zei ze dat ze een album had opengelegd\u2026&#8221;<\/em><\/p>\n\n\n\n<p><em>De eerste foto is er een met Tante Valentina, een tante van Pee(*). Zij was vroedvrouw en heeft meegeholpen bij de geboorte van je ma.<\/em><\/p>\n\n\n\n<div class=\"wp-block-image\"><figure class=\"aligncenter size-large is-resized\"><img data-recalc-dims=\"1\" loading=\"lazy\" decoding=\"async\" data-attachment-id=\"33575\" data-permalink=\"https:\/\/www.zonderdank.be\/saturnein\/2021\/11\/25\/throwback-thursday-uit-de-oude-doos-47\/hug-peuter01\/\" data-orig-file=\"https:\/\/i0.wp.com\/www.zonderdank.be\/saturnein\/wp-content\/uploads\/2021\/11\/hug-peuter01.jpg?fit=1567%2C2169&amp;ssl=1\" data-orig-size=\"1567,2169\" data-comments-opened=\"1\" data-image-meta=\"{&quot;aperture&quot;:&quot;0&quot;,&quot;credit&quot;:&quot;&quot;,&quot;camera&quot;:&quot;CanoScan 9000F&quot;,&quot;caption&quot;:&quot;&quot;,&quot;created_timestamp&quot;:&quot;1637248740&quot;,&quot;copyright&quot;:&quot;&quot;,&quot;focal_length&quot;:&quot;0&quot;,&quot;iso&quot;:&quot;0&quot;,&quot;shutter_speed&quot;:&quot;0&quot;,&quot;title&quot;:&quot;&quot;,&quot;orientation&quot;:&quot;1&quot;}\" data-image-title=\"hug-peuter01\" data-image-description=\"\" data-image-caption=\"\" data-large-file=\"https:\/\/i0.wp.com\/www.zonderdank.be\/saturnein\/wp-content\/uploads\/2021\/11\/hug-peuter01.jpg?fit=740%2C1024&amp;ssl=1\" src=\"https:\/\/i0.wp.com\/www.zonderdank.be\/saturnein\/wp-content\/uploads\/2021\/11\/hug-peuter01.jpg?resize=572%2C792&#038;ssl=1\" alt=\"\" class=\"wp-image-33575\" width=\"572\" height=\"792\" srcset=\"https:\/\/i0.wp.com\/www.zonderdank.be\/saturnein\/wp-content\/uploads\/2021\/11\/hug-peuter01.jpg?resize=740%2C1024&amp;ssl=1 740w, https:\/\/i0.wp.com\/www.zonderdank.be\/saturnein\/wp-content\/uploads\/2021\/11\/hug-peuter01.jpg?resize=217%2C300&amp;ssl=1 217w, https:\/\/i0.wp.com\/www.zonderdank.be\/saturnein\/wp-content\/uploads\/2021\/11\/hug-peuter01.jpg?resize=768%2C1063&amp;ssl=1 768w, https:\/\/i0.wp.com\/www.zonderdank.be\/saturnein\/wp-content\/uploads\/2021\/11\/hug-peuter01.jpg?resize=1110%2C1536&amp;ssl=1 1110w, https:\/\/i0.wp.com\/www.zonderdank.be\/saturnein\/wp-content\/uploads\/2021\/11\/hug-peuter01.jpg?resize=1480%2C2048&amp;ssl=1 1480w, https:\/\/i0.wp.com\/www.zonderdank.be\/saturnein\/wp-content\/uploads\/2021\/11\/hug-peuter01.jpg?resize=43%2C60&amp;ssl=1 43w, https:\/\/i0.wp.com\/www.zonderdank.be\/saturnein\/wp-content\/uploads\/2021\/11\/hug-peuter01.jpg?w=1567&amp;ssl=1 1567w\" sizes=\"auto, (max-width: 572px) 100vw, 572px\" \/><\/figure><\/div>\n\n\n\n<p>De foto werd dus gemaakt in 1936. Ik vermoed dat onderstaande foto uit hetzelfde jaar is, of uit 1937 mijn ma lijkt me hier toch nog een klein peutertje. Samen met Mee en Pee. <\/p>\n\n\n\n<div class=\"wp-block-image\"><figure class=\"aligncenter size-large is-resized\"><img data-recalc-dims=\"1\" loading=\"lazy\" decoding=\"async\" data-attachment-id=\"33576\" data-permalink=\"https:\/\/www.zonderdank.be\/saturnein\/2021\/11\/25\/throwback-thursday-uit-de-oude-doos-47\/hug-peuter04\/\" data-orig-file=\"https:\/\/i0.wp.com\/www.zonderdank.be\/saturnein\/wp-content\/uploads\/2021\/11\/hug-peuter04.jpg?fit=1611%2C2177&amp;ssl=1\" data-orig-size=\"1611,2177\" data-comments-opened=\"1\" data-image-meta=\"{&quot;aperture&quot;:&quot;0&quot;,&quot;credit&quot;:&quot;&quot;,&quot;camera&quot;:&quot;CanoScan 9000F&quot;,&quot;caption&quot;:&quot;&quot;,&quot;created_timestamp&quot;:&quot;1637248742&quot;,&quot;copyright&quot;:&quot;&quot;,&quot;focal_length&quot;:&quot;0&quot;,&quot;iso&quot;:&quot;0&quot;,&quot;shutter_speed&quot;:&quot;0&quot;,&quot;title&quot;:&quot;&quot;,&quot;orientation&quot;:&quot;1&quot;}\" data-image-title=\"hug peuter04\" data-image-description=\"\" data-image-caption=\"\" data-large-file=\"https:\/\/i0.wp.com\/www.zonderdank.be\/saturnein\/wp-content\/uploads\/2021\/11\/hug-peuter04.jpg?fit=758%2C1024&amp;ssl=1\" src=\"https:\/\/i0.wp.com\/www.zonderdank.be\/saturnein\/wp-content\/uploads\/2021\/11\/hug-peuter04.jpg?resize=587%2C793&#038;ssl=1\" alt=\"\" class=\"wp-image-33576\" width=\"587\" height=\"793\" srcset=\"https:\/\/i0.wp.com\/www.zonderdank.be\/saturnein\/wp-content\/uploads\/2021\/11\/hug-peuter04.jpg?resize=758%2C1024&amp;ssl=1 758w, https:\/\/i0.wp.com\/www.zonderdank.be\/saturnein\/wp-content\/uploads\/2021\/11\/hug-peuter04.jpg?resize=222%2C300&amp;ssl=1 222w, https:\/\/i0.wp.com\/www.zonderdank.be\/saturnein\/wp-content\/uploads\/2021\/11\/hug-peuter04.jpg?resize=768%2C1038&amp;ssl=1 768w, https:\/\/i0.wp.com\/www.zonderdank.be\/saturnein\/wp-content\/uploads\/2021\/11\/hug-peuter04.jpg?resize=1137%2C1536&amp;ssl=1 1137w, https:\/\/i0.wp.com\/www.zonderdank.be\/saturnein\/wp-content\/uploads\/2021\/11\/hug-peuter04.jpg?resize=1516%2C2048&amp;ssl=1 1516w, https:\/\/i0.wp.com\/www.zonderdank.be\/saturnein\/wp-content\/uploads\/2021\/11\/hug-peuter04.jpg?resize=44%2C60&amp;ssl=1 44w, https:\/\/i0.wp.com\/www.zonderdank.be\/saturnein\/wp-content\/uploads\/2021\/11\/hug-peuter04.jpg?w=1611&amp;ssl=1 1611w\" sizes=\"auto, (max-width: 587px) 100vw, 587px\" \/><\/figure><\/div>\n\n\n\n<p>Ik vind dat dus echt fantastisch, die foto&#8217;s van toen. Ik hou er nog een paar achter de hand, moest ik de komende weken zonder inspiratie vallen. <\/p>\n\n\n\n<p>(*) Pee is mijn grootvader, we hebben het thuis over Mee en Pee en Ma &#8211; waarbij Mee en Pee uiteraard van m\u00e9m\u00e9 en p\u00e9p\u00e9 komen.<\/p>\n\n\n\n<p><\/p>\n","protected":false},"excerpt":{"rendered":"<p>Op donderdag is het hier Throwback Thursday. In 2021 duik ik in mijn analoog fotoarchief en scan foto\u2019s in. Elke week \u00e9\u00e9n foto, eens zien hoe lang ik dat volhou, ha! Van enige chronologische aanpak of logische volgorde is geen sprake, ik neem een willekeurig fotoalbum en scan een foto in. In mijn blogbericht van [&hellip;]<\/p>\n","protected":false},"author":1,"featured_media":31199,"comment_status":"open","ping_status":"open","sticky":false,"template":"","format":"standard","meta":{"jetpack_post_was_ever_published":false,"_jetpack_newsletter_access":"","_jetpack_dont_email_post_to_subs":false,"_jetpack_newsletter_tier_id":0,"_jetpack_memberships_contains_paywalled_content":false,"_jetpack_memberships_contains_paid_content":false,"footnotes":""},"categories":[13,1315],"tags":[3979,2541,3566],"class_list":["post-33574","post","type-post","status-publish","format-standard","has-post-thumbnail","hentry","category-familie","category-fotos","tag-familieportret","tag-throwback-thursday","tag-uit-de-oude-doos"],"jetpack_featured_media_url":"https:\/\/i0.wp.com\/www.zonderdank.be\/saturnein\/wp-content\/uploads\/2021\/05\/throwback02.png?fit=800%2C500&ssl=1","jetpack_sharing_enabled":true,"jetpack_shortlink":"https:\/\/wp.me\/p2l47o-8Jw","jetpack_likes_enabled":true,"jetpack-related-posts":[],"_links":{"self":[{"href":"https:\/\/www.zonderdank.be\/saturnein\/wp-json\/wp\/v2\/posts\/33574","targetHints":{"allow":["GET"]}}],"collection":[{"href":"https:\/\/www.zonderdank.be\/saturnein\/wp-json\/wp\/v2\/posts"}],"about":[{"href":"https:\/\/www.zonderdank.be\/saturnein\/wp-json\/wp\/v2\/types\/post"}],"author":[{"embeddable":true,"href":"https:\/\/www.zonderdank.be\/saturnein\/wp-json\/wp\/v2\/users\/1"}],"replies":[{"embeddable":true,"href":"https:\/\/www.zonderdank.be\/saturnein\/wp-json\/wp\/v2\/comments?post=33574"}],"version-history":[{"count":2,"href":"https:\/\/www.zonderdank.be\/saturnein\/wp-json\/wp\/v2\/posts\/33574\/revisions"}],"predecessor-version":[{"id":33592,"href":"https:\/\/www.zonderdank.be\/saturnein\/wp-json\/wp\/v2\/posts\/33574\/revisions\/33592"}],"wp:featuredmedia":[{"embeddable":true,"href":"https:\/\/www.zonderdank.be\/saturnein\/wp-json\/wp\/v2\/media\/31199"}],"wp:attachment":[{"href":"https:\/\/www.zonderdank.be\/saturnein\/wp-json\/wp\/v2\/media?parent=33574"}],"wp:term":[{"taxonomy":"category","embeddable":true,"href":"https:\/\/www.zonderdank.be\/saturnein\/wp-json\/wp\/v2\/categories?post=33574"},{"taxonomy":"post_tag","embeddable":true,"href":"https:\/\/www.zonderdank.be\/saturnein\/wp-json\/wp\/v2\/tags?post=33574"}],"curies":[{"name":"wp","href":"https:\/\/api.w.org\/{rel}","templated":true}]}}