{"id":33081,"date":"2021-10-03T09:05:46","date_gmt":"2021-10-03T07:05:46","guid":{"rendered":"https:\/\/www.zonderdank.be\/saturnein\/?p=33081"},"modified":"2021-10-03T09:10:46","modified_gmt":"2021-10-03T07:10:46","slug":"op-reis-saint-saturnin-merlimont-thuis","status":"publish","type":"post","link":"https:\/\/www.zonderdank.be\/saturnein\/2021\/10\/03\/op-reis-saint-saturnin-merlimont-thuis\/","title":{"rendered":"Op reis: Saint-Saturnin &#8211; Merlimont &#8211; thuis"},"content":{"rendered":"\n<p><strong>Vrijdag 1 oktober<\/strong><\/p>\n\n\n\n<p>Opnieuw een lange verplaatsing richting Belgi\u00eb vandaag. De wekker staat om 4u30, we hebben niet echt veel werk om ons klaar te maken en vertrekken al rond 6u vanuit Saint-Saturnin. <\/p>\n\n\n\n<figure class=\"wp-block-image size-large\"><img data-recalc-dims=\"1\" loading=\"lazy\" decoding=\"async\" width=\"1024\" height=\"498\" data-attachment-id=\"33083\" data-permalink=\"https:\/\/www.zonderdank.be\/saturnein\/20211001_062241\/\" data-orig-file=\"https:\/\/i0.wp.com\/www.zonderdank.be\/saturnein\/wp-content\/uploads\/2021\/10\/20211001_062241.jpg?fit=1920%2C933&amp;ssl=1\" data-orig-size=\"1920,933\" data-comments-opened=\"1\" data-image-meta=\"{&quot;aperture&quot;:&quot;1.7&quot;,&quot;credit&quot;:&quot;&quot;,&quot;camera&quot;:&quot;SM-G950F&quot;,&quot;caption&quot;:&quot;&quot;,&quot;created_timestamp&quot;:&quot;1633069361&quot;,&quot;copyright&quot;:&quot;&quot;,&quot;focal_length&quot;:&quot;4.2&quot;,&quot;iso&quot;:&quot;1250&quot;,&quot;shutter_speed&quot;:&quot;0.1&quot;,&quot;title&quot;:&quot;&quot;,&quot;orientation&quot;:&quot;1&quot;}\" data-image-title=\"20211001_062241\" data-image-description=\"\" data-image-caption=\"\" data-large-file=\"https:\/\/i0.wp.com\/www.zonderdank.be\/saturnein\/wp-content\/uploads\/2021\/10\/20211001_062241.jpg?fit=1024%2C498&amp;ssl=1\" src=\"https:\/\/i0.wp.com\/www.zonderdank.be\/saturnein\/wp-content\/uploads\/2021\/10\/20211001_062241.jpg?resize=1024%2C498&#038;ssl=1\" alt=\"\" class=\"wp-image-33083\" srcset=\"https:\/\/i0.wp.com\/www.zonderdank.be\/saturnein\/wp-content\/uploads\/2021\/10\/20211001_062241.jpg?resize=1024%2C498&amp;ssl=1 1024w, https:\/\/i0.wp.com\/www.zonderdank.be\/saturnein\/wp-content\/uploads\/2021\/10\/20211001_062241.jpg?resize=300%2C146&amp;ssl=1 300w, https:\/\/i0.wp.com\/www.zonderdank.be\/saturnein\/wp-content\/uploads\/2021\/10\/20211001_062241.jpg?resize=768%2C373&amp;ssl=1 768w, https:\/\/i0.wp.com\/www.zonderdank.be\/saturnein\/wp-content\/uploads\/2021\/10\/20211001_062241.jpg?resize=1536%2C746&amp;ssl=1 1536w, https:\/\/i0.wp.com\/www.zonderdank.be\/saturnein\/wp-content\/uploads\/2021\/10\/20211001_062241.jpg?resize=555%2C270&amp;ssl=1 555w, https:\/\/i0.wp.com\/www.zonderdank.be\/saturnein\/wp-content\/uploads\/2021\/10\/20211001_062241.jpg?w=1920&amp;ssl=1 1920w\" sizes=\"auto, (max-width: 1000px) 100vw, 1000px\" \/><\/figure>\n\n\n\n<p>We rijden een eerste stuk in het donker, gelukkig over comfortabele wegen. Het is nog niet druk. We rijden Alen\u00e7on\u00c2\u00a0in nog doenbare omstandigheden door. Ondertussen komt de zon op, tussen de wolken door. Er is regen voorspeld, maar hier blijft het voorlopig droog. En de zon doet wel eens iets moois. <\/p>\n\n\n\n<figure class=\"wp-block-image size-large\"><img data-recalc-dims=\"1\" loading=\"lazy\" decoding=\"async\" width=\"1024\" height=\"576\" data-attachment-id=\"33084\" data-permalink=\"https:\/\/www.zonderdank.be\/saturnein\/20211001_083623\/\" data-orig-file=\"https:\/\/i0.wp.com\/www.zonderdank.be\/saturnein\/wp-content\/uploads\/2021\/10\/20211001_083623.jpg?fit=1920%2C1080&amp;ssl=1\" data-orig-size=\"1920,1080\" data-comments-opened=\"1\" data-image-meta=\"{&quot;aperture&quot;:&quot;1.7&quot;,&quot;credit&quot;:&quot;&quot;,&quot;camera&quot;:&quot;SM-G950F&quot;,&quot;caption&quot;:&quot;&quot;,&quot;created_timestamp&quot;:&quot;1633077383&quot;,&quot;copyright&quot;:&quot;&quot;,&quot;focal_length&quot;:&quot;4.2&quot;,&quot;iso&quot;:&quot;40&quot;,&quot;shutter_speed&quot;:&quot;0.00086505190311419&quot;,&quot;title&quot;:&quot;&quot;,&quot;orientation&quot;:&quot;1&quot;}\" data-image-title=\"20211001_083623\" data-image-description=\"\" data-image-caption=\"\" data-large-file=\"https:\/\/i0.wp.com\/www.zonderdank.be\/saturnein\/wp-content\/uploads\/2021\/10\/20211001_083623.jpg?fit=1024%2C576&amp;ssl=1\" src=\"https:\/\/i0.wp.com\/www.zonderdank.be\/saturnein\/wp-content\/uploads\/2021\/10\/20211001_083623.jpg?resize=1024%2C576&#038;ssl=1\" alt=\"\" class=\"wp-image-33084\" srcset=\"https:\/\/i0.wp.com\/www.zonderdank.be\/saturnein\/wp-content\/uploads\/2021\/10\/20211001_083623.jpg?resize=1024%2C576&amp;ssl=1 1024w, https:\/\/i0.wp.com\/www.zonderdank.be\/saturnein\/wp-content\/uploads\/2021\/10\/20211001_083623.jpg?resize=300%2C169&amp;ssl=1 300w, https:\/\/i0.wp.com\/www.zonderdank.be\/saturnein\/wp-content\/uploads\/2021\/10\/20211001_083623.jpg?resize=768%2C432&amp;ssl=1 768w, https:\/\/i0.wp.com\/www.zonderdank.be\/saturnein\/wp-content\/uploads\/2021\/10\/20211001_083623.jpg?resize=1536%2C864&amp;ssl=1 1536w, https:\/\/i0.wp.com\/www.zonderdank.be\/saturnein\/wp-content\/uploads\/2021\/10\/20211001_083623.jpg?resize=555%2C312&amp;ssl=1 555w, https:\/\/i0.wp.com\/www.zonderdank.be\/saturnein\/wp-content\/uploads\/2021\/10\/20211001_083623.jpg?w=1920&amp;ssl=1 1920w\" sizes=\"auto, (max-width: 1000px) 100vw, 1000px\" \/><\/figure>\n\n\n\n<p>We stoppen op een Aire voor ons ontbijt en een kop koffie.Ik heb onze route zo gepland dat we Rouen niet moeten doorrijden, we rijden er links van en zo naar de kust. <\/p>\n\n\n\n<p>Ook nu rijden we over een mix van grotere departementale wegen, maar soms ook smallere wegen. <\/p>\n\n\n\n<figure class=\"wp-block-image size-large\"><img data-recalc-dims=\"1\" loading=\"lazy\" decoding=\"async\" width=\"1024\" height=\"769\" data-attachment-id=\"33085\" data-permalink=\"https:\/\/www.zonderdank.be\/saturnein\/20211001_090518\/\" data-orig-file=\"https:\/\/i0.wp.com\/www.zonderdank.be\/saturnein\/wp-content\/uploads\/2021\/10\/20211001_090518.jpg?fit=1439%2C1080&amp;ssl=1\" data-orig-size=\"1439,1080\" data-comments-opened=\"1\" data-image-meta=\"{&quot;aperture&quot;:&quot;1.7&quot;,&quot;credit&quot;:&quot;&quot;,&quot;camera&quot;:&quot;SM-G950F&quot;,&quot;caption&quot;:&quot;&quot;,&quot;created_timestamp&quot;:&quot;1633079118&quot;,&quot;copyright&quot;:&quot;&quot;,&quot;focal_length&quot;:&quot;4.2&quot;,&quot;iso&quot;:&quot;40&quot;,&quot;shutter_speed&quot;:&quot;0.0076335877862595&quot;,&quot;title&quot;:&quot;&quot;,&quot;orientation&quot;:&quot;1&quot;}\" data-image-title=\"20211001_090518\" data-image-description=\"\" data-image-caption=\"\" data-large-file=\"https:\/\/i0.wp.com\/www.zonderdank.be\/saturnein\/wp-content\/uploads\/2021\/10\/20211001_090518.jpg?fit=1024%2C769&amp;ssl=1\" src=\"https:\/\/i0.wp.com\/www.zonderdank.be\/saturnein\/wp-content\/uploads\/2021\/10\/20211001_090518.jpg?resize=1024%2C769&#038;ssl=1\" alt=\"\" class=\"wp-image-33085\" srcset=\"https:\/\/i0.wp.com\/www.zonderdank.be\/saturnein\/wp-content\/uploads\/2021\/10\/20211001_090518.jpg?resize=1024%2C769&amp;ssl=1 1024w, https:\/\/i0.wp.com\/www.zonderdank.be\/saturnein\/wp-content\/uploads\/2021\/10\/20211001_090518.jpg?resize=300%2C225&amp;ssl=1 300w, https:\/\/i0.wp.com\/www.zonderdank.be\/saturnein\/wp-content\/uploads\/2021\/10\/20211001_090518.jpg?resize=768%2C576&amp;ssl=1 768w, https:\/\/i0.wp.com\/www.zonderdank.be\/saturnein\/wp-content\/uploads\/2021\/10\/20211001_090518.jpg?resize=555%2C417&amp;ssl=1 555w, https:\/\/i0.wp.com\/www.zonderdank.be\/saturnein\/wp-content\/uploads\/2021\/10\/20211001_090518.jpg?w=1439&amp;ssl=1 1439w\" sizes=\"auto, (max-width: 1000px) 100vw, 1000px\" \/><\/figure>\n\n\n\n<figure class=\"wp-block-image size-large\"><img data-recalc-dims=\"1\" loading=\"lazy\" decoding=\"async\" width=\"1024\" height=\"498\" data-attachment-id=\"33086\" data-permalink=\"https:\/\/www.zonderdank.be\/saturnein\/20211001_090549\/\" data-orig-file=\"https:\/\/i0.wp.com\/www.zonderdank.be\/saturnein\/wp-content\/uploads\/2021\/10\/20211001_090549.jpg?fit=1920%2C934&amp;ssl=1\" data-orig-size=\"1920,934\" data-comments-opened=\"1\" data-image-meta=\"{&quot;aperture&quot;:&quot;1.7&quot;,&quot;credit&quot;:&quot;&quot;,&quot;camera&quot;:&quot;SM-G950F&quot;,&quot;caption&quot;:&quot;&quot;,&quot;created_timestamp&quot;:&quot;1633079149&quot;,&quot;copyright&quot;:&quot;&quot;,&quot;focal_length&quot;:&quot;4.2&quot;,&quot;iso&quot;:&quot;40&quot;,&quot;shutter_speed&quot;:&quot;0.0031847133757962&quot;,&quot;title&quot;:&quot;&quot;,&quot;orientation&quot;:&quot;1&quot;}\" data-image-title=\"20211001_090549\" data-image-description=\"\" data-image-caption=\"\" data-large-file=\"https:\/\/i0.wp.com\/www.zonderdank.be\/saturnein\/wp-content\/uploads\/2021\/10\/20211001_090549.jpg?fit=1024%2C498&amp;ssl=1\" src=\"https:\/\/i0.wp.com\/www.zonderdank.be\/saturnein\/wp-content\/uploads\/2021\/10\/20211001_090549.jpg?resize=1024%2C498&#038;ssl=1\" alt=\"\" class=\"wp-image-33086\" srcset=\"https:\/\/i0.wp.com\/www.zonderdank.be\/saturnein\/wp-content\/uploads\/2021\/10\/20211001_090549.jpg?resize=1024%2C498&amp;ssl=1 1024w, https:\/\/i0.wp.com\/www.zonderdank.be\/saturnein\/wp-content\/uploads\/2021\/10\/20211001_090549.jpg?resize=300%2C146&amp;ssl=1 300w, https:\/\/i0.wp.com\/www.zonderdank.be\/saturnein\/wp-content\/uploads\/2021\/10\/20211001_090549.jpg?resize=768%2C374&amp;ssl=1 768w, https:\/\/i0.wp.com\/www.zonderdank.be\/saturnein\/wp-content\/uploads\/2021\/10\/20211001_090549.jpg?resize=1536%2C747&amp;ssl=1 1536w, https:\/\/i0.wp.com\/www.zonderdank.be\/saturnein\/wp-content\/uploads\/2021\/10\/20211001_090549.jpg?resize=555%2C270&amp;ssl=1 555w, https:\/\/i0.wp.com\/www.zonderdank.be\/saturnein\/wp-content\/uploads\/2021\/10\/20211001_090549.jpg?w=1920&amp;ssl=1 1920w\" sizes=\"auto, (max-width: 1000px) 100vw, 1000px\" \/><\/figure>\n\n\n\n<p>We rijden de Seine over via de Pont de Brotonne.<\/p>\n\n\n\n<figure class=\"wp-block-image size-large\"><img data-recalc-dims=\"1\" loading=\"lazy\" decoding=\"async\" width=\"1024\" height=\"769\" data-attachment-id=\"33087\" data-permalink=\"https:\/\/www.zonderdank.be\/saturnein\/20211001_095555\/\" data-orig-file=\"https:\/\/i0.wp.com\/www.zonderdank.be\/saturnein\/wp-content\/uploads\/2021\/10\/20211001_095555.jpg?fit=1439%2C1080&amp;ssl=1\" data-orig-size=\"1439,1080\" data-comments-opened=\"1\" data-image-meta=\"{&quot;aperture&quot;:&quot;1.7&quot;,&quot;credit&quot;:&quot;&quot;,&quot;camera&quot;:&quot;SM-G950F&quot;,&quot;caption&quot;:&quot;&quot;,&quot;created_timestamp&quot;:&quot;1633082155&quot;,&quot;copyright&quot;:&quot;&quot;,&quot;focal_length&quot;:&quot;4.2&quot;,&quot;iso&quot;:&quot;40&quot;,&quot;shutter_speed&quot;:&quot;0.001063829787234&quot;,&quot;title&quot;:&quot;&quot;,&quot;orientation&quot;:&quot;1&quot;}\" data-image-title=\"20211001_095555\" data-image-description=\"\" data-image-caption=\"\" data-large-file=\"https:\/\/i0.wp.com\/www.zonderdank.be\/saturnein\/wp-content\/uploads\/2021\/10\/20211001_095555.jpg?fit=1024%2C769&amp;ssl=1\" src=\"https:\/\/i0.wp.com\/www.zonderdank.be\/saturnein\/wp-content\/uploads\/2021\/10\/20211001_095555.jpg?resize=1024%2C769&#038;ssl=1\" alt=\"\" class=\"wp-image-33087\" srcset=\"https:\/\/i0.wp.com\/www.zonderdank.be\/saturnein\/wp-content\/uploads\/2021\/10\/20211001_095555.jpg?resize=1024%2C769&amp;ssl=1 1024w, https:\/\/i0.wp.com\/www.zonderdank.be\/saturnein\/wp-content\/uploads\/2021\/10\/20211001_095555.jpg?resize=300%2C225&amp;ssl=1 300w, https:\/\/i0.wp.com\/www.zonderdank.be\/saturnein\/wp-content\/uploads\/2021\/10\/20211001_095555.jpg?resize=768%2C576&amp;ssl=1 768w, https:\/\/i0.wp.com\/www.zonderdank.be\/saturnein\/wp-content\/uploads\/2021\/10\/20211001_095555.jpg?resize=555%2C417&amp;ssl=1 555w, https:\/\/i0.wp.com\/www.zonderdank.be\/saturnein\/wp-content\/uploads\/2021\/10\/20211001_095555.jpg?w=1439&amp;ssl=1 1439w\" sizes=\"auto, (max-width: 1000px) 100vw, 1000px\" \/><\/figure>\n\n\n\n<p> In Val-de-Sa\u00e2ne is de volgende stop. Van daaruit rijden we richting Dieppe, waar we het herkennen. Ofwel van het doorrijden, ofwel van een eerdere trip, zeker ben ik het niet. Wat wel zeker is, is dat we vanaf nu een stuk langs de kust rijden. Al snel belanden we op de <a href=\"https:\/\/thegoodlifefrance.com\/the-beautiful-scenic-road-of-the-opal-coast\/\">D940, een weg waar ik van hou<\/a>. Zo&#8217;n beetje hetzelfde gevoel als voor onze N60. <\/p>\n\n\n\n<p>Ondertussen is het wel beginnen regenen. Voorlopig nog niet al te erg, en niet constant. We passeren langs Criel-sur-Mer en Flocques, daar waren we in ieder geval in het begin van onze reis. Ook Cayeux-sur-Mer, wat onze initi\u00eble bestemming was voor vandaag, passeren we. Maar we rijden nog wat verder, richting Merlimont. Hebben we morgenvroeg iets minder kilometers te doen. <\/p>\n\n\n\n<p>Als we Mers-les-Bains gepasseerd zijn, denk ik eraan dat we op de camperplaats wellicht geen zicht op zee zullen hebben. Zouden we niet beter eens ergens stoppen, en onze lunch opeten met zicht op zee? Meneertje Mertens is akkoord, en bij de eerste de beste mogelijkheid slaat hij linksaf. En dat is meteen perfect. <\/p>\n\n\n\n<figure class=\"wp-block-image size-large\"><img data-recalc-dims=\"1\" loading=\"lazy\" decoding=\"async\" width=\"1024\" height=\"576\" data-attachment-id=\"33089\" data-permalink=\"https:\/\/www.zonderdank.be\/saturnein\/20211001_123009\/\" data-orig-file=\"https:\/\/i0.wp.com\/www.zonderdank.be\/saturnein\/wp-content\/uploads\/2021\/10\/20211001_123009.jpg?fit=1920%2C1080&amp;ssl=1\" data-orig-size=\"1920,1080\" data-comments-opened=\"1\" data-image-meta=\"{&quot;aperture&quot;:&quot;2.4&quot;,&quot;credit&quot;:&quot;&quot;,&quot;camera&quot;:&quot;SM-N960F&quot;,&quot;caption&quot;:&quot;&quot;,&quot;created_timestamp&quot;:&quot;1633091409&quot;,&quot;copyright&quot;:&quot;&quot;,&quot;focal_length&quot;:&quot;4.3&quot;,&quot;iso&quot;:&quot;50&quot;,&quot;shutter_speed&quot;:&quot;0.02&quot;,&quot;title&quot;:&quot;&quot;,&quot;orientation&quot;:&quot;1&quot;}\" data-image-title=\"20211001_123009\" data-image-description=\"\" data-image-caption=\"\" data-large-file=\"https:\/\/i0.wp.com\/www.zonderdank.be\/saturnein\/wp-content\/uploads\/2021\/10\/20211001_123009.jpg?fit=1024%2C576&amp;ssl=1\" src=\"https:\/\/i0.wp.com\/www.zonderdank.be\/saturnein\/wp-content\/uploads\/2021\/10\/20211001_123009.jpg?resize=1024%2C576&#038;ssl=1\" alt=\"\" class=\"wp-image-33089\" srcset=\"https:\/\/i0.wp.com\/www.zonderdank.be\/saturnein\/wp-content\/uploads\/2021\/10\/20211001_123009.jpg?resize=1024%2C576&amp;ssl=1 1024w, https:\/\/i0.wp.com\/www.zonderdank.be\/saturnein\/wp-content\/uploads\/2021\/10\/20211001_123009.jpg?resize=300%2C169&amp;ssl=1 300w, https:\/\/i0.wp.com\/www.zonderdank.be\/saturnein\/wp-content\/uploads\/2021\/10\/20211001_123009.jpg?resize=768%2C432&amp;ssl=1 768w, https:\/\/i0.wp.com\/www.zonderdank.be\/saturnein\/wp-content\/uploads\/2021\/10\/20211001_123009.jpg?resize=1536%2C864&amp;ssl=1 1536w, https:\/\/i0.wp.com\/www.zonderdank.be\/saturnein\/wp-content\/uploads\/2021\/10\/20211001_123009.jpg?resize=555%2C312&amp;ssl=1 555w, https:\/\/i0.wp.com\/www.zonderdank.be\/saturnein\/wp-content\/uploads\/2021\/10\/20211001_123009.jpg?w=1920&amp;ssl=1 1920w\" sizes=\"auto, (max-width: 1000px) 100vw, 1000px\" \/><\/figure>\n\n\n\n<p>We rijden bergop richting kust, en belanden op een heerlijke plek (Plage du Bois de Cise in Ault), waar we de camper met de neus naar de zee zetten, en onze boterhammen opeten met zicht op de kust. Wat mooi. Ook bij regen en grijze lucht. Ik ga nog eens naar buiten om foto&#8217;s te maken, en daarna trekken we verder. <\/p>\n\n\n\n<figure class=\"wp-block-image size-large\"><img data-recalc-dims=\"1\" loading=\"lazy\" decoding=\"async\" width=\"1024\" height=\"498\" data-attachment-id=\"33090\" data-permalink=\"https:\/\/www.zonderdank.be\/saturnein\/20211001_132201\/\" data-orig-file=\"https:\/\/i0.wp.com\/www.zonderdank.be\/saturnein\/wp-content\/uploads\/2021\/10\/20211001_132201.jpg?fit=1920%2C933&amp;ssl=1\" data-orig-size=\"1920,933\" data-comments-opened=\"1\" data-image-meta=\"{&quot;aperture&quot;:&quot;1.7&quot;,&quot;credit&quot;:&quot;&quot;,&quot;camera&quot;:&quot;SM-G950F&quot;,&quot;caption&quot;:&quot;&quot;,&quot;created_timestamp&quot;:&quot;1633094521&quot;,&quot;copyright&quot;:&quot;&quot;,&quot;focal_length&quot;:&quot;4.2&quot;,&quot;iso&quot;:&quot;40&quot;,&quot;shutter_speed&quot;:&quot;0.0016339869281046&quot;,&quot;title&quot;:&quot;&quot;,&quot;orientation&quot;:&quot;1&quot;}\" data-image-title=\"20211001_132201\" data-image-description=\"\" data-image-caption=\"\" data-large-file=\"https:\/\/i0.wp.com\/www.zonderdank.be\/saturnein\/wp-content\/uploads\/2021\/10\/20211001_132201.jpg?fit=1024%2C498&amp;ssl=1\" src=\"https:\/\/i0.wp.com\/www.zonderdank.be\/saturnein\/wp-content\/uploads\/2021\/10\/20211001_132201.jpg?resize=1024%2C498&#038;ssl=1\" alt=\"\" class=\"wp-image-33090\" srcset=\"https:\/\/i0.wp.com\/www.zonderdank.be\/saturnein\/wp-content\/uploads\/2021\/10\/20211001_132201.jpg?resize=1024%2C498&amp;ssl=1 1024w, https:\/\/i0.wp.com\/www.zonderdank.be\/saturnein\/wp-content\/uploads\/2021\/10\/20211001_132201.jpg?resize=300%2C146&amp;ssl=1 300w, https:\/\/i0.wp.com\/www.zonderdank.be\/saturnein\/wp-content\/uploads\/2021\/10\/20211001_132201.jpg?resize=768%2C373&amp;ssl=1 768w, https:\/\/i0.wp.com\/www.zonderdank.be\/saturnein\/wp-content\/uploads\/2021\/10\/20211001_132201.jpg?resize=1536%2C746&amp;ssl=1 1536w, https:\/\/i0.wp.com\/www.zonderdank.be\/saturnein\/wp-content\/uploads\/2021\/10\/20211001_132201.jpg?resize=555%2C270&amp;ssl=1 555w, https:\/\/i0.wp.com\/www.zonderdank.be\/saturnein\/wp-content\/uploads\/2021\/10\/20211001_132201.jpg?w=1920&amp;ssl=1 1920w\" sizes=\"auto, (max-width: 1000px) 100vw, 1000px\" \/><\/figure>\n\n\n\n<p>We passeren Le Crotoy en een camperplaats waar we al tweemaal stonden (Le Tarteron), maar rijden verder naar <a href=\"https:\/\/www.campingcarpark.com\/fr_FR\/sejour\/aire-etape-camping-car\/hauts-de-france\/62-pas-de-calais\/merlimont\">Merlimont<\/a>. Waar we rond 14u30 arriveren. Lozen, plekje zoeken, camper installeren, onszelf installeren. Het weer is guur geworden en we worden wat overvallen door het einde-vakantie-gevoel&#8230; we posteren ons voor de TV en kijken nog 2 afleveringen <a href=\"https:\/\/www.vrt.be\/vrtnu\/a-z\/de-tijd-van-ons-leven\/\">De tijd van ons leven<\/a> (zalig programma was dat). We maken eenvoudig avondeten, Meneertje Mertens doet de afwas, we trekken nog eens naar <a href=\"http:\/\/www.cote-dopale.com\/villes\/merlimont-plage\">Merlimont Plage<\/a> voor een werkelijk schitterende zonsondergang&#8230; <\/p>\n\n\n\n<figure class=\"wp-block-image size-large\"><img data-recalc-dims=\"1\" loading=\"lazy\" decoding=\"async\" width=\"1024\" height=\"509\" data-attachment-id=\"33092\" data-permalink=\"https:\/\/www.zonderdank.be\/saturnein\/20211001_192737\/\" data-orig-file=\"https:\/\/i0.wp.com\/www.zonderdank.be\/saturnein\/wp-content\/uploads\/2021\/10\/20211001_192737.jpg?fit=1920%2C954&amp;ssl=1\" data-orig-size=\"1920,954\" data-comments-opened=\"1\" data-image-meta=\"{&quot;aperture&quot;:&quot;1.7&quot;,&quot;credit&quot;:&quot;&quot;,&quot;camera&quot;:&quot;SM-G950F&quot;,&quot;caption&quot;:&quot;&quot;,&quot;created_timestamp&quot;:&quot;1633116457&quot;,&quot;copyright&quot;:&quot;&quot;,&quot;focal_length&quot;:&quot;4.2&quot;,&quot;iso&quot;:&quot;40&quot;,&quot;shutter_speed&quot;:&quot;0.0077519379844961&quot;,&quot;title&quot;:&quot;&quot;,&quot;orientation&quot;:&quot;0&quot;}\" data-image-title=\"20211001_192737\" data-image-description=\"\" data-image-caption=\"\" data-large-file=\"https:\/\/i0.wp.com\/www.zonderdank.be\/saturnein\/wp-content\/uploads\/2021\/10\/20211001_192737.jpg?fit=1024%2C509&amp;ssl=1\" src=\"https:\/\/i0.wp.com\/www.zonderdank.be\/saturnein\/wp-content\/uploads\/2021\/10\/20211001_192737.jpg?resize=1024%2C509&#038;ssl=1\" alt=\"\" class=\"wp-image-33092\" srcset=\"https:\/\/i0.wp.com\/www.zonderdank.be\/saturnein\/wp-content\/uploads\/2021\/10\/20211001_192737.jpg?resize=1024%2C509&amp;ssl=1 1024w, https:\/\/i0.wp.com\/www.zonderdank.be\/saturnein\/wp-content\/uploads\/2021\/10\/20211001_192737.jpg?resize=300%2C149&amp;ssl=1 300w, https:\/\/i0.wp.com\/www.zonderdank.be\/saturnein\/wp-content\/uploads\/2021\/10\/20211001_192737.jpg?resize=768%2C382&amp;ssl=1 768w, https:\/\/i0.wp.com\/www.zonderdank.be\/saturnein\/wp-content\/uploads\/2021\/10\/20211001_192737.jpg?resize=1536%2C763&amp;ssl=1 1536w, https:\/\/i0.wp.com\/www.zonderdank.be\/saturnein\/wp-content\/uploads\/2021\/10\/20211001_192737.jpg?resize=555%2C276&amp;ssl=1 555w, https:\/\/i0.wp.com\/www.zonderdank.be\/saturnein\/wp-content\/uploads\/2021\/10\/20211001_192737.jpg?w=1920&amp;ssl=1 1920w\" sizes=\"auto, (max-width: 1000px) 100vw, 1000px\" \/><\/figure>\n\n\n\n<p>&#8230;ruimen op en poetsen een beetje, en kruipen in ons bed. Morgen vroeg opstaan! <\/p>\n\n\n\n<p>Z<strong>aterdag 2 oktober<\/strong><\/p>\n\n\n\n<p>Verjaardag van Milan. Gelukkige verjaardag Milan! De wekker loopt af om 3u30. Ten laatste om 4u30 willen we vertrekken, zodat we rond 7u thuis zijn om de camper leeg te maken en te poetsen, daarna nog lozen, tanken en naar de carwash. Drukke planning. <\/p>\n\n\n\n<p>Rond 4u30 zijn we inderdaad weg. Een stukje naar de autosnelweg in het pikkedonker, gelukkig is er weinig verkeer. <\/p>\n\n\n\n<div class=\"wp-block-image\"><figure class=\"aligncenter size-large is-resized\"><img data-recalc-dims=\"1\" loading=\"lazy\" decoding=\"async\" data-attachment-id=\"33094\" data-permalink=\"https:\/\/www.zonderdank.be\/saturnein\/20211002_053604\/\" data-orig-file=\"https:\/\/i0.wp.com\/www.zonderdank.be\/saturnein\/wp-content\/uploads\/2021\/10\/20211002_053604.jpg?fit=1080%2C1613&amp;ssl=1\" data-orig-size=\"1080,1613\" data-comments-opened=\"1\" data-image-meta=\"{&quot;aperture&quot;:&quot;1.7&quot;,&quot;credit&quot;:&quot;&quot;,&quot;camera&quot;:&quot;SM-G950F&quot;,&quot;caption&quot;:&quot;&quot;,&quot;created_timestamp&quot;:&quot;1633152964&quot;,&quot;copyright&quot;:&quot;&quot;,&quot;focal_length&quot;:&quot;4.2&quot;,&quot;iso&quot;:&quot;400&quot;,&quot;shutter_speed&quot;:&quot;0.1&quot;,&quot;title&quot;:&quot;&quot;,&quot;orientation&quot;:&quot;1&quot;}\" data-image-title=\"20211002_053604\" data-image-description=\"\" data-image-caption=\"\" data-large-file=\"https:\/\/i0.wp.com\/www.zonderdank.be\/saturnein\/wp-content\/uploads\/2021\/10\/20211002_053604.jpg?fit=686%2C1024&amp;ssl=1\" src=\"https:\/\/i0.wp.com\/www.zonderdank.be\/saturnein\/wp-content\/uploads\/2021\/10\/20211002_053604.jpg?resize=436%2C651&#038;ssl=1\" alt=\"\" class=\"wp-image-33094\" width=\"436\" height=\"651\" srcset=\"https:\/\/i0.wp.com\/www.zonderdank.be\/saturnein\/wp-content\/uploads\/2021\/10\/20211002_053604.jpg?resize=686%2C1024&amp;ssl=1 686w, https:\/\/i0.wp.com\/www.zonderdank.be\/saturnein\/wp-content\/uploads\/2021\/10\/20211002_053604.jpg?resize=201%2C300&amp;ssl=1 201w, https:\/\/i0.wp.com\/www.zonderdank.be\/saturnein\/wp-content\/uploads\/2021\/10\/20211002_053604.jpg?resize=768%2C1147&amp;ssl=1 768w, https:\/\/i0.wp.com\/www.zonderdank.be\/saturnein\/wp-content\/uploads\/2021\/10\/20211002_053604.jpg?resize=1028%2C1536&amp;ssl=1 1028w, https:\/\/i0.wp.com\/www.zonderdank.be\/saturnein\/wp-content\/uploads\/2021\/10\/20211002_053604.jpg?resize=555%2C829&amp;ssl=1 555w, https:\/\/i0.wp.com\/www.zonderdank.be\/saturnein\/wp-content\/uploads\/2021\/10\/20211002_053604.jpg?w=1080&amp;ssl=1 1080w\" sizes=\"auto, (max-width: 436px) 100vw, 436px\" \/><\/figure><\/div>\n\n\n\n<p>Tot Boulogne-sur-Mer over autostrade met p\u00e9age, daarna zonder. Het gaat heel erg vlot, we stoppen eens voor een plasje maar voor de rest rijden we in \u00e9\u00e9n ruk door. Tegen dat we in Gent zijn, gloort er licht aan de einder. Gelukkig is er plaats voor de deur (of beter: aan de overkant, maar dat is goed, dan zit de deur aan de kant van het voetpad), we maken in vliegende vaart de camper leeg (Meneertje Mertens de garage, ik binnenin, Meneertje Mertens sleept dan alles naar binnen), we maken de camper netjes (erg vuil was hij niet, we onderhouden het boeltje ook met het oog op het feit dat we weten dat de laatste dag een spurt is), en vertrekken <a href=\"http:\/\/www.ddmobilhomes.be\/Default.aspx\">richting Beveren-Leie<\/a>. <\/p>\n\n\n\n<p>Een eerste tussenstop op de <a href=\"https:\/\/www.campercontact.com\/nl\/belgie\/vlaanderen\/gent\/68545\/sportpark-driebeek\">camperplaats in Gentbrugge<\/a> om te lozen, maar dat gaat niet, &#8220;wegens technisch defect camperplaats gesloten. Wij verwijzen de reizigers naar camping Blaarmeersen&#8221;. Bummer. Slechte punten voor Stad Gent. Naar de Blaarmeersen rijden we uiteraard niet. We rijden de E17 op en denken naar De Gavers te rijden om te lozen, maar als we eraf rijden in Deerlijk, vraag ik me af of we niet kunnen lozen bij <a href=\"https:\/\/www.vanomobil.be\/nl\/over-ons\/deerlijk\/waar-overnachten-deerlijk\">Vanomobil<\/a>. Het vraagt wat zoekwerk maar ja, het lukt. Hoera! Daarna gaat het door naar <a href=\"https:\/\/www.carwashvroman.be\/\">Car- &amp; Truckwash Vroman<\/a> in Waregem. <\/p>\n\n\n\n<figure class=\"wp-block-image size-large\"><img data-recalc-dims=\"1\" loading=\"lazy\" decoding=\"async\" width=\"1024\" height=\"498\" data-attachment-id=\"33095\" data-permalink=\"https:\/\/www.zonderdank.be\/saturnein\/20211002_101710\/\" data-orig-file=\"https:\/\/i0.wp.com\/www.zonderdank.be\/saturnein\/wp-content\/uploads\/2021\/10\/20211002_101710.jpg?fit=1920%2C933&amp;ssl=1\" data-orig-size=\"1920,933\" data-comments-opened=\"1\" data-image-meta=\"{&quot;aperture&quot;:&quot;1.7&quot;,&quot;credit&quot;:&quot;&quot;,&quot;camera&quot;:&quot;SM-G950F&quot;,&quot;caption&quot;:&quot;&quot;,&quot;created_timestamp&quot;:&quot;1633169830&quot;,&quot;copyright&quot;:&quot;&quot;,&quot;focal_length&quot;:&quot;4.2&quot;,&quot;iso&quot;:&quot;40&quot;,&quot;shutter_speed&quot;:&quot;0.003257328990228&quot;,&quot;title&quot;:&quot;&quot;,&quot;orientation&quot;:&quot;1&quot;}\" data-image-title=\"20211002_101710\" data-image-description=\"\" data-image-caption=\"\" data-large-file=\"https:\/\/i0.wp.com\/www.zonderdank.be\/saturnein\/wp-content\/uploads\/2021\/10\/20211002_101710.jpg?fit=1024%2C498&amp;ssl=1\" src=\"https:\/\/i0.wp.com\/www.zonderdank.be\/saturnein\/wp-content\/uploads\/2021\/10\/20211002_101710.jpg?resize=1024%2C498&#038;ssl=1\" alt=\"\" class=\"wp-image-33095\" srcset=\"https:\/\/i0.wp.com\/www.zonderdank.be\/saturnein\/wp-content\/uploads\/2021\/10\/20211002_101710.jpg?resize=1024%2C498&amp;ssl=1 1024w, https:\/\/i0.wp.com\/www.zonderdank.be\/saturnein\/wp-content\/uploads\/2021\/10\/20211002_101710.jpg?resize=300%2C146&amp;ssl=1 300w, https:\/\/i0.wp.com\/www.zonderdank.be\/saturnein\/wp-content\/uploads\/2021\/10\/20211002_101710.jpg?resize=768%2C373&amp;ssl=1 768w, https:\/\/i0.wp.com\/www.zonderdank.be\/saturnein\/wp-content\/uploads\/2021\/10\/20211002_101710.jpg?resize=1536%2C746&amp;ssl=1 1536w, https:\/\/i0.wp.com\/www.zonderdank.be\/saturnein\/wp-content\/uploads\/2021\/10\/20211002_101710.jpg?resize=555%2C270&amp;ssl=1 555w, https:\/\/i0.wp.com\/www.zonderdank.be\/saturnein\/wp-content\/uploads\/2021\/10\/20211002_101710.jpg?w=1920&amp;ssl=1 1920w\" sizes=\"auto, (max-width: 1000px) 100vw, 1000px\" \/><\/figure>\n\n\n\n<p>Waar net een truck gewassen wordt, en we dus moeten wachten. Hierdoor, en door de tegenslag in Gentbrugge, zijn we uiteindelijk een half uur te laat om de camper in te leveren. En vergaten we te tanken. Oeps! Maar goed, verder gaat alles vlot, leveren we de camper tot ieders tevredenheid in, en staat Herman ons op te wachten om ons naar huis te brengen. <\/p>\n\n\n\n<p>Rond de middag zijn we thuis, kunnen we uitpakken, in het zwarte gat vallen, en zijn we nog altijd even hard niet klaar voor de herfst als daarvoor. <\/p>\n\n\n\n<p>Maar we hebben w\u00e9l volop genoten van deze reis. Genoten van de zon, van het mooie weer, van het extra zuiderse kleurtje dat we al fietsend en wandelend opdeden, van al het moois dat we zagen. Echt, genoten. Zo blij dat we dit gedaan hebben. <\/p>\n\n\n\n<p>Ik kom nog uitgebreid op deze vakantie terug met foto&#8217;s. Zeker weten. En we denken al na over de volgende. <\/p>\n","protected":false},"excerpt":{"rendered":"<p>Vrijdag 1 oktober Opnieuw een lange verplaatsing richting Belgi\u00eb vandaag. De wekker staat om 4u30, we hebben niet echt veel werk om ons klaar te maken en vertrekken al rond 6u vanuit Saint-Saturnin. We rijden een eerste stuk in het donker, gelukkig over comfortabele wegen. Het is nog niet druk. We rijden Alen\u00e7on\u00c2\u00a0in nog doenbare [&hellip;]<\/p>\n","protected":false},"author":1,"featured_media":33093,"comment_status":"open","ping_status":"open","sticky":false,"template":"","format":"standard","meta":{"jetpack_post_was_ever_published":false,"_jetpack_newsletter_access":"","_jetpack_dont_email_post_to_subs":false,"_jetpack_newsletter_tier_id":0,"_jetpack_memberships_contains_paywalled_content":false,"_jetpack_memberships_contains_paid_content":false,"footnotes":""},"categories":[1775],"tags":[1777,2311,4041,2349,3311],"class_list":["post-33081","post","type-post","status-publish","format-standard","has-post-thumbnail","hentry","category-reizen","tag-camper","tag-camperlife","tag-merlimont","tag-ontheroadagain","tag-saint-saturnin"],"jetpack_featured_media_url":"https:\/\/i0.wp.com\/www.zonderdank.be\/saturnein\/wp-content\/uploads\/2021\/10\/20211001_193239.jpg?fit=1920%2C933&ssl=1","jetpack_sharing_enabled":true,"jetpack_shortlink":"https:\/\/wp.me\/p2l47o-8Bz","jetpack_likes_enabled":true,"jetpack-related-posts":[],"_links":{"self":[{"href":"https:\/\/www.zonderdank.be\/saturnein\/wp-json\/wp\/v2\/posts\/33081","targetHints":{"allow":["GET"]}}],"collection":[{"href":"https:\/\/www.zonderdank.be\/saturnein\/wp-json\/wp\/v2\/posts"}],"about":[{"href":"https:\/\/www.zonderdank.be\/saturnein\/wp-json\/wp\/v2\/types\/post"}],"author":[{"embeddable":true,"href":"https:\/\/www.zonderdank.be\/saturnein\/wp-json\/wp\/v2\/users\/1"}],"replies":[{"embeddable":true,"href":"https:\/\/www.zonderdank.be\/saturnein\/wp-json\/wp\/v2\/comments?post=33081"}],"version-history":[{"count":5,"href":"https:\/\/www.zonderdank.be\/saturnein\/wp-json\/wp\/v2\/posts\/33081\/revisions"}],"predecessor-version":[{"id":33099,"href":"https:\/\/www.zonderdank.be\/saturnein\/wp-json\/wp\/v2\/posts\/33081\/revisions\/33099"}],"wp:featuredmedia":[{"embeddable":true,"href":"https:\/\/www.zonderdank.be\/saturnein\/wp-json\/wp\/v2\/media\/33093"}],"wp:attachment":[{"href":"https:\/\/www.zonderdank.be\/saturnein\/wp-json\/wp\/v2\/media?parent=33081"}],"wp:term":[{"taxonomy":"category","embeddable":true,"href":"https:\/\/www.zonderdank.be\/saturnein\/wp-json\/wp\/v2\/categories?post=33081"},{"taxonomy":"post_tag","embeddable":true,"href":"https:\/\/www.zonderdank.be\/saturnein\/wp-json\/wp\/v2\/tags?post=33081"}],"curies":[{"name":"wp","href":"https:\/\/api.w.org\/{rel}","templated":true}]}}