{"id":32975,"date":"2021-09-27T08:58:00","date_gmt":"2021-09-27T06:58:00","guid":{"rendered":"https:\/\/www.zonderdank.be\/saturnein\/?p=32975"},"modified":"2021-09-27T09:08:51","modified_gmt":"2021-09-27T07:08:51","slug":"op-reis-la-barre-de-monts","status":"publish","type":"post","link":"https:\/\/www.zonderdank.be\/saturnein\/2021\/09\/27\/op-reis-la-barre-de-monts\/","title":{"rendered":"Op reis: La Barre-de-Monts"},"content":{"rendered":"\n<p><strong>Zaterdag 25 september<\/strong><\/p>\n\n\n\n<p>Vandaag gaan we een kleine 300 kilometer rijden, naar <a href=\"https:\/\/www.campingcarpark.com\/fr_FR\/sejour\/aire-etape-camping-car\/pays-de-la-loire\/85-vendee\/la-barre-de-monts\">onze volgende stek La-Barre-des-Monts<\/a> aan de voet van de brug naar \u00c3\u017dle de Noirmoutier in de Vend\u00e9e. 300 kilometer door een paar ommetjes, langs \u00c3\u017dle de R\u00e9 en St.-Hilaire-de-Riez. <\/p>\n\n\n\n<p>We hebben lang getwijfeld hoe lang en waar we zouden verblijven op of nabij \u00c3\u017dle de R\u00e9, maar uiteindelijk hebben we dat hele plan maar geskipt omdat het er te toeristisch zou zijn en campers niet echt welkom zouden zijn. We gaan wel eens tot aan de <a href=\"https:\/\/lepharedesbaleines.fr\/\">Phare des Baleines<\/a> rijden. <\/p>\n\n\n\n<p>We worden niet \u00c3\u00a1l te vroeg wakker en maken ons op het gemak klaar om te vertrekken. Bij het buitenrijden van Soubise zien we een bakker, waar ik snel twee broden en wat koeken ga halen. Daarna rijden we in \u00e9\u00e9n ruk verder naar \u00c3\u017dle de R\u00e9.<\/p>\n\n\n\n<figure class=\"wp-block-image size-large\"><img data-recalc-dims=\"1\" loading=\"lazy\" decoding=\"async\" width=\"1024\" height=\"498\" data-attachment-id=\"32978\" data-permalink=\"https:\/\/www.zonderdank.be\/saturnein\/2021\/09\/27\/op-reis-la-barre-de-monts\/20210925_084558\/\" data-orig-file=\"https:\/\/i0.wp.com\/www.zonderdank.be\/saturnein\/wp-content\/uploads\/2021\/09\/20210925_084558.jpg?fit=1920%2C933&amp;ssl=1\" data-orig-size=\"1920,933\" data-comments-opened=\"1\" data-image-meta=\"{&quot;aperture&quot;:&quot;1.7&quot;,&quot;credit&quot;:&quot;&quot;,&quot;camera&quot;:&quot;SM-G950F&quot;,&quot;caption&quot;:&quot;&quot;,&quot;created_timestamp&quot;:&quot;1632559558&quot;,&quot;copyright&quot;:&quot;&quot;,&quot;focal_length&quot;:&quot;4.2&quot;,&quot;iso&quot;:&quot;40&quot;,&quot;shutter_speed&quot;:&quot;0.0016949152542373&quot;,&quot;title&quot;:&quot;&quot;,&quot;orientation&quot;:&quot;1&quot;}\" data-image-title=\"20210925_084558\" data-image-description=\"\" data-image-caption=\"\" data-large-file=\"https:\/\/i0.wp.com\/www.zonderdank.be\/saturnein\/wp-content\/uploads\/2021\/09\/20210925_084558.jpg?fit=1024%2C498&amp;ssl=1\" src=\"https:\/\/i0.wp.com\/www.zonderdank.be\/saturnein\/wp-content\/uploads\/2021\/09\/20210925_084558.jpg?resize=1024%2C498&#038;ssl=1\" alt=\"\" class=\"wp-image-32978\" srcset=\"https:\/\/i0.wp.com\/www.zonderdank.be\/saturnein\/wp-content\/uploads\/2021\/09\/20210925_084558.jpg?resize=1024%2C498&amp;ssl=1 1024w, https:\/\/i0.wp.com\/www.zonderdank.be\/saturnein\/wp-content\/uploads\/2021\/09\/20210925_084558.jpg?resize=300%2C146&amp;ssl=1 300w, https:\/\/i0.wp.com\/www.zonderdank.be\/saturnein\/wp-content\/uploads\/2021\/09\/20210925_084558.jpg?resize=768%2C373&amp;ssl=1 768w, https:\/\/i0.wp.com\/www.zonderdank.be\/saturnein\/wp-content\/uploads\/2021\/09\/20210925_084558.jpg?resize=1536%2C746&amp;ssl=1 1536w, https:\/\/i0.wp.com\/www.zonderdank.be\/saturnein\/wp-content\/uploads\/2021\/09\/20210925_084558.jpg?resize=555%2C270&amp;ssl=1 555w, https:\/\/i0.wp.com\/www.zonderdank.be\/saturnein\/wp-content\/uploads\/2021\/09\/20210925_084558.jpg?w=1920&amp;ssl=1 1920w\" sizes=\"auto, (max-width: 1000px) 100vw, 1000px\" \/><\/figure>\n\n\n\n<p>Tot mijn jolijt rijden we nog eens over het Viaduc de Martrou. <\/p>\n\n\n\n<figure class=\"wp-block-image size-large\"><img data-recalc-dims=\"1\" loading=\"lazy\" decoding=\"async\" width=\"1024\" height=\"498\" data-attachment-id=\"32976\" data-permalink=\"https:\/\/www.zonderdank.be\/saturnein\/2021\/09\/27\/op-reis-la-barre-de-monts\/20210925_085126\/\" data-orig-file=\"https:\/\/i0.wp.com\/www.zonderdank.be\/saturnein\/wp-content\/uploads\/2021\/09\/20210925_085126.jpg?fit=1920%2C933&amp;ssl=1\" data-orig-size=\"1920,933\" data-comments-opened=\"1\" data-image-meta=\"{&quot;aperture&quot;:&quot;1.7&quot;,&quot;credit&quot;:&quot;&quot;,&quot;camera&quot;:&quot;SM-G950F&quot;,&quot;caption&quot;:&quot;&quot;,&quot;created_timestamp&quot;:&quot;1632559886&quot;,&quot;copyright&quot;:&quot;&quot;,&quot;focal_length&quot;:&quot;4.2&quot;,&quot;iso&quot;:&quot;40&quot;,&quot;shutter_speed&quot;:&quot;0.003257328990228&quot;,&quot;title&quot;:&quot;&quot;,&quot;orientation&quot;:&quot;1&quot;}\" data-image-title=\"20210925_085126\" data-image-description=\"\" data-image-caption=\"\" data-large-file=\"https:\/\/i0.wp.com\/www.zonderdank.be\/saturnein\/wp-content\/uploads\/2021\/09\/20210925_085126.jpg?fit=1024%2C498&amp;ssl=1\" src=\"https:\/\/i0.wp.com\/www.zonderdank.be\/saturnein\/wp-content\/uploads\/2021\/09\/20210925_085126.jpg?resize=1024%2C498&#038;ssl=1\" alt=\"\" class=\"wp-image-32976\" srcset=\"https:\/\/i0.wp.com\/www.zonderdank.be\/saturnein\/wp-content\/uploads\/2021\/09\/20210925_085126.jpg?resize=1024%2C498&amp;ssl=1 1024w, https:\/\/i0.wp.com\/www.zonderdank.be\/saturnein\/wp-content\/uploads\/2021\/09\/20210925_085126.jpg?resize=300%2C146&amp;ssl=1 300w, https:\/\/i0.wp.com\/www.zonderdank.be\/saturnein\/wp-content\/uploads\/2021\/09\/20210925_085126.jpg?resize=768%2C373&amp;ssl=1 768w, https:\/\/i0.wp.com\/www.zonderdank.be\/saturnein\/wp-content\/uploads\/2021\/09\/20210925_085126.jpg?resize=1536%2C746&amp;ssl=1 1536w, https:\/\/i0.wp.com\/www.zonderdank.be\/saturnein\/wp-content\/uploads\/2021\/09\/20210925_085126.jpg?resize=555%2C270&amp;ssl=1 555w, https:\/\/i0.wp.com\/www.zonderdank.be\/saturnein\/wp-content\/uploads\/2021\/09\/20210925_085126.jpg?w=1920&amp;ssl=1 1920w\" sizes=\"auto, (max-width: 1000px) 100vw, 1000px\" \/><\/figure>\n\n\n\n<p>En zien we de Transbordeur de Rochefort, uiteraard. <\/p>\n\n\n\n<figure class=\"wp-block-image size-large\"><img data-recalc-dims=\"1\" loading=\"lazy\" decoding=\"async\" width=\"1024\" height=\"498\" data-attachment-id=\"32977\" data-permalink=\"https:\/\/www.zonderdank.be\/saturnein\/2021\/09\/27\/op-reis-la-barre-de-monts\/20210925_085152\/\" data-orig-file=\"https:\/\/i0.wp.com\/www.zonderdank.be\/saturnein\/wp-content\/uploads\/2021\/09\/20210925_085152.jpg?fit=1920%2C933&amp;ssl=1\" data-orig-size=\"1920,933\" data-comments-opened=\"1\" data-image-meta=\"{&quot;aperture&quot;:&quot;1.7&quot;,&quot;credit&quot;:&quot;&quot;,&quot;camera&quot;:&quot;SM-G950F&quot;,&quot;caption&quot;:&quot;&quot;,&quot;created_timestamp&quot;:&quot;1632559912&quot;,&quot;copyright&quot;:&quot;&quot;,&quot;focal_length&quot;:&quot;4.2&quot;,&quot;iso&quot;:&quot;40&quot;,&quot;shutter_speed&quot;:&quot;0.0014619883040936&quot;,&quot;title&quot;:&quot;&quot;,&quot;orientation&quot;:&quot;1&quot;}\" data-image-title=\"20210925_085152\" data-image-description=\"\" data-image-caption=\"\" data-large-file=\"https:\/\/i0.wp.com\/www.zonderdank.be\/saturnein\/wp-content\/uploads\/2021\/09\/20210925_085152.jpg?fit=1024%2C498&amp;ssl=1\" src=\"https:\/\/i0.wp.com\/www.zonderdank.be\/saturnein\/wp-content\/uploads\/2021\/09\/20210925_085152.jpg?resize=1024%2C498&#038;ssl=1\" alt=\"\" class=\"wp-image-32977\" srcset=\"https:\/\/i0.wp.com\/www.zonderdank.be\/saturnein\/wp-content\/uploads\/2021\/09\/20210925_085152.jpg?resize=1024%2C498&amp;ssl=1 1024w, https:\/\/i0.wp.com\/www.zonderdank.be\/saturnein\/wp-content\/uploads\/2021\/09\/20210925_085152.jpg?resize=300%2C146&amp;ssl=1 300w, https:\/\/i0.wp.com\/www.zonderdank.be\/saturnein\/wp-content\/uploads\/2021\/09\/20210925_085152.jpg?resize=768%2C373&amp;ssl=1 768w, https:\/\/i0.wp.com\/www.zonderdank.be\/saturnein\/wp-content\/uploads\/2021\/09\/20210925_085152.jpg?resize=1536%2C746&amp;ssl=1 1536w, https:\/\/i0.wp.com\/www.zonderdank.be\/saturnein\/wp-content\/uploads\/2021\/09\/20210925_085152.jpg?resize=555%2C270&amp;ssl=1 555w, https:\/\/i0.wp.com\/www.zonderdank.be\/saturnein\/wp-content\/uploads\/2021\/09\/20210925_085152.jpg?w=1920&amp;ssl=1 1920w\" sizes=\"auto, (max-width: 1000px) 100vw, 1000px\" \/><\/figure>\n\n\n\n<p>Het was al grijs bij ons vertrek, maar het weer wordt steeds slechter. Het begint stilletjesaan te regenen. Een ritje over de brug naar \u00c3\u00aele de R\u00e9 (heen en terug) kost 8 euro. We rijden verder, en rijden richting onweer. Ik check even op mijn onweer-app en zie dat er een grote onweersbui boven de oceaan hangt, die net tot de uiterste toppen van de eilanden reikt. We zien het bliksemen, en het gaat steeds harder regenen. Het begin van het eiland is erg druk, daarna krijgen we rustiger wegen voorgeschoteld. <\/p>\n\n\n\n<p>Aan de Phare des Baleines giet het water, er is weinig volk. Er komen wel steeds meer auto\u2019s, campers en campervans, veel mensen vertrekken uitgedost in regencapes en met paraplu\u2019s naar de vuurtoren. <\/p>\n\n\n\n<figure class=\"wp-block-image size-large\"><img data-recalc-dims=\"1\" loading=\"lazy\" decoding=\"async\" width=\"1024\" height=\"498\" data-attachment-id=\"32966\" data-permalink=\"https:\/\/www.zonderdank.be\/saturnein\/20210925_112813\/\" data-orig-file=\"https:\/\/i0.wp.com\/www.zonderdank.be\/saturnein\/wp-content\/uploads\/2021\/09\/20210925_112813.jpg?fit=1920%2C933&amp;ssl=1\" data-orig-size=\"1920,933\" data-comments-opened=\"1\" data-image-meta=\"{&quot;aperture&quot;:&quot;1.7&quot;,&quot;credit&quot;:&quot;&quot;,&quot;camera&quot;:&quot;SM-G950F&quot;,&quot;caption&quot;:&quot;&quot;,&quot;created_timestamp&quot;:&quot;1632569293&quot;,&quot;copyright&quot;:&quot;&quot;,&quot;focal_length&quot;:&quot;4.2&quot;,&quot;iso&quot;:&quot;64&quot;,&quot;shutter_speed&quot;:&quot;0.0083333333333333&quot;,&quot;title&quot;:&quot;&quot;,&quot;orientation&quot;:&quot;1&quot;}\" data-image-title=\"20210925_112813\" data-image-description=\"\" data-image-caption=\"\" data-large-file=\"https:\/\/i0.wp.com\/www.zonderdank.be\/saturnein\/wp-content\/uploads\/2021\/09\/20210925_112813.jpg?fit=1024%2C498&amp;ssl=1\" src=\"https:\/\/i0.wp.com\/www.zonderdank.be\/saturnein\/wp-content\/uploads\/2021\/09\/20210925_112813.jpg?resize=1024%2C498&#038;ssl=1\" alt=\"\" class=\"wp-image-32966\" srcset=\"https:\/\/i0.wp.com\/www.zonderdank.be\/saturnein\/wp-content\/uploads\/2021\/09\/20210925_112813.jpg?resize=1024%2C498&amp;ssl=1 1024w, https:\/\/i0.wp.com\/www.zonderdank.be\/saturnein\/wp-content\/uploads\/2021\/09\/20210925_112813.jpg?resize=300%2C146&amp;ssl=1 300w, https:\/\/i0.wp.com\/www.zonderdank.be\/saturnein\/wp-content\/uploads\/2021\/09\/20210925_112813.jpg?resize=768%2C373&amp;ssl=1 768w, https:\/\/i0.wp.com\/www.zonderdank.be\/saturnein\/wp-content\/uploads\/2021\/09\/20210925_112813.jpg?resize=1536%2C746&amp;ssl=1 1536w, https:\/\/i0.wp.com\/www.zonderdank.be\/saturnein\/wp-content\/uploads\/2021\/09\/20210925_112813.jpg?resize=555%2C270&amp;ssl=1 555w, https:\/\/i0.wp.com\/www.zonderdank.be\/saturnein\/wp-content\/uploads\/2021\/09\/20210925_112813.jpg?w=1920&amp;ssl=1 1920w\" sizes=\"auto, (max-width: 1000px) 100vw, 1000px\" \/><\/figure>\n\n\n\n<p>Wij hebben er nul de botten zin in (misschien hebben we geen regencapes en paraplu&#8217;s mee, dat kan ook), drinken een kop koffie en eten een koek, en vertrekken weer. Ik vind de vuurtoren toch niet echt mooi, hehe. <\/p>\n\n\n\n<figure class=\"wp-block-image size-large\"><img data-recalc-dims=\"1\" loading=\"lazy\" decoding=\"async\" width=\"1024\" height=\"769\" data-attachment-id=\"32967\" data-permalink=\"https:\/\/www.zonderdank.be\/saturnein\/20210925_113406\/\" data-orig-file=\"https:\/\/i0.wp.com\/www.zonderdank.be\/saturnein\/wp-content\/uploads\/2021\/09\/20210925_113406.jpg?fit=1439%2C1080&amp;ssl=1\" data-orig-size=\"1439,1080\" data-comments-opened=\"1\" data-image-meta=\"{&quot;aperture&quot;:&quot;1.7&quot;,&quot;credit&quot;:&quot;&quot;,&quot;camera&quot;:&quot;SM-G950F&quot;,&quot;caption&quot;:&quot;&quot;,&quot;created_timestamp&quot;:&quot;1632569646&quot;,&quot;copyright&quot;:&quot;&quot;,&quot;focal_length&quot;:&quot;4.2&quot;,&quot;iso&quot;:&quot;40&quot;,&quot;shutter_speed&quot;:&quot;0.0051020408163265&quot;,&quot;title&quot;:&quot;&quot;,&quot;orientation&quot;:&quot;1&quot;}\" data-image-title=\"20210925_113406\" data-image-description=\"\" data-image-caption=\"\" data-large-file=\"https:\/\/i0.wp.com\/www.zonderdank.be\/saturnein\/wp-content\/uploads\/2021\/09\/20210925_113406.jpg?fit=1024%2C769&amp;ssl=1\" src=\"https:\/\/i0.wp.com\/www.zonderdank.be\/saturnein\/wp-content\/uploads\/2021\/09\/20210925_113406.jpg?resize=1024%2C769&#038;ssl=1\" alt=\"\" class=\"wp-image-32967\" srcset=\"https:\/\/i0.wp.com\/www.zonderdank.be\/saturnein\/wp-content\/uploads\/2021\/09\/20210925_113406.jpg?resize=1024%2C769&amp;ssl=1 1024w, https:\/\/i0.wp.com\/www.zonderdank.be\/saturnein\/wp-content\/uploads\/2021\/09\/20210925_113406.jpg?resize=300%2C225&amp;ssl=1 300w, https:\/\/i0.wp.com\/www.zonderdank.be\/saturnein\/wp-content\/uploads\/2021\/09\/20210925_113406.jpg?resize=768%2C576&amp;ssl=1 768w, https:\/\/i0.wp.com\/www.zonderdank.be\/saturnein\/wp-content\/uploads\/2021\/09\/20210925_113406.jpg?resize=555%2C417&amp;ssl=1 555w, https:\/\/i0.wp.com\/www.zonderdank.be\/saturnein\/wp-content\/uploads\/2021\/09\/20210925_113406.jpg?w=1439&amp;ssl=1 1439w\" sizes=\"auto, (max-width: 1000px) 100vw, 1000px\" \/><\/figure>\n\n\n\n<p>We rijden het eiland weer af, sukkelen een tweede keer door La Rochelle, en belanden dan stilaan op rustiger wegen richting \u00c3\u017dle de Noirmoutier. We stoppen rond 13u30 in Le Champ-Saint-P\u00e8re voor een boterham en een beetje rust. <\/p>\n\n\n\n<p>Daarna gaat het naar Camping La Plage in Saint-Hilaire-de-Riez, waar mijn ma en Herman voor een week verblijven. We posteren onze camper daar op de parking, en gaan een bezoekje afleggen. We kijken samen (met veel commentaar, zoals je kan zien) naar de laatste 20 kilometer van het WK van de vrouwen&#8230;<\/p>\n\n\n\n<figure class=\"wp-block-image size-large\"><img data-recalc-dims=\"1\" loading=\"lazy\" decoding=\"async\" width=\"1024\" height=\"576\" data-attachment-id=\"32974\" data-permalink=\"https:\/\/www.zonderdank.be\/saturnein\/img-20210925-wa0000\/\" data-orig-file=\"https:\/\/i0.wp.com\/www.zonderdank.be\/saturnein\/wp-content\/uploads\/2021\/09\/IMG-20210925-WA0000.jpg?fit=1920%2C1080&amp;ssl=1\" data-orig-size=\"1920,1080\" data-comments-opened=\"1\" data-image-meta=\"{&quot;aperture&quot;:&quot;0&quot;,&quot;credit&quot;:&quot;&quot;,&quot;camera&quot;:&quot;&quot;,&quot;caption&quot;:&quot;&quot;,&quot;created_timestamp&quot;:&quot;0&quot;,&quot;copyright&quot;:&quot;&quot;,&quot;focal_length&quot;:&quot;0&quot;,&quot;iso&quot;:&quot;0&quot;,&quot;shutter_speed&quot;:&quot;0&quot;,&quot;title&quot;:&quot;&quot;,&quot;orientation&quot;:&quot;0&quot;}\" data-image-title=\"IMG-20210925-WA0000\" data-image-description=\"\" data-image-caption=\"\" data-large-file=\"https:\/\/i0.wp.com\/www.zonderdank.be\/saturnein\/wp-content\/uploads\/2021\/09\/IMG-20210925-WA0000.jpg?fit=1024%2C576&amp;ssl=1\" src=\"https:\/\/i0.wp.com\/www.zonderdank.be\/saturnein\/wp-content\/uploads\/2021\/09\/IMG-20210925-WA0000.jpg?resize=1024%2C576&#038;ssl=1\" alt=\"\" class=\"wp-image-32974\" srcset=\"https:\/\/i0.wp.com\/www.zonderdank.be\/saturnein\/wp-content\/uploads\/2021\/09\/IMG-20210925-WA0000.jpg?resize=1024%2C576&amp;ssl=1 1024w, https:\/\/i0.wp.com\/www.zonderdank.be\/saturnein\/wp-content\/uploads\/2021\/09\/IMG-20210925-WA0000.jpg?resize=300%2C169&amp;ssl=1 300w, https:\/\/i0.wp.com\/www.zonderdank.be\/saturnein\/wp-content\/uploads\/2021\/09\/IMG-20210925-WA0000.jpg?resize=768%2C432&amp;ssl=1 768w, https:\/\/i0.wp.com\/www.zonderdank.be\/saturnein\/wp-content\/uploads\/2021\/09\/IMG-20210925-WA0000.jpg?resize=1536%2C864&amp;ssl=1 1536w, https:\/\/i0.wp.com\/www.zonderdank.be\/saturnein\/wp-content\/uploads\/2021\/09\/IMG-20210925-WA0000.jpg?resize=555%2C312&amp;ssl=1 555w, https:\/\/i0.wp.com\/www.zonderdank.be\/saturnein\/wp-content\/uploads\/2021\/09\/IMG-20210925-WA0000.jpg?w=1920&amp;ssl=1 1920w\" sizes=\"auto, (max-width: 1000px) 100vw, 1000px\" \/><\/figure>\n\n\n\n<p>&#8230; drinken koffie, eten een taartje, en vertrekken weer. <\/p>\n\n\n\n<div class=\"wp-block-image\"><figure class=\"aligncenter size-large is-resized\"><img data-recalc-dims=\"1\" loading=\"lazy\" decoding=\"async\" data-attachment-id=\"32968\" data-permalink=\"https:\/\/www.zonderdank.be\/saturnein\/20210925_171207\/\" data-orig-file=\"https:\/\/i0.wp.com\/www.zonderdank.be\/saturnein\/wp-content\/uploads\/2021\/09\/20210925_171207.jpg?fit=1081%2C1080&amp;ssl=1\" data-orig-size=\"1081,1080\" data-comments-opened=\"1\" data-image-meta=\"{&quot;aperture&quot;:&quot;1.7&quot;,&quot;credit&quot;:&quot;&quot;,&quot;camera&quot;:&quot;SM-G950F&quot;,&quot;caption&quot;:&quot;&quot;,&quot;created_timestamp&quot;:&quot;1632589927&quot;,&quot;copyright&quot;:&quot;&quot;,&quot;focal_length&quot;:&quot;4.2&quot;,&quot;iso&quot;:&quot;40&quot;,&quot;shutter_speed&quot;:&quot;0.0022988505747126&quot;,&quot;title&quot;:&quot;&quot;,&quot;orientation&quot;:&quot;1&quot;}\" data-image-title=\"20210925_171207\" data-image-description=\"\" data-image-caption=\"\" data-large-file=\"https:\/\/i0.wp.com\/www.zonderdank.be\/saturnein\/wp-content\/uploads\/2021\/09\/20210925_171207.jpg?fit=1024%2C1024&amp;ssl=1\" src=\"https:\/\/i0.wp.com\/www.zonderdank.be\/saturnein\/wp-content\/uploads\/2021\/09\/20210925_171207.jpg?resize=378%2C378&#038;ssl=1\" alt=\"\" class=\"wp-image-32968\" width=\"378\" height=\"378\" srcset=\"https:\/\/i0.wp.com\/www.zonderdank.be\/saturnein\/wp-content\/uploads\/2021\/09\/20210925_171207.jpg?resize=1024%2C1024&amp;ssl=1 1024w, https:\/\/i0.wp.com\/www.zonderdank.be\/saturnein\/wp-content\/uploads\/2021\/09\/20210925_171207.jpg?resize=300%2C300&amp;ssl=1 300w, https:\/\/i0.wp.com\/www.zonderdank.be\/saturnein\/wp-content\/uploads\/2021\/09\/20210925_171207.jpg?resize=150%2C150&amp;ssl=1 150w, https:\/\/i0.wp.com\/www.zonderdank.be\/saturnein\/wp-content\/uploads\/2021\/09\/20210925_171207.jpg?resize=768%2C767&amp;ssl=1 768w, https:\/\/i0.wp.com\/www.zonderdank.be\/saturnein\/wp-content\/uploads\/2021\/09\/20210925_171207.jpg?resize=100%2C100&amp;ssl=1 100w, https:\/\/i0.wp.com\/www.zonderdank.be\/saturnein\/wp-content\/uploads\/2021\/09\/20210925_171207.jpg?resize=555%2C554&amp;ssl=1 555w, https:\/\/i0.wp.com\/www.zonderdank.be\/saturnein\/wp-content\/uploads\/2021\/09\/20210925_171207.jpg?w=1081&amp;ssl=1 1081w\" sizes=\"auto, (max-width: 378px) 100vw, 378px\" \/><\/figure><\/div>\n\n\n\n<p>Nog een 25-tal kilometer te rijden naar La Barre-de-Monts, waar we rond 17u aankomen. Lozen en water bijvullen, en een plaatsje zoeken. <\/p>\n\n\n\n<figure class=\"wp-block-image size-large\"><img data-recalc-dims=\"1\" loading=\"lazy\" decoding=\"async\" width=\"1024\" height=\"498\" data-attachment-id=\"32969\" data-permalink=\"https:\/\/www.zonderdank.be\/saturnein\/20210925_180429\/\" data-orig-file=\"https:\/\/i0.wp.com\/www.zonderdank.be\/saturnein\/wp-content\/uploads\/2021\/09\/20210925_180429.jpg?fit=1920%2C933&amp;ssl=1\" data-orig-size=\"1920,933\" data-comments-opened=\"1\" data-image-meta=\"{&quot;aperture&quot;:&quot;1.7&quot;,&quot;credit&quot;:&quot;&quot;,&quot;camera&quot;:&quot;SM-G950F&quot;,&quot;caption&quot;:&quot;&quot;,&quot;created_timestamp&quot;:&quot;1632593069&quot;,&quot;copyright&quot;:&quot;&quot;,&quot;focal_length&quot;:&quot;4.2&quot;,&quot;iso&quot;:&quot;40&quot;,&quot;shutter_speed&quot;:&quot;0.00045955882352941&quot;,&quot;title&quot;:&quot;&quot;,&quot;orientation&quot;:&quot;1&quot;}\" data-image-title=\"20210925_180429\" data-image-description=\"\" data-image-caption=\"\" data-large-file=\"https:\/\/i0.wp.com\/www.zonderdank.be\/saturnein\/wp-content\/uploads\/2021\/09\/20210925_180429.jpg?fit=1024%2C498&amp;ssl=1\" src=\"https:\/\/i0.wp.com\/www.zonderdank.be\/saturnein\/wp-content\/uploads\/2021\/09\/20210925_180429.jpg?resize=1024%2C498&#038;ssl=1\" alt=\"\" class=\"wp-image-32969\" srcset=\"https:\/\/i0.wp.com\/www.zonderdank.be\/saturnein\/wp-content\/uploads\/2021\/09\/20210925_180429.jpg?resize=1024%2C498&amp;ssl=1 1024w, https:\/\/i0.wp.com\/www.zonderdank.be\/saturnein\/wp-content\/uploads\/2021\/09\/20210925_180429.jpg?resize=300%2C146&amp;ssl=1 300w, https:\/\/i0.wp.com\/www.zonderdank.be\/saturnein\/wp-content\/uploads\/2021\/09\/20210925_180429.jpg?resize=768%2C373&amp;ssl=1 768w, https:\/\/i0.wp.com\/www.zonderdank.be\/saturnein\/wp-content\/uploads\/2021\/09\/20210925_180429.jpg?resize=1536%2C746&amp;ssl=1 1536w, https:\/\/i0.wp.com\/www.zonderdank.be\/saturnein\/wp-content\/uploads\/2021\/09\/20210925_180429.jpg?resize=555%2C270&amp;ssl=1 555w, https:\/\/i0.wp.com\/www.zonderdank.be\/saturnein\/wp-content\/uploads\/2021\/09\/20210925_180429.jpg?w=1920&amp;ssl=1 1920w\" sizes=\"auto, (max-width: 1000px) 100vw, 1000px\" \/><\/figure>\n\n\n\n<p>We vinden een plaatsje in een rustig hoekje, en zijn content. Buiten zetten we nog niet veel op, de voorspellingen zijn niet veel soeps en zin om alles weer rap-rap binnen te halen als het begint te regenen, hebben we niet. Meneertje Mertens maakt buiten ons eten klaar, en na ons avondmaal trekken we eens naar de kust, waar we de zon tussen het vele grijs zien ondergaan. <\/p>\n\n\n\n<figure class=\"wp-block-image size-large\"><img data-recalc-dims=\"1\" loading=\"lazy\" decoding=\"async\" width=\"1024\" height=\"576\" data-attachment-id=\"32970\" data-permalink=\"https:\/\/www.zonderdank.be\/saturnein\/20210925_194146\/\" data-orig-file=\"https:\/\/i0.wp.com\/www.zonderdank.be\/saturnein\/wp-content\/uploads\/2021\/09\/20210925_194146.jpg?fit=1920%2C1080&amp;ssl=1\" data-orig-size=\"1920,1080\" data-comments-opened=\"1\" data-image-meta=\"{&quot;aperture&quot;:&quot;2.4&quot;,&quot;credit&quot;:&quot;&quot;,&quot;camera&quot;:&quot;SM-N960F&quot;,&quot;caption&quot;:&quot;&quot;,&quot;created_timestamp&quot;:&quot;1632598906&quot;,&quot;copyright&quot;:&quot;&quot;,&quot;focal_length&quot;:&quot;4.3&quot;,&quot;iso&quot;:&quot;80&quot;,&quot;shutter_speed&quot;:&quot;0.01&quot;,&quot;title&quot;:&quot;&quot;,&quot;orientation&quot;:&quot;1&quot;}\" data-image-title=\"20210925_194146\" data-image-description=\"\" data-image-caption=\"\" data-large-file=\"https:\/\/i0.wp.com\/www.zonderdank.be\/saturnein\/wp-content\/uploads\/2021\/09\/20210925_194146.jpg?fit=1024%2C576&amp;ssl=1\" src=\"https:\/\/i0.wp.com\/www.zonderdank.be\/saturnein\/wp-content\/uploads\/2021\/09\/20210925_194146.jpg?resize=1024%2C576&#038;ssl=1\" alt=\"\" class=\"wp-image-32970\" srcset=\"https:\/\/i0.wp.com\/www.zonderdank.be\/saturnein\/wp-content\/uploads\/2021\/09\/20210925_194146.jpg?resize=1024%2C576&amp;ssl=1 1024w, https:\/\/i0.wp.com\/www.zonderdank.be\/saturnein\/wp-content\/uploads\/2021\/09\/20210925_194146.jpg?resize=300%2C169&amp;ssl=1 300w, https:\/\/i0.wp.com\/www.zonderdank.be\/saturnein\/wp-content\/uploads\/2021\/09\/20210925_194146.jpg?resize=768%2C432&amp;ssl=1 768w, https:\/\/i0.wp.com\/www.zonderdank.be\/saturnein\/wp-content\/uploads\/2021\/09\/20210925_194146.jpg?resize=1536%2C864&amp;ssl=1 1536w, https:\/\/i0.wp.com\/www.zonderdank.be\/saturnein\/wp-content\/uploads\/2021\/09\/20210925_194146.jpg?resize=555%2C312&amp;ssl=1 555w, https:\/\/i0.wp.com\/www.zonderdank.be\/saturnein\/wp-content\/uploads\/2021\/09\/20210925_194146.jpg?w=1920&amp;ssl=1 1920w\" sizes=\"auto, (max-width: 1000px) 100vw, 1000px\" \/><\/figure>\n\n\n\n<figure class=\"wp-block-image size-large\"><img data-recalc-dims=\"1\" loading=\"lazy\" decoding=\"async\" width=\"1024\" height=\"576\" data-attachment-id=\"32973\" data-permalink=\"https:\/\/www.zonderdank.be\/saturnein\/20210925_195344\/\" data-orig-file=\"https:\/\/i0.wp.com\/www.zonderdank.be\/saturnein\/wp-content\/uploads\/2021\/09\/20210925_195344.jpg?fit=1920%2C1080&amp;ssl=1\" data-orig-size=\"1920,1080\" data-comments-opened=\"1\" data-image-meta=\"{&quot;aperture&quot;:&quot;2.4&quot;,&quot;credit&quot;:&quot;&quot;,&quot;camera&quot;:&quot;SM-N960F&quot;,&quot;caption&quot;:&quot;&quot;,&quot;created_timestamp&quot;:&quot;1632599624&quot;,&quot;copyright&quot;:&quot;&quot;,&quot;focal_length&quot;:&quot;4.3&quot;,&quot;iso&quot;:&quot;100&quot;,&quot;shutter_speed&quot;:&quot;0.02&quot;,&quot;title&quot;:&quot;&quot;,&quot;orientation&quot;:&quot;1&quot;}\" data-image-title=\"20210925_195344\" data-image-description=\"\" data-image-caption=\"\" data-large-file=\"https:\/\/i0.wp.com\/www.zonderdank.be\/saturnein\/wp-content\/uploads\/2021\/09\/20210925_195344.jpg?fit=1024%2C576&amp;ssl=1\" src=\"https:\/\/i0.wp.com\/www.zonderdank.be\/saturnein\/wp-content\/uploads\/2021\/09\/20210925_195344.jpg?resize=1024%2C576&#038;ssl=1\" alt=\"\" class=\"wp-image-32973\" srcset=\"https:\/\/i0.wp.com\/www.zonderdank.be\/saturnein\/wp-content\/uploads\/2021\/09\/20210925_195344.jpg?resize=1024%2C576&amp;ssl=1 1024w, https:\/\/i0.wp.com\/www.zonderdank.be\/saturnein\/wp-content\/uploads\/2021\/09\/20210925_195344.jpg?resize=300%2C169&amp;ssl=1 300w, https:\/\/i0.wp.com\/www.zonderdank.be\/saturnein\/wp-content\/uploads\/2021\/09\/20210925_195344.jpg?resize=768%2C432&amp;ssl=1 768w, https:\/\/i0.wp.com\/www.zonderdank.be\/saturnein\/wp-content\/uploads\/2021\/09\/20210925_195344.jpg?resize=1536%2C864&amp;ssl=1 1536w, https:\/\/i0.wp.com\/www.zonderdank.be\/saturnein\/wp-content\/uploads\/2021\/09\/20210925_195344.jpg?resize=555%2C312&amp;ssl=1 555w, https:\/\/i0.wp.com\/www.zonderdank.be\/saturnein\/wp-content\/uploads\/2021\/09\/20210925_195344.jpg?w=1920&amp;ssl=1 1920w\" sizes=\"auto, (max-width: 1000px) 100vw, 1000px\" \/><\/figure>\n\n\n\n<p>Hier hebben we uitstekende WiFi en kunnen we casten, dus kijken we eindelijk eens een aflevering Vive le V\u00e9lo. Waarna het bedtijd is. Het is hier stil, en stekkedonker.&nbsp;<\/p>\n\n\n\n<p><strong>Zondag 26 september<\/strong><\/p>\n\n\n\n<p>Voor vandaag heb ik een rustdag voorzien. Ik ben moe van de laatste zware dagen. Eventueel een klein fietstochtje in de buurt, meer zal het niet worden. We blijven wat langer liggen en doen alles lekker op het gemakje. Meneertje Mertens gaat wel een eind fietsen op het eiland. Ik blijf \u201cthuis\u00e2\u20ac\u009d, neem een uitgebreide douche, maak soep, en doe een handwasje. Ondertussen staat de TV op met de start van het WK.<\/p>\n\n\n\n<p>Mijn knie na de valpartij van een paar dagen geleden. <\/p>\n\n\n\n<figure class=\"wp-block-image size-large\"><img data-recalc-dims=\"1\" loading=\"lazy\" decoding=\"async\" width=\"1024\" height=\"498\" data-attachment-id=\"32992\" data-permalink=\"https:\/\/www.zonderdank.be\/saturnein\/2021\/09\/27\/op-reis-la-barre-de-monts\/20210926_130845\/\" data-orig-file=\"https:\/\/i0.wp.com\/www.zonderdank.be\/saturnein\/wp-content\/uploads\/2021\/09\/20210926_130845.jpg?fit=1920%2C933&amp;ssl=1\" data-orig-size=\"1920,933\" data-comments-opened=\"1\" data-image-meta=\"{&quot;aperture&quot;:&quot;1.7&quot;,&quot;credit&quot;:&quot;&quot;,&quot;camera&quot;:&quot;SM-G950F&quot;,&quot;caption&quot;:&quot;&quot;,&quot;created_timestamp&quot;:&quot;1632661725&quot;,&quot;copyright&quot;:&quot;&quot;,&quot;focal_length&quot;:&quot;4.2&quot;,&quot;iso&quot;:&quot;80&quot;,&quot;shutter_speed&quot;:&quot;0.02&quot;,&quot;title&quot;:&quot;&quot;,&quot;orientation&quot;:&quot;1&quot;}\" data-image-title=\"20210926_130845\" data-image-description=\"\" data-image-caption=\"\" data-large-file=\"https:\/\/i0.wp.com\/www.zonderdank.be\/saturnein\/wp-content\/uploads\/2021\/09\/20210926_130845.jpg?fit=1024%2C498&amp;ssl=1\" src=\"https:\/\/i0.wp.com\/www.zonderdank.be\/saturnein\/wp-content\/uploads\/2021\/09\/20210926_130845.jpg?resize=1024%2C498&#038;ssl=1\" alt=\"\" class=\"wp-image-32992\" srcset=\"https:\/\/i0.wp.com\/www.zonderdank.be\/saturnein\/wp-content\/uploads\/2021\/09\/20210926_130845.jpg?resize=1024%2C498&amp;ssl=1 1024w, https:\/\/i0.wp.com\/www.zonderdank.be\/saturnein\/wp-content\/uploads\/2021\/09\/20210926_130845.jpg?resize=300%2C146&amp;ssl=1 300w, https:\/\/i0.wp.com\/www.zonderdank.be\/saturnein\/wp-content\/uploads\/2021\/09\/20210926_130845.jpg?resize=768%2C373&amp;ssl=1 768w, https:\/\/i0.wp.com\/www.zonderdank.be\/saturnein\/wp-content\/uploads\/2021\/09\/20210926_130845.jpg?resize=1536%2C746&amp;ssl=1 1536w, https:\/\/i0.wp.com\/www.zonderdank.be\/saturnein\/wp-content\/uploads\/2021\/09\/20210926_130845.jpg?resize=555%2C270&amp;ssl=1 555w, https:\/\/i0.wp.com\/www.zonderdank.be\/saturnein\/wp-content\/uploads\/2021\/09\/20210926_130845.jpg?w=1920&amp;ssl=1 1920w\" sizes=\"auto, (max-width: 1000px) 100vw, 1000px\" \/><\/figure>\n\n\n\n<p> Ik eet soep en een boterhammetje (mmm dat mueslibrood van de bakker van Soubise is lekker). Het plan in mijn hoofd is om tijdens de \u201cluwe uren\u00e2\u20ac\u009d van het WK (een WK wielrennen is door de band genomen de saaiste koers van het jaar, met een actief begin, daarna het grote niets gedurende uren, en dan een spetterende finale) dat eindje gaan fietsen. Maar op 180 km van het einde is het opeens langs alle kanten koers, waardoor ik blijf kijken. Geen ritje. Lekker koers kijken. Niks mis mee. <\/p>\n\n\n\n<p>Jammer genoeg eindigt het WK met een ontgoocheling voor de Belgen (daar gaat nog over gepalaverd worden, denk ik). Maar wel met een mooie en verdiende winnaar. En met een dikke pluim voor de organisatie en het publiek dat zo imposant talrijk opdaagde. Dikke min wel voor de achterlijken die Alaphilippe uitjoelden en bier naar hem gooiden. Awoert. Smet op het blazoen van de Vlaamse koersliefhebber (samen met die f*cking vlaggen altijd). <\/p>\n\n\n\n<p>Meneertje Mertens kwam ondertussen ook thuis, tevreden van zijn tochtje. Alleen jammer dat er werken zijn op de brug, en dat je er als fietser niet veilig kan passeren. Ik krijg al schrik voor mijn geplande tochtjes de komende dagen. <\/p>\n\n\n\n<p>Hij passeerdege bij de Passage du Gois, bij hoog water. <\/p>\n\n\n\n<figure class=\"wp-block-image size-large\"><img data-recalc-dims=\"1\" loading=\"lazy\" decoding=\"async\" width=\"1024\" height=\"576\" data-attachment-id=\"32980\" data-permalink=\"https:\/\/www.zonderdank.be\/saturnein\/20210926_102850\/\" data-orig-file=\"https:\/\/i0.wp.com\/www.zonderdank.be\/saturnein\/wp-content\/uploads\/2021\/09\/20210926_102850.jpg?fit=1920%2C1080&amp;ssl=1\" data-orig-size=\"1920,1080\" data-comments-opened=\"1\" data-image-meta=\"{&quot;aperture&quot;:&quot;2.4&quot;,&quot;credit&quot;:&quot;&quot;,&quot;camera&quot;:&quot;SM-N960F&quot;,&quot;caption&quot;:&quot;&quot;,&quot;created_timestamp&quot;:&quot;1632652130&quot;,&quot;copyright&quot;:&quot;&quot;,&quot;focal_length&quot;:&quot;4.3&quot;,&quot;iso&quot;:&quot;50&quot;,&quot;shutter_speed&quot;:&quot;0.00017301038062284&quot;,&quot;title&quot;:&quot;&quot;,&quot;orientation&quot;:&quot;1&quot;}\" data-image-title=\"20210926_102850\" data-image-description=\"\" data-image-caption=\"\" data-large-file=\"https:\/\/i0.wp.com\/www.zonderdank.be\/saturnein\/wp-content\/uploads\/2021\/09\/20210926_102850.jpg?fit=1024%2C576&amp;ssl=1\" src=\"https:\/\/i0.wp.com\/www.zonderdank.be\/saturnein\/wp-content\/uploads\/2021\/09\/20210926_102850.jpg?resize=1024%2C576&#038;ssl=1\" alt=\"\" class=\"wp-image-32980\" srcset=\"https:\/\/i0.wp.com\/www.zonderdank.be\/saturnein\/wp-content\/uploads\/2021\/09\/20210926_102850.jpg?resize=1024%2C576&amp;ssl=1 1024w, https:\/\/i0.wp.com\/www.zonderdank.be\/saturnein\/wp-content\/uploads\/2021\/09\/20210926_102850.jpg?resize=300%2C169&amp;ssl=1 300w, https:\/\/i0.wp.com\/www.zonderdank.be\/saturnein\/wp-content\/uploads\/2021\/09\/20210926_102850.jpg?resize=768%2C432&amp;ssl=1 768w, https:\/\/i0.wp.com\/www.zonderdank.be\/saturnein\/wp-content\/uploads\/2021\/09\/20210926_102850.jpg?resize=1536%2C864&amp;ssl=1 1536w, https:\/\/i0.wp.com\/www.zonderdank.be\/saturnein\/wp-content\/uploads\/2021\/09\/20210926_102850.jpg?resize=555%2C312&amp;ssl=1 555w, https:\/\/i0.wp.com\/www.zonderdank.be\/saturnein\/wp-content\/uploads\/2021\/09\/20210926_102850.jpg?w=1920&amp;ssl=1 1920w\" sizes=\"auto, (max-width: 1000px) 100vw, 1000px\" \/><\/figure>\n\n\n\n<p>Mooie wegen. <\/p>\n\n\n\n<figure class=\"wp-block-image size-large\"><img data-recalc-dims=\"1\" loading=\"lazy\" decoding=\"async\" width=\"1024\" height=\"576\" data-attachment-id=\"32981\" data-permalink=\"https:\/\/www.zonderdank.be\/saturnein\/20210926_105409\/\" data-orig-file=\"https:\/\/i0.wp.com\/www.zonderdank.be\/saturnein\/wp-content\/uploads\/2021\/09\/20210926_105409.jpg?fit=1919%2C1080&amp;ssl=1\" data-orig-size=\"1919,1080\" data-comments-opened=\"1\" data-image-meta=\"{&quot;aperture&quot;:&quot;2.4&quot;,&quot;credit&quot;:&quot;&quot;,&quot;camera&quot;:&quot;SM-N960F&quot;,&quot;caption&quot;:&quot;&quot;,&quot;created_timestamp&quot;:&quot;1632653649&quot;,&quot;copyright&quot;:&quot;&quot;,&quot;focal_length&quot;:&quot;4.3&quot;,&quot;iso&quot;:&quot;50&quot;,&quot;shutter_speed&quot;:&quot;0.00057903879559931&quot;,&quot;title&quot;:&quot;&quot;,&quot;orientation&quot;:&quot;1&quot;}\" data-image-title=\"20210926_105409\" data-image-description=\"\" data-image-caption=\"\" data-large-file=\"https:\/\/i0.wp.com\/www.zonderdank.be\/saturnein\/wp-content\/uploads\/2021\/09\/20210926_105409.jpg?fit=1024%2C576&amp;ssl=1\" src=\"https:\/\/i0.wp.com\/www.zonderdank.be\/saturnein\/wp-content\/uploads\/2021\/09\/20210926_105409.jpg?resize=1024%2C576&#038;ssl=1\" alt=\"\" class=\"wp-image-32981\" srcset=\"https:\/\/i0.wp.com\/www.zonderdank.be\/saturnein\/wp-content\/uploads\/2021\/09\/20210926_105409.jpg?resize=1024%2C576&amp;ssl=1 1024w, https:\/\/i0.wp.com\/www.zonderdank.be\/saturnein\/wp-content\/uploads\/2021\/09\/20210926_105409.jpg?resize=300%2C169&amp;ssl=1 300w, https:\/\/i0.wp.com\/www.zonderdank.be\/saturnein\/wp-content\/uploads\/2021\/09\/20210926_105409.jpg?resize=768%2C432&amp;ssl=1 768w, https:\/\/i0.wp.com\/www.zonderdank.be\/saturnein\/wp-content\/uploads\/2021\/09\/20210926_105409.jpg?resize=1536%2C864&amp;ssl=1 1536w, https:\/\/i0.wp.com\/www.zonderdank.be\/saturnein\/wp-content\/uploads\/2021\/09\/20210926_105409.jpg?resize=555%2C312&amp;ssl=1 555w, https:\/\/i0.wp.com\/www.zonderdank.be\/saturnein\/wp-content\/uploads\/2021\/09\/20210926_105409.jpg?w=1919&amp;ssl=1 1919w\" sizes=\"auto, (max-width: 1000px) 100vw, 1000px\" \/><\/figure>\n\n\n\n<p>Ook hier is het zout alomtegenwoordig. <\/p>\n\n\n\n<figure class=\"wp-block-image size-large\"><img data-recalc-dims=\"1\" loading=\"lazy\" decoding=\"async\" width=\"1024\" height=\"576\" data-attachment-id=\"32982\" data-permalink=\"https:\/\/www.zonderdank.be\/saturnein\/20210926_111955\/\" data-orig-file=\"https:\/\/i0.wp.com\/www.zonderdank.be\/saturnein\/wp-content\/uploads\/2021\/09\/20210926_111955.jpg?fit=1920%2C1080&amp;ssl=1\" data-orig-size=\"1920,1080\" data-comments-opened=\"1\" data-image-meta=\"{&quot;aperture&quot;:&quot;2.4&quot;,&quot;credit&quot;:&quot;&quot;,&quot;camera&quot;:&quot;SM-N960F&quot;,&quot;caption&quot;:&quot;&quot;,&quot;created_timestamp&quot;:&quot;1632655195&quot;,&quot;copyright&quot;:&quot;&quot;,&quot;focal_length&quot;:&quot;4.3&quot;,&quot;iso&quot;:&quot;50&quot;,&quot;shutter_speed&quot;:&quot;0.00068119891008174&quot;,&quot;title&quot;:&quot;&quot;,&quot;orientation&quot;:&quot;1&quot;}\" data-image-title=\"20210926_111955\" data-image-description=\"\" data-image-caption=\"\" data-large-file=\"https:\/\/i0.wp.com\/www.zonderdank.be\/saturnein\/wp-content\/uploads\/2021\/09\/20210926_111955.jpg?fit=1024%2C576&amp;ssl=1\" src=\"https:\/\/i0.wp.com\/www.zonderdank.be\/saturnein\/wp-content\/uploads\/2021\/09\/20210926_111955.jpg?resize=1024%2C576&#038;ssl=1\" alt=\"\" class=\"wp-image-32982\" srcset=\"https:\/\/i0.wp.com\/www.zonderdank.be\/saturnein\/wp-content\/uploads\/2021\/09\/20210926_111955.jpg?resize=1024%2C576&amp;ssl=1 1024w, https:\/\/i0.wp.com\/www.zonderdank.be\/saturnein\/wp-content\/uploads\/2021\/09\/20210926_111955.jpg?resize=300%2C169&amp;ssl=1 300w, https:\/\/i0.wp.com\/www.zonderdank.be\/saturnein\/wp-content\/uploads\/2021\/09\/20210926_111955.jpg?resize=768%2C432&amp;ssl=1 768w, https:\/\/i0.wp.com\/www.zonderdank.be\/saturnein\/wp-content\/uploads\/2021\/09\/20210926_111955.jpg?resize=1536%2C864&amp;ssl=1 1536w, https:\/\/i0.wp.com\/www.zonderdank.be\/saturnein\/wp-content\/uploads\/2021\/09\/20210926_111955.jpg?resize=555%2C312&amp;ssl=1 555w, https:\/\/i0.wp.com\/www.zonderdank.be\/saturnein\/wp-content\/uploads\/2021\/09\/20210926_111955.jpg?w=1920&amp;ssl=1 1920w\" sizes=\"auto, (max-width: 1000px) 100vw, 1000px\" \/><\/figure>\n\n\n\n<figure class=\"wp-block-image size-large\"><img data-recalc-dims=\"1\" loading=\"lazy\" decoding=\"async\" width=\"1024\" height=\"576\" data-attachment-id=\"32983\" data-permalink=\"https:\/\/www.zonderdank.be\/saturnein\/20210926_112000\/\" data-orig-file=\"https:\/\/i0.wp.com\/www.zonderdank.be\/saturnein\/wp-content\/uploads\/2021\/09\/20210926_112000.jpg?fit=1920%2C1080&amp;ssl=1\" data-orig-size=\"1920,1080\" data-comments-opened=\"1\" data-image-meta=\"{&quot;aperture&quot;:&quot;2.4&quot;,&quot;credit&quot;:&quot;&quot;,&quot;camera&quot;:&quot;SM-N960F&quot;,&quot;caption&quot;:&quot;&quot;,&quot;created_timestamp&quot;:&quot;1632655200&quot;,&quot;copyright&quot;:&quot;&quot;,&quot;focal_length&quot;:&quot;4.3&quot;,&quot;iso&quot;:&quot;50&quot;,&quot;shutter_speed&quot;:&quot;0.00012399256044637&quot;,&quot;title&quot;:&quot;&quot;,&quot;orientation&quot;:&quot;1&quot;}\" data-image-title=\"20210926_112000\" data-image-description=\"\" data-image-caption=\"\" data-large-file=\"https:\/\/i0.wp.com\/www.zonderdank.be\/saturnein\/wp-content\/uploads\/2021\/09\/20210926_112000.jpg?fit=1024%2C576&amp;ssl=1\" src=\"https:\/\/i0.wp.com\/www.zonderdank.be\/saturnein\/wp-content\/uploads\/2021\/09\/20210926_112000.jpg?resize=1024%2C576&#038;ssl=1\" alt=\"\" class=\"wp-image-32983\" srcset=\"https:\/\/i0.wp.com\/www.zonderdank.be\/saturnein\/wp-content\/uploads\/2021\/09\/20210926_112000.jpg?resize=1024%2C576&amp;ssl=1 1024w, https:\/\/i0.wp.com\/www.zonderdank.be\/saturnein\/wp-content\/uploads\/2021\/09\/20210926_112000.jpg?resize=300%2C169&amp;ssl=1 300w, https:\/\/i0.wp.com\/www.zonderdank.be\/saturnein\/wp-content\/uploads\/2021\/09\/20210926_112000.jpg?resize=768%2C432&amp;ssl=1 768w, https:\/\/i0.wp.com\/www.zonderdank.be\/saturnein\/wp-content\/uploads\/2021\/09\/20210926_112000.jpg?resize=1536%2C864&amp;ssl=1 1536w, https:\/\/i0.wp.com\/www.zonderdank.be\/saturnein\/wp-content\/uploads\/2021\/09\/20210926_112000.jpg?resize=555%2C312&amp;ssl=1 555w, https:\/\/i0.wp.com\/www.zonderdank.be\/saturnein\/wp-content\/uploads\/2021\/09\/20210926_112000.jpg?w=1920&amp;ssl=1 1920w\" sizes=\"auto, (max-width: 1000px) 100vw, 1000px\" \/><\/figure>\n\n\n\n<figure class=\"wp-block-image size-large\"><img data-recalc-dims=\"1\" loading=\"lazy\" decoding=\"async\" width=\"1024\" height=\"576\" data-attachment-id=\"32984\" data-permalink=\"https:\/\/www.zonderdank.be\/saturnein\/20210926_115835\/\" data-orig-file=\"https:\/\/i0.wp.com\/www.zonderdank.be\/saturnein\/wp-content\/uploads\/2021\/09\/20210926_115835.jpg?fit=1919%2C1080&amp;ssl=1\" data-orig-size=\"1919,1080\" data-comments-opened=\"1\" data-image-meta=\"{&quot;aperture&quot;:&quot;2.4&quot;,&quot;credit&quot;:&quot;&quot;,&quot;camera&quot;:&quot;SM-N960F&quot;,&quot;caption&quot;:&quot;&quot;,&quot;created_timestamp&quot;:&quot;1632657515&quot;,&quot;copyright&quot;:&quot;&quot;,&quot;focal_length&quot;:&quot;4.3&quot;,&quot;iso&quot;:&quot;50&quot;,&quot;shutter_speed&quot;:&quot;0.00055005500550055&quot;,&quot;title&quot;:&quot;&quot;,&quot;orientation&quot;:&quot;1&quot;}\" data-image-title=\"20210926_115835\" data-image-description=\"\" data-image-caption=\"\" data-large-file=\"https:\/\/i0.wp.com\/www.zonderdank.be\/saturnein\/wp-content\/uploads\/2021\/09\/20210926_115835.jpg?fit=1024%2C576&amp;ssl=1\" src=\"https:\/\/i0.wp.com\/www.zonderdank.be\/saturnein\/wp-content\/uploads\/2021\/09\/20210926_115835.jpg?resize=1024%2C576&#038;ssl=1\" alt=\"\" class=\"wp-image-32984\" srcset=\"https:\/\/i0.wp.com\/www.zonderdank.be\/saturnein\/wp-content\/uploads\/2021\/09\/20210926_115835.jpg?resize=1024%2C576&amp;ssl=1 1024w, https:\/\/i0.wp.com\/www.zonderdank.be\/saturnein\/wp-content\/uploads\/2021\/09\/20210926_115835.jpg?resize=300%2C169&amp;ssl=1 300w, https:\/\/i0.wp.com\/www.zonderdank.be\/saturnein\/wp-content\/uploads\/2021\/09\/20210926_115835.jpg?resize=768%2C432&amp;ssl=1 768w, https:\/\/i0.wp.com\/www.zonderdank.be\/saturnein\/wp-content\/uploads\/2021\/09\/20210926_115835.jpg?resize=1536%2C864&amp;ssl=1 1536w, https:\/\/i0.wp.com\/www.zonderdank.be\/saturnein\/wp-content\/uploads\/2021\/09\/20210926_115835.jpg?resize=555%2C312&amp;ssl=1 555w, https:\/\/i0.wp.com\/www.zonderdank.be\/saturnein\/wp-content\/uploads\/2021\/09\/20210926_115835.jpg?w=1919&amp;ssl=1 1919w\" sizes=\"auto, (max-width: 1000px) 100vw, 1000px\" \/><\/figure>\n\n\n\n<p>De toren die we zien vanop de Plage de la Grande C\u00f4te. <\/p>\n\n\n\n<div class=\"wp-block-image\"><figure class=\"aligncenter size-large is-resized\"><img data-recalc-dims=\"1\" loading=\"lazy\" decoding=\"async\" data-attachment-id=\"32985\" data-permalink=\"https:\/\/www.zonderdank.be\/saturnein\/20210926_125318\/\" data-orig-file=\"https:\/\/i0.wp.com\/www.zonderdank.be\/saturnein\/wp-content\/uploads\/2021\/09\/20210926_125318.jpg?fit=1080%2C1440&amp;ssl=1\" data-orig-size=\"1080,1440\" data-comments-opened=\"1\" data-image-meta=\"{&quot;aperture&quot;:&quot;2.4&quot;,&quot;credit&quot;:&quot;&quot;,&quot;camera&quot;:&quot;SM-N960F&quot;,&quot;caption&quot;:&quot;&quot;,&quot;created_timestamp&quot;:&quot;1632660798&quot;,&quot;copyright&quot;:&quot;&quot;,&quot;focal_length&quot;:&quot;4.3&quot;,&quot;iso&quot;:&quot;50&quot;,&quot;shutter_speed&quot;:&quot;0.00039200313602509&quot;,&quot;title&quot;:&quot;&quot;,&quot;orientation&quot;:&quot;1&quot;}\" data-image-title=\"20210926_125318\" data-image-description=\"\" data-image-caption=\"\" data-large-file=\"https:\/\/i0.wp.com\/www.zonderdank.be\/saturnein\/wp-content\/uploads\/2021\/09\/20210926_125318.jpg?fit=768%2C1024&amp;ssl=1\" src=\"https:\/\/i0.wp.com\/www.zonderdank.be\/saturnein\/wp-content\/uploads\/2021\/09\/20210926_125318.jpg?resize=514%2C685&#038;ssl=1\" alt=\"\" class=\"wp-image-32985\" width=\"514\" height=\"685\" srcset=\"https:\/\/i0.wp.com\/www.zonderdank.be\/saturnein\/wp-content\/uploads\/2021\/09\/20210926_125318.jpg?resize=768%2C1024&amp;ssl=1 768w, https:\/\/i0.wp.com\/www.zonderdank.be\/saturnein\/wp-content\/uploads\/2021\/09\/20210926_125318.jpg?resize=225%2C300&amp;ssl=1 225w, https:\/\/i0.wp.com\/www.zonderdank.be\/saturnein\/wp-content\/uploads\/2021\/09\/20210926_125318.jpg?resize=555%2C740&amp;ssl=1 555w, https:\/\/i0.wp.com\/www.zonderdank.be\/saturnein\/wp-content\/uploads\/2021\/09\/20210926_125318.jpg?w=1080&amp;ssl=1 1080w\" sizes=\"auto, (max-width: 514px) 100vw, 514px\" \/><\/figure><\/div>\n\n\n\n<p><\/p>\n\n\n\n<figure class=\"wp-block-image size-large\"><img data-recalc-dims=\"1\" loading=\"lazy\" decoding=\"async\" width=\"1024\" height=\"576\" data-attachment-id=\"32986\" data-permalink=\"https:\/\/www.zonderdank.be\/saturnein\/20210926_125930\/\" data-orig-file=\"https:\/\/i0.wp.com\/www.zonderdank.be\/saturnein\/wp-content\/uploads\/2021\/09\/20210926_125930.jpg?fit=1919%2C1080&amp;ssl=1\" data-orig-size=\"1919,1080\" data-comments-opened=\"1\" data-image-meta=\"{&quot;aperture&quot;:&quot;2.4&quot;,&quot;credit&quot;:&quot;&quot;,&quot;camera&quot;:&quot;SM-N960F&quot;,&quot;caption&quot;:&quot;&quot;,&quot;created_timestamp&quot;:&quot;1632661170&quot;,&quot;copyright&quot;:&quot;&quot;,&quot;focal_length&quot;:&quot;4.3&quot;,&quot;iso&quot;:&quot;50&quot;,&quot;shutter_speed&quot;:&quot;0.00034602076124567&quot;,&quot;title&quot;:&quot;&quot;,&quot;orientation&quot;:&quot;1&quot;}\" data-image-title=\"20210926_125930\" data-image-description=\"\" data-image-caption=\"\" data-large-file=\"https:\/\/i0.wp.com\/www.zonderdank.be\/saturnein\/wp-content\/uploads\/2021\/09\/20210926_125930.jpg?fit=1024%2C576&amp;ssl=1\" src=\"https:\/\/i0.wp.com\/www.zonderdank.be\/saturnein\/wp-content\/uploads\/2021\/09\/20210926_125930.jpg?resize=1024%2C576&#038;ssl=1\" alt=\"\" class=\"wp-image-32986\" srcset=\"https:\/\/i0.wp.com\/www.zonderdank.be\/saturnein\/wp-content\/uploads\/2021\/09\/20210926_125930.jpg?resize=1024%2C576&amp;ssl=1 1024w, https:\/\/i0.wp.com\/www.zonderdank.be\/saturnein\/wp-content\/uploads\/2021\/09\/20210926_125930.jpg?resize=300%2C169&amp;ssl=1 300w, https:\/\/i0.wp.com\/www.zonderdank.be\/saturnein\/wp-content\/uploads\/2021\/09\/20210926_125930.jpg?resize=768%2C432&amp;ssl=1 768w, https:\/\/i0.wp.com\/www.zonderdank.be\/saturnein\/wp-content\/uploads\/2021\/09\/20210926_125930.jpg?resize=1536%2C864&amp;ssl=1 1536w, https:\/\/i0.wp.com\/www.zonderdank.be\/saturnein\/wp-content\/uploads\/2021\/09\/20210926_125930.jpg?resize=555%2C312&amp;ssl=1 555w, https:\/\/i0.wp.com\/www.zonderdank.be\/saturnein\/wp-content\/uploads\/2021\/09\/20210926_125930.jpg?w=1919&amp;ssl=1 1919w\" sizes=\"auto, (max-width: 1000px) 100vw, 1000px\" \/><\/figure>\n\n\n\n<figure class=\"wp-block-image size-large\"><img data-recalc-dims=\"1\" loading=\"lazy\" decoding=\"async\" width=\"1024\" height=\"576\" data-attachment-id=\"32987\" data-permalink=\"https:\/\/www.zonderdank.be\/saturnein\/20210926_130309\/\" data-orig-file=\"https:\/\/i0.wp.com\/www.zonderdank.be\/saturnein\/wp-content\/uploads\/2021\/09\/20210926_130309.jpg?fit=1919%2C1080&amp;ssl=1\" data-orig-size=\"1919,1080\" data-comments-opened=\"1\" data-image-meta=\"{&quot;aperture&quot;:&quot;2.4&quot;,&quot;credit&quot;:&quot;&quot;,&quot;camera&quot;:&quot;SM-N960F&quot;,&quot;caption&quot;:&quot;&quot;,&quot;created_timestamp&quot;:&quot;1632661389&quot;,&quot;copyright&quot;:&quot;&quot;,&quot;focal_length&quot;:&quot;4.3&quot;,&quot;iso&quot;:&quot;50&quot;,&quot;shutter_speed&quot;:&quot;0.00042498937526562&quot;,&quot;title&quot;:&quot;&quot;,&quot;orientation&quot;:&quot;1&quot;}\" data-image-title=\"20210926_130309\" data-image-description=\"\" data-image-caption=\"\" data-large-file=\"https:\/\/i0.wp.com\/www.zonderdank.be\/saturnein\/wp-content\/uploads\/2021\/09\/20210926_130309.jpg?fit=1024%2C576&amp;ssl=1\" src=\"https:\/\/i0.wp.com\/www.zonderdank.be\/saturnein\/wp-content\/uploads\/2021\/09\/20210926_130309.jpg?resize=1024%2C576&#038;ssl=1\" alt=\"\" class=\"wp-image-32987\" srcset=\"https:\/\/i0.wp.com\/www.zonderdank.be\/saturnein\/wp-content\/uploads\/2021\/09\/20210926_130309.jpg?resize=1024%2C576&amp;ssl=1 1024w, https:\/\/i0.wp.com\/www.zonderdank.be\/saturnein\/wp-content\/uploads\/2021\/09\/20210926_130309.jpg?resize=300%2C169&amp;ssl=1 300w, https:\/\/i0.wp.com\/www.zonderdank.be\/saturnein\/wp-content\/uploads\/2021\/09\/20210926_130309.jpg?resize=768%2C432&amp;ssl=1 768w, https:\/\/i0.wp.com\/www.zonderdank.be\/saturnein\/wp-content\/uploads\/2021\/09\/20210926_130309.jpg?resize=1536%2C864&amp;ssl=1 1536w, https:\/\/i0.wp.com\/www.zonderdank.be\/saturnein\/wp-content\/uploads\/2021\/09\/20210926_130309.jpg?resize=555%2C312&amp;ssl=1 555w, https:\/\/i0.wp.com\/www.zonderdank.be\/saturnein\/wp-content\/uploads\/2021\/09\/20210926_130309.jpg?w=1919&amp;ssl=1 1919w\" sizes=\"auto, (max-width: 1000px) 100vw, 1000px\" \/><\/figure>\n\n\n\n<p>We maken samen eten (hij: vlees en patatjes buiten op de Party Grill, ik: groentjes binnen op het gasvuur). We smeren ons in en eten buiten. Ja, hier zitten nijdige krengen van muggen, weet ik van de vorige keer (toen ik naar de apotheker moest om iets tegen de jeuk, ik werd er \u00e2\u20ac\u02dcs nachts wakker van, om zot te worden). Na het eten was ik de viezigheid weer van mijn lijf, trouwens, brrrr. We trekken nog eens naar de zee om de zon te zien ondergaan (dat wordt een mens toch nooit beu). <\/p>\n\n\n\n<figure class=\"wp-block-image size-large\"><img data-recalc-dims=\"1\" loading=\"lazy\" decoding=\"async\" width=\"1024\" height=\"576\" data-attachment-id=\"32989\" data-permalink=\"https:\/\/www.zonderdank.be\/saturnein\/20210926_193751\/\" data-orig-file=\"https:\/\/i0.wp.com\/www.zonderdank.be\/saturnein\/wp-content\/uploads\/2021\/09\/20210926_193751.jpg?fit=1920%2C1080&amp;ssl=1\" data-orig-size=\"1920,1080\" data-comments-opened=\"1\" data-image-meta=\"{&quot;aperture&quot;:&quot;2.4&quot;,&quot;credit&quot;:&quot;&quot;,&quot;camera&quot;:&quot;SM-N960F&quot;,&quot;caption&quot;:&quot;&quot;,&quot;created_timestamp&quot;:&quot;1632685070&quot;,&quot;copyright&quot;:&quot;&quot;,&quot;focal_length&quot;:&quot;4.3&quot;,&quot;iso&quot;:&quot;50&quot;,&quot;shutter_speed&quot;:&quot;0.0011454753722795&quot;,&quot;title&quot;:&quot;&quot;,&quot;orientation&quot;:&quot;1&quot;}\" data-image-title=\"20210926_193751\" data-image-description=\"\" data-image-caption=\"\" data-large-file=\"https:\/\/i0.wp.com\/www.zonderdank.be\/saturnein\/wp-content\/uploads\/2021\/09\/20210926_193751.jpg?fit=1024%2C576&amp;ssl=1\" src=\"https:\/\/i0.wp.com\/www.zonderdank.be\/saturnein\/wp-content\/uploads\/2021\/09\/20210926_193751.jpg?resize=1024%2C576&#038;ssl=1\" alt=\"\" class=\"wp-image-32989\" srcset=\"https:\/\/i0.wp.com\/www.zonderdank.be\/saturnein\/wp-content\/uploads\/2021\/09\/20210926_193751.jpg?resize=1024%2C576&amp;ssl=1 1024w, https:\/\/i0.wp.com\/www.zonderdank.be\/saturnein\/wp-content\/uploads\/2021\/09\/20210926_193751.jpg?resize=300%2C169&amp;ssl=1 300w, https:\/\/i0.wp.com\/www.zonderdank.be\/saturnein\/wp-content\/uploads\/2021\/09\/20210926_193751.jpg?resize=768%2C432&amp;ssl=1 768w, https:\/\/i0.wp.com\/www.zonderdank.be\/saturnein\/wp-content\/uploads\/2021\/09\/20210926_193751.jpg?resize=1536%2C864&amp;ssl=1 1536w, https:\/\/i0.wp.com\/www.zonderdank.be\/saturnein\/wp-content\/uploads\/2021\/09\/20210926_193751.jpg?resize=555%2C312&amp;ssl=1 555w, https:\/\/i0.wp.com\/www.zonderdank.be\/saturnein\/wp-content\/uploads\/2021\/09\/20210926_193751.jpg?w=1920&amp;ssl=1 1920w\" sizes=\"auto, (max-width: 1000px) 100vw, 1000px\" \/><\/figure>\n\n\n\n<figure class=\"wp-block-image size-large\"><img data-recalc-dims=\"1\" loading=\"lazy\" decoding=\"async\" width=\"1024\" height=\"576\" data-attachment-id=\"32990\" data-permalink=\"https:\/\/www.zonderdank.be\/saturnein\/20210926_193840\/\" data-orig-file=\"https:\/\/i0.wp.com\/www.zonderdank.be\/saturnein\/wp-content\/uploads\/2021\/09\/20210926_193840.jpg?fit=1920%2C1080&amp;ssl=1\" data-orig-size=\"1920,1080\" data-comments-opened=\"1\" data-image-meta=\"{&quot;aperture&quot;:&quot;2.4&quot;,&quot;credit&quot;:&quot;&quot;,&quot;camera&quot;:&quot;SM-N960F&quot;,&quot;caption&quot;:&quot;&quot;,&quot;created_timestamp&quot;:&quot;1632685120&quot;,&quot;copyright&quot;:&quot;&quot;,&quot;focal_length&quot;:&quot;4.3&quot;,&quot;iso&quot;:&quot;50&quot;,&quot;shutter_speed&quot;:&quot;0.0058823529411765&quot;,&quot;title&quot;:&quot;&quot;,&quot;orientation&quot;:&quot;1&quot;}\" data-image-title=\"20210926_193840\" data-image-description=\"\" data-image-caption=\"\" data-large-file=\"https:\/\/i0.wp.com\/www.zonderdank.be\/saturnein\/wp-content\/uploads\/2021\/09\/20210926_193840.jpg?fit=1024%2C576&amp;ssl=1\" src=\"https:\/\/i0.wp.com\/www.zonderdank.be\/saturnein\/wp-content\/uploads\/2021\/09\/20210926_193840.jpg?resize=1024%2C576&#038;ssl=1\" alt=\"\" class=\"wp-image-32990\" srcset=\"https:\/\/i0.wp.com\/www.zonderdank.be\/saturnein\/wp-content\/uploads\/2021\/09\/20210926_193840.jpg?resize=1024%2C576&amp;ssl=1 1024w, https:\/\/i0.wp.com\/www.zonderdank.be\/saturnein\/wp-content\/uploads\/2021\/09\/20210926_193840.jpg?resize=300%2C169&amp;ssl=1 300w, https:\/\/i0.wp.com\/www.zonderdank.be\/saturnein\/wp-content\/uploads\/2021\/09\/20210926_193840.jpg?resize=768%2C432&amp;ssl=1 768w, https:\/\/i0.wp.com\/www.zonderdank.be\/saturnein\/wp-content\/uploads\/2021\/09\/20210926_193840.jpg?resize=1536%2C864&amp;ssl=1 1536w, https:\/\/i0.wp.com\/www.zonderdank.be\/saturnein\/wp-content\/uploads\/2021\/09\/20210926_193840.jpg?resize=555%2C312&amp;ssl=1 555w, https:\/\/i0.wp.com\/www.zonderdank.be\/saturnein\/wp-content\/uploads\/2021\/09\/20210926_193840.jpg?w=1920&amp;ssl=1 1920w\" sizes=\"auto, (max-width: 1000px) 100vw, 1000px\" \/><\/figure>\n\n\n\n<p>We stappen tussen heerlijk geurende hagen. Gisteren zocht ik al eens op wat die struiken zouden kunnen zijn. Ik zie nu pas dat ze toch bloeien, vandaar die bedwelmende jasmijngeur. De stekelige olijfboom, zegt PlantNet. <\/p>\n\n\n\n<div class=\"wp-block-image\"><figure class=\"aligncenter size-large is-resized\"><img data-recalc-dims=\"1\" loading=\"lazy\" decoding=\"async\" data-attachment-id=\"32988\" data-permalink=\"https:\/\/www.zonderdank.be\/saturnein\/20210926_193307\/\" data-orig-file=\"https:\/\/i0.wp.com\/www.zonderdank.be\/saturnein\/wp-content\/uploads\/2021\/09\/20210926_193307.jpg?fit=1080%2C1441&amp;ssl=1\" data-orig-size=\"1080,1441\" data-comments-opened=\"1\" data-image-meta=\"{&quot;aperture&quot;:&quot;1.7&quot;,&quot;credit&quot;:&quot;&quot;,&quot;camera&quot;:&quot;SM-G950F&quot;,&quot;caption&quot;:&quot;&quot;,&quot;created_timestamp&quot;:&quot;1632684787&quot;,&quot;copyright&quot;:&quot;&quot;,&quot;focal_length&quot;:&quot;4.2&quot;,&quot;iso&quot;:&quot;250&quot;,&quot;shutter_speed&quot;:&quot;0.0083333333333333&quot;,&quot;title&quot;:&quot;&quot;,&quot;orientation&quot;:&quot;1&quot;}\" data-image-title=\"20210926_193307\" data-image-description=\"\" data-image-caption=\"\" data-large-file=\"https:\/\/i0.wp.com\/www.zonderdank.be\/saturnein\/wp-content\/uploads\/2021\/09\/20210926_193307.jpg?fit=767%2C1024&amp;ssl=1\" src=\"https:\/\/i0.wp.com\/www.zonderdank.be\/saturnein\/wp-content\/uploads\/2021\/09\/20210926_193307.jpg?resize=511%2C683&#038;ssl=1\" alt=\"\" class=\"wp-image-32988\" width=\"511\" height=\"683\" srcset=\"https:\/\/i0.wp.com\/www.zonderdank.be\/saturnein\/wp-content\/uploads\/2021\/09\/20210926_193307.jpg?resize=767%2C1024&amp;ssl=1 767w, https:\/\/i0.wp.com\/www.zonderdank.be\/saturnein\/wp-content\/uploads\/2021\/09\/20210926_193307.jpg?resize=225%2C300&amp;ssl=1 225w, https:\/\/i0.wp.com\/www.zonderdank.be\/saturnein\/wp-content\/uploads\/2021\/09\/20210926_193307.jpg?resize=768%2C1025&amp;ssl=1 768w, https:\/\/i0.wp.com\/www.zonderdank.be\/saturnein\/wp-content\/uploads\/2021\/09\/20210926_193307.jpg?resize=555%2C741&amp;ssl=1 555w, https:\/\/i0.wp.com\/www.zonderdank.be\/saturnein\/wp-content\/uploads\/2021\/09\/20210926_193307.jpg?w=1080&amp;ssl=1 1080w\" sizes=\"auto, (max-width: 511px) 100vw, 511px\" \/><\/figure><\/div>\n\n\n\n<p>We ruimen buiten toch maar op, want het ziet ernaar uit dat het gaat regenen. We kijken in ons bed nog een aflevering Vive le V\u00e9lo (we hebben wat achterstand in te halen) en gaan slapen.<\/p>\n","protected":false},"excerpt":{"rendered":"<p>Zaterdag 25 september Vandaag gaan we een kleine 300 kilometer rijden, naar onze volgende stek La-Barre-des-Monts aan de voet van de brug naar \u00c3\u017dle de Noirmoutier in de Vend\u00e9e. 300 kilometer door een paar ommetjes, langs \u00c3\u017dle de R\u00e9 en St.-Hilaire-de-Riez. We hebben lang getwijfeld hoe lang en waar we zouden verblijven op of nabij [&hellip;]<\/p>\n","protected":false},"author":1,"featured_media":32991,"comment_status":"closed","ping_status":"open","sticky":false,"template":"","format":"standard","meta":{"jetpack_post_was_ever_published":false,"_jetpack_newsletter_access":"","_jetpack_dont_email_post_to_subs":false,"_jetpack_newsletter_tier_id":0,"_jetpack_memberships_contains_paywalled_content":false,"_jetpack_memberships_contains_paid_content":false,"footnotes":""},"categories":[1775],"tags":[1777,2311,2331,2309,4031,4028,2349,1788,2312,4032,3286,4029,4013,4027,4025,4026,4014],"class_list":["post-32975","post","type-post","status-publish","format-standard","has-post-thumbnail","hentry","category-reizen","tag-camper","tag-camperlife","tag-camping-car-park","tag-ile-de-noirmoutier","tag-ile-de-re","tag-la-barre-de-monts-2","tag-ontheroadagain","tag-op-reis","tag-passage-du-gois","tag-phare-des-baleines","tag-plage-de-la-grande-cote","tag-saint-hilaire-de-riez","tag-soubise","tag-stekelige-olijfboom","tag-transbordeur","tag-transbordeur-de-rochefort","tag-viaduc-de-martrou"],"jetpack_featured_media_url":"https:\/\/i0.wp.com\/www.zonderdank.be\/saturnein\/wp-content\/uploads\/2021\/09\/20210926_194536.jpg?fit=1920%2C933&ssl=1","jetpack_sharing_enabled":true,"jetpack_shortlink":"https:\/\/wp.me\/p2l47o-8zR","jetpack_likes_enabled":true,"jetpack-related-posts":[],"_links":{"self":[{"href":"https:\/\/www.zonderdank.be\/saturnein\/wp-json\/wp\/v2\/posts\/32975","targetHints":{"allow":["GET"]}}],"collection":[{"href":"https:\/\/www.zonderdank.be\/saturnein\/wp-json\/wp\/v2\/posts"}],"about":[{"href":"https:\/\/www.zonderdank.be\/saturnein\/wp-json\/wp\/v2\/types\/post"}],"author":[{"embeddable":true,"href":"https:\/\/www.zonderdank.be\/saturnein\/wp-json\/wp\/v2\/users\/1"}],"replies":[{"embeddable":true,"href":"https:\/\/www.zonderdank.be\/saturnein\/wp-json\/wp\/v2\/comments?post=32975"}],"version-history":[{"count":3,"href":"https:\/\/www.zonderdank.be\/saturnein\/wp-json\/wp\/v2\/posts\/32975\/revisions"}],"predecessor-version":[{"id":32994,"href":"https:\/\/www.zonderdank.be\/saturnein\/wp-json\/wp\/v2\/posts\/32975\/revisions\/32994"}],"wp:featuredmedia":[{"embeddable":true,"href":"https:\/\/www.zonderdank.be\/saturnein\/wp-json\/wp\/v2\/media\/32991"}],"wp:attachment":[{"href":"https:\/\/www.zonderdank.be\/saturnein\/wp-json\/wp\/v2\/media?parent=32975"}],"wp:term":[{"taxonomy":"category","embeddable":true,"href":"https:\/\/www.zonderdank.be\/saturnein\/wp-json\/wp\/v2\/categories?post=32975"},{"taxonomy":"post_tag","embeddable":true,"href":"https:\/\/www.zonderdank.be\/saturnein\/wp-json\/wp\/v2\/tags?post=32975"}],"curies":[{"name":"wp","href":"https:\/\/api.w.org\/{rel}","templated":true}]}}