{"id":27826,"date":"2020-12-26T08:58:00","date_gmt":"2020-12-26T07:58:00","guid":{"rendered":"https:\/\/www.zonderdank.be\/saturnein\/?p=27826"},"modified":"2020-12-26T06:35:37","modified_gmt":"2020-12-26T05:35:37","slug":"week-in-beeld-week-52-3","status":"publish","type":"post","link":"https:\/\/www.zonderdank.be\/saturnein\/2020\/12\/26\/week-in-beeld-week-52-3\/","title":{"rendered":"Week in beeld &#8211; week 52"},"content":{"rendered":"<blockquote><p><em><span style=\"color: #800080;\">Vaste rubriek op zaterdag: week in beeld. Een greep uit de telefoonfoto\u2019s die ik maakte van zaterdagochtend tot vrijdagavond. Soms eens een foto door Meneertje Mertens. Soms eens een foto met de Nikon of Canon. Maar vooral foto\u2019s van mijn telefoon.<\/span><\/em><\/p><\/blockquote>\n<p>Zaterdagochtend ging Meneertje Mertens fietsen en maakte hij mooie ochtendfoto\u2019s in onze regio.<\/p>\n<p>Haven van Gent, in de buurt van de Volvo.<\/p>\n<p><a href=\"https:\/\/i0.wp.com\/www.zonderdank.be\/saturnein\/wp-content\/uploads\/2020\/12\/20201219_082354.jpg?ssl=1\"><img data-recalc-dims=\"1\" loading=\"lazy\" decoding=\"async\" style=\"display: inline; background-image: none;\" title=\"20201219_082354\" src=\"https:\/\/i0.wp.com\/www.zonderdank.be\/saturnein\/wp-content\/uploads\/2020\/12\/20201219_082354_thumb.jpg?resize=1028%2C580&#038;ssl=1\" alt=\"20201219_082354\" width=\"1028\" height=\"580\" border=\"0\" \/><\/a><\/p>\n<p><a href=\"https:\/\/i0.wp.com\/www.zonderdank.be\/saturnein\/wp-content\/uploads\/2020\/12\/20201219_082406.jpg?ssl=1\"><img data-recalc-dims=\"1\" loading=\"lazy\" decoding=\"async\" style=\"display: inline; background-image: none;\" title=\"20201219_082406\" src=\"https:\/\/i0.wp.com\/www.zonderdank.be\/saturnein\/wp-content\/uploads\/2020\/12\/20201219_082406_thumb.jpg?resize=1028%2C580&#038;ssl=1\" alt=\"20201219_082406\" width=\"1028\" height=\"580\" border=\"0\" \/><\/a><\/p>\n<p>Het veer van Langerbrugge.<\/p>\n<p><a href=\"https:\/\/i0.wp.com\/www.zonderdank.be\/saturnein\/wp-content\/uploads\/2020\/12\/20201219_092349.jpg?ssl=1\"><img data-recalc-dims=\"1\" loading=\"lazy\" decoding=\"async\" style=\"display: inline; background-image: none;\" title=\"20201219_092349\" src=\"https:\/\/i0.wp.com\/www.zonderdank.be\/saturnein\/wp-content\/uploads\/2020\/12\/20201219_092349_thumb.jpg?resize=1028%2C580&#038;ssl=1\" alt=\"20201219_092349\" width=\"1028\" height=\"580\" border=\"0\" \/><\/a><\/p>\n<p>Ik deed nog eens mee aan <a href=\"https:\/\/www.instagram.com\/explore\/tags\/degrotelockdownfotochallenge\/\">#degrotelockdownfotochallenge<\/a> van <a href=\"https:\/\/defotoschuur.be\/\">Mevrouw de Fotoschuur<\/a>, en maakte een foto waar ik zeer content van was. Maar om eerlijk te zijn, duurde het even voor ik tot dat resultaat kwam. Een verslag.<\/p>\n<p>Het pijnlijke begin.<\/p>\n<p><a href=\"https:\/\/i0.wp.com\/www.zonderdank.be\/saturnein\/wp-content\/uploads\/2020\/12\/DSC_0278.jpg?ssl=1\"><img data-recalc-dims=\"1\" loading=\"lazy\" decoding=\"async\" style=\"display: inline; background-image: none;\" title=\"DSC_0278\" src=\"https:\/\/i0.wp.com\/www.zonderdank.be\/saturnein\/wp-content\/uploads\/2020\/12\/DSC_0278_thumb.jpg?resize=1028%2C687&#038;ssl=1\" alt=\"DSC_0278\" width=\"1028\" height=\"687\" border=\"0\" \/><\/a><\/p>\n<p>Neen, dat is het ook niet echt.<\/p>\n<p><a href=\"https:\/\/i0.wp.com\/www.zonderdank.be\/saturnein\/wp-content\/uploads\/2020\/12\/DSC_0284.jpg?ssl=1\"><img data-recalc-dims=\"1\" loading=\"lazy\" decoding=\"async\" style=\"display: inline; background-image: none;\" title=\"DSC_0284\" src=\"https:\/\/i0.wp.com\/www.zonderdank.be\/saturnein\/wp-content\/uploads\/2020\/12\/DSC_0284_thumb.jpg?resize=1028%2C687&#038;ssl=1\" alt=\"DSC_0284\" width=\"1028\" height=\"687\" border=\"0\" \/><\/a><\/p>\n<p>Dat begint er \u00e9rgens op te lijken.<\/p>\n<p><a href=\"https:\/\/i0.wp.com\/www.zonderdank.be\/saturnein\/wp-content\/uploads\/2020\/12\/DSC_0289.jpg?ssl=1\"><img data-recalc-dims=\"1\" loading=\"lazy\" decoding=\"async\" style=\"display: inline; background-image: none;\" title=\"DSC_0289\" src=\"https:\/\/i0.wp.com\/www.zonderdank.be\/saturnein\/wp-content\/uploads\/2020\/12\/DSC_0289_thumb.jpg?resize=516%2C772&#038;ssl=1\" alt=\"DSC_0289\" width=\"516\" height=\"772\" border=\"0\" \/><\/a><\/p>\n<p>Mwaf. Die sprei weegt zwaar en die kabouter blijft niet stilstaan. Opletten dat hij niet omkukelt ook.<\/p>\n<p><a href=\"https:\/\/i0.wp.com\/www.zonderdank.be\/saturnein\/wp-content\/uploads\/2020\/12\/DSC_0310.jpg?ssl=1\"><img data-recalc-dims=\"1\" loading=\"lazy\" decoding=\"async\" style=\"display: inline; background-image: none;\" title=\"DSC_0310\" src=\"https:\/\/i0.wp.com\/www.zonderdank.be\/saturnein\/wp-content\/uploads\/2020\/12\/DSC_0310_thumb.jpg?resize=516%2C772&#038;ssl=1\" alt=\"DSC_0310\" width=\"516\" height=\"772\" border=\"0\" \/><\/a><\/p>\n<p>Oh kijk, als ik dat licht aansteek, dan is het v\u00e9\u00e9l beter! Hoera!<\/p>\n<p><a href=\"https:\/\/i0.wp.com\/www.zonderdank.be\/saturnein\/wp-content\/uploads\/2020\/12\/DSC_0312.jpg?ssl=1\"><img data-recalc-dims=\"1\" loading=\"lazy\" decoding=\"async\" style=\"display: inline; background-image: none;\" title=\"DSC_0312\" src=\"https:\/\/i0.wp.com\/www.zonderdank.be\/saturnein\/wp-content\/uploads\/2020\/12\/DSC_0312_thumb.jpg?resize=516%2C772&#038;ssl=1\" alt=\"DSC_0312\" width=\"516\" height=\"772\" border=\"0\" \/><\/a><\/p>\n<p>Maar het was nog niet wat Mevrouw de Fotoschuur in gedachten had. Die kabouter moet onder de stof (in deze sprei, want al mijn kant lag bij voornoemde Mevrouw de Fotoschuur) zitten, en je fototoestel ook, zodat er het gevoel is dat je als kijker samen met de kabouter onder de stof zit.<\/p>\n<p>Euhm, nee, niet zo.<\/p>\n<p><a href=\"https:\/\/i0.wp.com\/www.zonderdank.be\/saturnein\/wp-content\/uploads\/2020\/12\/DSC_0317.jpg?ssl=1\"><img data-recalc-dims=\"1\" loading=\"lazy\" decoding=\"async\" style=\"display: inline; background-image: none;\" title=\"DSC_0317\" src=\"https:\/\/i0.wp.com\/www.zonderdank.be\/saturnein\/wp-content\/uploads\/2020\/12\/DSC_0317_thumb.jpg?resize=516%2C772&#038;ssl=1\" alt=\"DSC_0317\" width=\"516\" height=\"772\" border=\"0\" \/><\/a><\/p>\n<p>Ma nee joengne, kijkt keer naar HIER!!<\/p>\n<p><a href=\"https:\/\/i0.wp.com\/www.zonderdank.be\/saturnein\/wp-content\/uploads\/2020\/12\/DSC_0322.jpg?ssl=1\"><img data-recalc-dims=\"1\" loading=\"lazy\" decoding=\"async\" style=\"display: inline; background-image: none;\" title=\"DSC_0322\" src=\"https:\/\/i0.wp.com\/www.zonderdank.be\/saturnein\/wp-content\/uploads\/2020\/12\/DSC_0322_thumb.jpg?resize=516%2C772&#038;ssl=1\" alt=\"DSC_0322\" width=\"516\" height=\"772\" border=\"0\" \/><\/a><\/p>\n<p>Hrmph.<\/p>\n<p><a href=\"https:\/\/i0.wp.com\/www.zonderdank.be\/saturnein\/wp-content\/uploads\/2020\/12\/DSC_0323.jpg?ssl=1\"><img data-recalc-dims=\"1\" loading=\"lazy\" decoding=\"async\" style=\"display: inline; background-image: none;\" title=\"DSC_0323\" src=\"https:\/\/i0.wp.com\/www.zonderdank.be\/saturnein\/wp-content\/uploads\/2020\/12\/DSC_0323_thumb.jpg?resize=516%2C772&#038;ssl=1\" alt=\"DSC_0323\" width=\"516\" height=\"772\" border=\"0\" \/><\/a><\/p>\n<p>Uiteindelijk riep ik de hulp van Meneertje Mertens in om de sprei vast te houden, en kwam ik tot dit resultaat. Waar ik zoals eerder gezegd heel tevreden van ben.<\/p>\n<p><a href=\"https:\/\/i0.wp.com\/www.zonderdank.be\/saturnein\/wp-content\/uploads\/2020\/12\/IMG_20201219_142643_922.jpg?ssl=1\"><img data-recalc-dims=\"1\" loading=\"lazy\" decoding=\"async\" style=\"display: inline; background-image: none;\" title=\"IMG_20201219_142643_922\" src=\"https:\/\/i0.wp.com\/www.zonderdank.be\/saturnein\/wp-content\/uploads\/2020\/12\/IMG_20201219_142643_922_thumb.jpg?resize=772%2C772&#038;ssl=1\" alt=\"IMG_20201219_142643_922\" width=\"772\" height=\"772\" border=\"0\" \/><\/a><\/p>\n<p>Zondag gingen we wandelen. We vertrokken vroeg naar de taalgrens, om in Everbeek (Brakel) de <a href=\"https:\/\/www.routen.be\/duivel-wandelroute\">Duivel wandelroute<\/a> te doen. Het vooruitzicht van kapelletjes trok me aan. Het bleef droog, maar erg overtrokken en duister, een mooie zonsopgang zagen we niet.<\/p>\n<p><a href=\"https:\/\/i0.wp.com\/www.zonderdank.be\/saturnein\/wp-content\/uploads\/2020\/12\/20201220_081827.jpg?ssl=1\"><img data-recalc-dims=\"1\" loading=\"lazy\" decoding=\"async\" style=\"display: inline; background-image: none;\" title=\"20201220_081827\" src=\"https:\/\/i0.wp.com\/www.zonderdank.be\/saturnein\/wp-content\/uploads\/2020\/12\/20201220_081827_thumb.jpg?resize=580%2C772&#038;ssl=1\" alt=\"20201220_081827\" width=\"580\" height=\"772\" border=\"0\" \/><\/a><\/p>\n<p>We zagen wel veel kapelletjes, zoals beloofd was.<\/p>\n<p><a href=\"https:\/\/i0.wp.com\/www.zonderdank.be\/saturnein\/wp-content\/uploads\/2020\/12\/20201220_082841.jpg?ssl=1\"><img data-recalc-dims=\"1\" loading=\"lazy\" decoding=\"async\" style=\"display: inline; background-image: none;\" title=\"20201220_082841\" src=\"https:\/\/i0.wp.com\/www.zonderdank.be\/saturnein\/wp-content\/uploads\/2020\/12\/20201220_082841_thumb.jpg?resize=1028%2C772&#038;ssl=1\" alt=\"20201220_082841\" width=\"1028\" height=\"772\" border=\"0\" \/><\/a><\/p>\n<p>Namen en zo heb ik niet opgezocht, soms is er over de kapelletjes niet veel tot geen informatie te vinden.<\/p>\n<p><a href=\"https:\/\/i0.wp.com\/www.zonderdank.be\/saturnein\/wp-content\/uploads\/2020\/12\/20201220_084743.jpg?ssl=1\"><img data-recalc-dims=\"1\" loading=\"lazy\" decoding=\"async\" style=\"display: inline; background-image: none;\" title=\"20201220_084743\" src=\"https:\/\/i0.wp.com\/www.zonderdank.be\/saturnein\/wp-content\/uploads\/2020\/12\/20201220_084743_thumb.jpg?resize=1028%2C772&#038;ssl=1\" alt=\"20201220_084743\" width=\"1028\" height=\"772\" border=\"0\" \/><\/a><\/p>\n<p>Deze was echt wel cute binnenin.<\/p>\n<p><a href=\"https:\/\/i0.wp.com\/www.zonderdank.be\/saturnein\/wp-content\/uploads\/2020\/12\/20201220_090739.jpg?ssl=1\"><img data-recalc-dims=\"1\" loading=\"lazy\" decoding=\"async\" style=\"display: inline; background-image: none;\" title=\"20201220_090739\" src=\"https:\/\/i0.wp.com\/www.zonderdank.be\/saturnein\/wp-content\/uploads\/2020\/12\/20201220_090739_thumb.jpg?resize=377%2C772&#038;ssl=1\" alt=\"20201220_090739\" width=\"377\" height=\"772\" border=\"0\" \/><\/a><\/p>\n<p>Het was weer erg mooi.<\/p>\n<p><a href=\"https:\/\/i0.wp.com\/www.zonderdank.be\/saturnein\/wp-content\/uploads\/2020\/12\/20201220_090721.jpg?ssl=1\"><img data-recalc-dims=\"1\" loading=\"lazy\" decoding=\"async\" style=\"display: inline; background-image: none;\" title=\"20201220_090721\" src=\"https:\/\/i0.wp.com\/www.zonderdank.be\/saturnein\/wp-content\/uploads\/2020\/12\/20201220_090721_thumb.jpg?resize=1028%2C666&#038;ssl=1\" alt=\"20201220_090721\" width=\"1028\" height=\"666\" border=\"0\" \/><\/a><\/p>\n<p>Duister, maar mooi.<\/p>\n<p><a href=\"https:\/\/i0.wp.com\/www.zonderdank.be\/saturnein\/wp-content\/uploads\/2020\/12\/DSC_0390.jpg?ssl=1\"><img data-recalc-dims=\"1\" loading=\"lazy\" decoding=\"async\" style=\"display: inline; background-image: none;\" title=\"DSC_0390\" src=\"https:\/\/i0.wp.com\/www.zonderdank.be\/saturnein\/wp-content\/uploads\/2020\/12\/DSC_0390_thumb.jpg?resize=1028%2C772&#038;ssl=1\" alt=\"DSC_0390\" width=\"1028\" height=\"772\" border=\"0\" \/><\/a><\/p>\n<p>En modderig, erg modderig.<\/p>\n<p><a href=\"https:\/\/i0.wp.com\/www.zonderdank.be\/saturnein\/wp-content\/uploads\/2020\/12\/DSC_0365.jpg?ssl=1\"><img data-recalc-dims=\"1\" loading=\"lazy\" decoding=\"async\" style=\"display: inline; background-image: none;\" title=\"DSC_0365\" src=\"https:\/\/i0.wp.com\/www.zonderdank.be\/saturnein\/wp-content\/uploads\/2020\/12\/DSC_0365_thumb.jpg?resize=1028%2C772&#038;ssl=1\" alt=\"DSC_0365\" width=\"1028\" height=\"772\" border=\"0\" \/><\/a><\/p>\n<p><a href=\"https:\/\/i0.wp.com\/www.zonderdank.be\/saturnein\/wp-content\/uploads\/2020\/12\/DSC_0406.jpg?ssl=1\"><img data-recalc-dims=\"1\" loading=\"lazy\" decoding=\"async\" style=\"display: inline; background-image: none;\" title=\"DSC_0406\" src=\"https:\/\/i0.wp.com\/www.zonderdank.be\/saturnein\/wp-content\/uploads\/2020\/12\/DSC_0406_thumb.jpg?resize=1028%2C772&#038;ssl=1\" alt=\"DSC_0406\" width=\"1028\" height=\"772\" border=\"0\" \/><\/a><\/p>\n<p>Gelukkig was er nog een kapelletje.<\/p>\n<p><a href=\"https:\/\/i0.wp.com\/www.zonderdank.be\/saturnein\/wp-content\/uploads\/2020\/12\/DSC_0370.jpg?ssl=1\"><img data-recalc-dims=\"1\" loading=\"lazy\" decoding=\"async\" style=\"display: inline; background-image: none;\" title=\"DSC_0370\" src=\"https:\/\/i0.wp.com\/www.zonderdank.be\/saturnein\/wp-content\/uploads\/2020\/12\/DSC_0370_thumb.jpg?resize=471%2C772&#038;ssl=1\" alt=\"DSC_0370\" width=\"471\" height=\"772\" border=\"0\" \/><\/a><\/p>\n<p>Waarna het h\u00e9\u00e9l modderig werd. Maar echt, h\u00e9\u00e9l modderig. Dit geeft een beeld, maar nadat ik eens onderuit gegaan was (yeah, tof, kleren nat en vol modder), heb ik het fototoestel weggestoken, van de ergste moddertroep heb ik geen foto\u2019s.<\/p>\n<p><a href=\"https:\/\/i0.wp.com\/www.zonderdank.be\/saturnein\/wp-content\/uploads\/2020\/12\/20201220_095410.jpg?ssl=1\"><img data-recalc-dims=\"1\" loading=\"lazy\" decoding=\"async\" style=\"display: inline; background-image: none;\" title=\"20201220_095410\" src=\"https:\/\/i0.wp.com\/www.zonderdank.be\/saturnein\/wp-content\/uploads\/2020\/12\/20201220_095410_thumb.jpg?resize=1028%2C580&#038;ssl=1\" alt=\"20201220_095410\" width=\"1028\" height=\"580\" border=\"0\" \/><\/a><\/p>\n<p>In de verte: de zendmast van het Amerikaanse leger.<\/p>\n<p><a href=\"https:\/\/i0.wp.com\/www.zonderdank.be\/saturnein\/wp-content\/uploads\/2020\/12\/20201220_095820.jpg?ssl=1\"><img data-recalc-dims=\"1\" loading=\"lazy\" decoding=\"async\" style=\"display: inline; background-image: none;\" title=\"20201220_095820\" src=\"https:\/\/i0.wp.com\/www.zonderdank.be\/saturnein\/wp-content\/uploads\/2020\/12\/20201220_095820_thumb.jpg?resize=1028%2C580&#038;ssl=1\" alt=\"20201220_095820\" width=\"1028\" height=\"580\" border=\"0\" \/><\/a><\/p>\n<p>Het geeft een beeld, maar toch niet echt. Ik heb me voorgenomen volgend weekend een wandelroute met verharde wegen te zoeken.<\/p>\n<p><a href=\"https:\/\/i0.wp.com\/www.zonderdank.be\/saturnein\/wp-content\/uploads\/2020\/12\/DSC_0420.jpg?ssl=1\"><img data-recalc-dims=\"1\" loading=\"lazy\" decoding=\"async\" style=\"display: inline; background-image: none;\" title=\"DSC_0420\" src=\"https:\/\/i0.wp.com\/www.zonderdank.be\/saturnein\/wp-content\/uploads\/2020\/12\/DSC_0420_thumb.jpg?resize=1028%2C687&#038;ssl=1\" alt=\"DSC_0420\" width=\"1028\" height=\"687\" border=\"0\" \/><\/a><\/p>\n<p>Gelukkig kwam de zon nog wat piepen. We besloten een stuk van onze wandeling af te knippen, en de laatste kilometers bos te vervangen door een recht stuk via de weg naar het dorp. We hadden genoeg modder gezien.<\/p>\n<p><a href=\"https:\/\/i0.wp.com\/www.zonderdank.be\/saturnein\/wp-content\/uploads\/2020\/12\/20201220_101410.jpg?ssl=1\"><img data-recalc-dims=\"1\" loading=\"lazy\" decoding=\"async\" style=\"display: inline; background-image: none;\" title=\"20201220_101410\" src=\"https:\/\/i0.wp.com\/www.zonderdank.be\/saturnein\/wp-content\/uploads\/2020\/12\/20201220_101410_thumb.jpg?resize=1028%2C580&#038;ssl=1\" alt=\"20201220_101410\" width=\"1028\" height=\"580\" border=\"0\" \/><\/a><\/p>\n<p>Nog een laatste kapelletje voor we terug aan de auto waren.<\/p>\n<p><a href=\"https:\/\/i0.wp.com\/www.zonderdank.be\/saturnein\/wp-content\/uploads\/2020\/12\/DSC_0448.jpg?ssl=1\"><img data-recalc-dims=\"1\" loading=\"lazy\" decoding=\"async\" style=\"display: inline; background-image: none;\" title=\"DSC_0448\" src=\"https:\/\/i0.wp.com\/www.zonderdank.be\/saturnein\/wp-content\/uploads\/2020\/12\/DSC_0448_thumb.jpg?resize=580%2C772&#038;ssl=1\" alt=\"DSC_0448\" width=\"580\" height=\"772\" border=\"0\" \/><\/a><\/p>\n<p>Dat van de aanhouder wint, of de koppigaard geeft niet op: ik kreeg mijn kant terug, en besloot een tweede ronde te doen. Ik dacht dat het met het kant makkelijker zou gaan dan met de sprei, wegens minder gewicht. Niet echt uiteindelijk. Het bleef glibberen en behelpen. Ik heb \u00e9\u00e9n goede foto, de rest is mislukt. Maar \u00e9\u00e9n goede foto is beter dan g\u00e9\u00e9n goede foto.<\/p>\n<p><a href=\"https:\/\/i0.wp.com\/www.zonderdank.be\/saturnein\/wp-content\/uploads\/2020\/12\/DSC_0512.jpg?ssl=1\"><img data-recalc-dims=\"1\" loading=\"lazy\" decoding=\"async\" style=\"display: inline; background-image: none;\" title=\"DSC_0512\" src=\"https:\/\/i0.wp.com\/www.zonderdank.be\/saturnein\/wp-content\/uploads\/2020\/12\/DSC_0512_thumb.jpg?resize=580%2C772&#038;ssl=1\" alt=\"DSC_0512\" width=\"580\" height=\"772\" border=\"0\" \/><\/a><\/p>\n<p>Daarna deed ik nog iets met een melkbad (of beter, in dit geval: een melklavabo) en bloemen, maar die foto\u2019s hou ik voor later. Misschien komen ze ooit eens van pas. Maar ik ben wel trots.<\/p>\n<p>Ik maakte ook een verkleedjurkje voor een klein juffertje dat van roze houdt. Misschien volgen daar later nog foto\u2019s van, maar dit is een sneak peek.<\/p>\n<p><a href=\"https:\/\/i0.wp.com\/www.zonderdank.be\/saturnein\/wp-content\/uploads\/2020\/12\/20201223_154021.jpg?ssl=1\"><img data-recalc-dims=\"1\" loading=\"lazy\" decoding=\"async\" style=\"display: inline; background-image: none;\" title=\"20201223_154021\" src=\"https:\/\/i0.wp.com\/www.zonderdank.be\/saturnein\/wp-content\/uploads\/2020\/12\/20201223_154021_thumb.jpg?resize=436%2C772&#038;ssl=1\" alt=\"20201223_154021\" width=\"436\" height=\"772\" border=\"0\" \/><\/a><\/p>\n<p>Voor de rest van de week is het gene vette qua foto\u2019s. Woensdag deden we een eerste online feestje, met de schoonfamilie en de kinderen. En weet je? Het was best wel plezant.<\/p>\n<p><a href=\"https:\/\/i0.wp.com\/www.zonderdank.be\/saturnein\/wp-content\/uploads\/2020\/12\/20201223_182200.jpg?ssl=1\"><img data-recalc-dims=\"1\" loading=\"lazy\" decoding=\"async\" style=\"display: inline; background-image: none;\" title=\"20201223_182200\" src=\"https:\/\/i0.wp.com\/www.zonderdank.be\/saturnein\/wp-content\/uploads\/2020\/12\/20201223_182200_thumb.jpg?resize=1028%2C580&#038;ssl=1\" alt=\"20201223_182200\" width=\"1028\" height=\"580\" border=\"0\" \/><\/a><\/p>\n<p>De kerstdagen brachten we nogal lui door. We bestelden voor kerstavond iets te eten bij <a href=\"https:\/\/visbulte.be\/\">de vishandel om de hoek<\/a>, en dat was h\u00e9\u00e9l lekker. Dat van koop lokaal en zo. En het was goed georganiseerd ook, ik moest niet eens wachten toen ik de bestelling ging ophalen. Aanradertje!<\/p>\n<p><a href=\"https:\/\/i0.wp.com\/www.zonderdank.be\/saturnein\/wp-content\/uploads\/2020\/12\/20201224_175839.jpg?ssl=1\"><img data-recalc-dims=\"1\" loading=\"lazy\" decoding=\"async\" style=\"display: inline; background-image: none;\" title=\"20201224_175839\" src=\"https:\/\/i0.wp.com\/www.zonderdank.be\/saturnein\/wp-content\/uploads\/2020\/12\/20201224_175839_thumb.jpg?resize=1028%2C580&#038;ssl=1\" alt=\"20201224_175839\" width=\"1028\" height=\"580\" border=\"0\" \/><\/a><\/p>\n<p><a href=\"https:\/\/i0.wp.com\/www.zonderdank.be\/saturnein\/wp-content\/uploads\/2020\/12\/20201224_173025.jpg?ssl=1\"><img data-recalc-dims=\"1\" loading=\"lazy\" decoding=\"async\" style=\"display: inline; background-image: none;\" title=\"20201224_173025\" src=\"https:\/\/i0.wp.com\/www.zonderdank.be\/saturnein\/wp-content\/uploads\/2020\/12\/20201224_173025_thumb.jpg?resize=1028%2C580&#038;ssl=1\" alt=\"20201224_173025\" width=\"1028\" height=\"580\" border=\"0\" \/><\/a><\/p>\n<p>En meer foto\u2019s heb ik niet. Ik wens jullie een fijne laatste week van het jaar toe!<\/p>\n","protected":false},"excerpt":{"rendered":"<p>Vaste rubriek op zaterdag: week in beeld. Een greep uit de telefoonfoto\u2019s die ik maakte van zaterdagochtend tot vrijdagavond. Soms eens een foto door Meneertje Mertens. Soms eens een foto met de Nikon of Canon. Maar vooral foto\u2019s van mijn telefoon. Zaterdagochtend ging Meneertje Mertens fietsen en maakte hij mooie ochtendfoto\u2019s in onze regio. Haven [&hellip;]<\/p>\n","protected":false},"author":1,"featured_media":27824,"comment_status":"open","ping_status":"open","sticky":false,"template":"","format":"standard","meta":{"jetpack_post_was_ever_published":false,"_jetpack_newsletter_access":"","_jetpack_dont_email_post_to_subs":false,"_jetpack_newsletter_tier_id":0,"_jetpack_memberships_contains_paywalled_content":false,"_jetpack_memberships_contains_paid_content":false,"footnotes":""},"categories":[1315],"tags":[2999,3548,3543,3547,3544,3545,1543,408,3269,423,2103,3546,1321,2372,3549,3000,3542,1443],"class_list":["post-27826","post","type-post","status-publish","format-standard","has-post-thumbnail","hentry","category-fotos","tag-brakel","tag-bulte","tag-duivelwandelroute","tag-e-party","tag-everbeek","tag-flobecq","tag-gent","tag-kabouter","tag-kapelletjes","tag-kerst","tag-kerstmis","tag-modder","tag-sint-amandsberg","tag-veer-langerbrugge","tag-vis","tag-vloesberg","tag-volvo","tag-week-in-beeld"],"jetpack_featured_media_url":"https:\/\/i0.wp.com\/www.zonderdank.be\/saturnein\/wp-content\/uploads\/2020\/12\/20201219_084925.jpg?fit=931%2C470&ssl=1","jetpack_sharing_enabled":true,"jetpack_shortlink":"https:\/\/wp.me\/p2l47o-7eO","jetpack_likes_enabled":true,"jetpack-related-posts":[],"_links":{"self":[{"href":"https:\/\/www.zonderdank.be\/saturnein\/wp-json\/wp\/v2\/posts\/27826","targetHints":{"allow":["GET"]}}],"collection":[{"href":"https:\/\/www.zonderdank.be\/saturnein\/wp-json\/wp\/v2\/posts"}],"about":[{"href":"https:\/\/www.zonderdank.be\/saturnein\/wp-json\/wp\/v2\/types\/post"}],"author":[{"embeddable":true,"href":"https:\/\/www.zonderdank.be\/saturnein\/wp-json\/wp\/v2\/users\/1"}],"replies":[{"embeddable":true,"href":"https:\/\/www.zonderdank.be\/saturnein\/wp-json\/wp\/v2\/comments?post=27826"}],"version-history":[{"count":2,"href":"https:\/\/www.zonderdank.be\/saturnein\/wp-json\/wp\/v2\/posts\/27826\/revisions"}],"predecessor-version":[{"id":27828,"href":"https:\/\/www.zonderdank.be\/saturnein\/wp-json\/wp\/v2\/posts\/27826\/revisions\/27828"}],"wp:featuredmedia":[{"embeddable":true,"href":"https:\/\/www.zonderdank.be\/saturnein\/wp-json\/wp\/v2\/media\/27824"}],"wp:attachment":[{"href":"https:\/\/www.zonderdank.be\/saturnein\/wp-json\/wp\/v2\/media?parent=27826"}],"wp:term":[{"taxonomy":"category","embeddable":true,"href":"https:\/\/www.zonderdank.be\/saturnein\/wp-json\/wp\/v2\/categories?post=27826"},{"taxonomy":"post_tag","embeddable":true,"href":"https:\/\/www.zonderdank.be\/saturnein\/wp-json\/wp\/v2\/tags?post=27826"}],"curies":[{"name":"wp","href":"https:\/\/api.w.org\/{rel}","templated":true}]}}