{"id":27751,"date":"2020-12-28T08:58:00","date_gmt":"2020-12-28T07:58:00","guid":{"rendered":"http:\/\/www.zonderdank.be\/saturnein\/?p=27751"},"modified":"2020-12-28T15:59:27","modified_gmt":"2020-12-28T14:59:27","slug":"2020-op-instagram","status":"publish","type":"post","link":"https:\/\/www.zonderdank.be\/saturnein\/2020\/12\/28\/2020-op-instagram\/","title":{"rendered":"2020 op Instagram"},"content":{"rendered":"\n<p>Het Instagram-overzicht is ook altijd iets leuks om te doen. Ik maakte een overzicht met een Best 9 app, maar daar stond het aantal likes op, en daar had ik geen zin in. Dus stak ik maar iets in elkaar met Canva. Met mijn populairste foto&#8217;s. Het zijn gewoon de leukste foto&#8217;s ook, ha! Hieronder geef ik een overzicht van wie wat waar wanneer, van links naar rechts en van boven naar beneden. <\/p>\n\n\n\n<figure class=\"wp-block-image size-large\"><img data-recalc-dims=\"1\" loading=\"lazy\" decoding=\"async\" width=\"1024\" height=\"1024\" data-attachment-id=\"27752\" data-permalink=\"https:\/\/www.zonderdank.be\/saturnein\/2020\/12\/28\/2020-op-instagram\/instagrambest9\/\" data-orig-file=\"https:\/\/i0.wp.com\/www.zonderdank.be\/saturnein\/wp-content\/uploads\/2020\/12\/Instagrambest9.jpg?fit=1080%2C1080&amp;ssl=1\" data-orig-size=\"1080,1080\" data-comments-opened=\"1\" data-image-meta=\"{&quot;aperture&quot;:&quot;0&quot;,&quot;credit&quot;:&quot;&quot;,&quot;camera&quot;:&quot;&quot;,&quot;caption&quot;:&quot;&quot;,&quot;created_timestamp&quot;:&quot;0&quot;,&quot;copyright&quot;:&quot;&quot;,&quot;focal_length&quot;:&quot;0&quot;,&quot;iso&quot;:&quot;0&quot;,&quot;shutter_speed&quot;:&quot;0&quot;,&quot;title&quot;:&quot;&quot;,&quot;orientation&quot;:&quot;1&quot;}\" data-image-title=\"Instagrambest9\" data-image-description=\"\" data-image-caption=\"\" data-large-file=\"https:\/\/i0.wp.com\/www.zonderdank.be\/saturnein\/wp-content\/uploads\/2020\/12\/Instagrambest9.jpg?fit=1024%2C1024&amp;ssl=1\" src=\"https:\/\/i0.wp.com\/www.zonderdank.be\/saturnein\/wp-content\/uploads\/2020\/12\/Instagrambest9.jpg?resize=1024%2C1024&#038;ssl=1\" alt=\"\" class=\"wp-image-27752\" srcset=\"https:\/\/i0.wp.com\/www.zonderdank.be\/saturnein\/wp-content\/uploads\/2020\/12\/Instagrambest9.jpg?resize=1024%2C1024&amp;ssl=1 1024w, https:\/\/i0.wp.com\/www.zonderdank.be\/saturnein\/wp-content\/uploads\/2020\/12\/Instagrambest9.jpg?resize=300%2C300&amp;ssl=1 300w, https:\/\/i0.wp.com\/www.zonderdank.be\/saturnein\/wp-content\/uploads\/2020\/12\/Instagrambest9.jpg?resize=150%2C150&amp;ssl=1 150w, https:\/\/i0.wp.com\/www.zonderdank.be\/saturnein\/wp-content\/uploads\/2020\/12\/Instagrambest9.jpg?resize=768%2C768&amp;ssl=1 768w, https:\/\/i0.wp.com\/www.zonderdank.be\/saturnein\/wp-content\/uploads\/2020\/12\/Instagrambest9.jpg?resize=100%2C100&amp;ssl=1 100w, https:\/\/i0.wp.com\/www.zonderdank.be\/saturnein\/wp-content\/uploads\/2020\/12\/Instagrambest9.jpg?resize=555%2C555&amp;ssl=1 555w, https:\/\/i0.wp.com\/www.zonderdank.be\/saturnein\/wp-content\/uploads\/2020\/12\/Instagrambest9.jpg?w=1080&amp;ssl=1 1080w\" sizes=\"auto, (max-width: 1000px) 100vw, 1000px\" \/><\/figure>\n\n\n\n<ol class=\"wp-block-list\"><li>De trouw van Janna en Florian, 9 oktober 2020. Ik zou zeggen, een mooi moment in dit corona-jaar, maar deze foto&#8217;s zijn allemaal mooie momenten in dit corona-jaar. Die waren er duidelijk toch. <\/li><li>Fotosessie met Pipa en oma (ja, zo noem ik mezelf soms) in de Gentbrugse Meersen, foto door <a href=\"https:\/\/defotoschuur.be\/\">De Fotoschuur<\/a>, 6 oktober 2020. <\/li><li>Twee lieve zotte mutsen met een kleedje gemaakt door oma, 11 november 2020. <\/li><li>Vakantiefoto&#8217;s. De flamingo&#8217;s in de Camargue, 22 juni 2020.<\/li><li>Het haventje van La Cotini\u00e8re, \u00c3\u017dle d&#8217;Ol\u00e9ron, 2 juli 2020.<\/li><li>Point de Grouin, 7 juli 2020. Mijn favoriete foto van het jaar is op deze plek gemaakt en staat op de achtergrond van mijn Chrome. <\/li><li>Oma en Piepje, zelfde sessie van 2. Heerlijke foto.<\/li><li>Damvallei (Destelbergen) in de nevel, 4 december 2020.<\/li><li>Bibberende vogels. Wij hadden het ook koud. Sint-Jan-in-Eremo, 29 november 2020.<\/li><\/ol>\n\n\n\n<p>Op naar een volgend mooi jaar op Instagram, want mooi zal het worden, daar ben ik zeker van! <\/p>\n","protected":false},"excerpt":{"rendered":"<p>Het Instagram-overzicht is ook altijd iets leuks om te doen. Ik maakte een overzicht met een Best 9 app, maar daar stond het aantal likes op, en daar had ik geen zin in. Dus stak ik maar iets in elkaar met Canva. Met mijn populairste foto&#8217;s. Het zijn gewoon de leukste foto&#8217;s ook, ha! Hieronder [&hellip;]<\/p>\n","protected":false},"author":1,"featured_media":27912,"comment_status":"open","ping_status":"open","sticky":false,"template":"","format":"standard","meta":{"jetpack_post_was_ever_published":false,"_jetpack_newsletter_access":"","_jetpack_dont_email_post_to_subs":false,"_jetpack_newsletter_tier_id":0,"_jetpack_memberships_contains_paywalled_content":false,"_jetpack_memberships_contains_paid_content":false,"footnotes":""},"categories":[1315],"tags":[3193,3485,1614,3194,1543,2434,2965,3211,2959,2961,3221,2210,2387,3279,3493,2719,2940],"class_list":["post-27751","post","type-post","status-publish","format-standard","has-post-thumbnail","hentry","category-fotos","tag-camargue","tag-damvallei","tag-destelbergen","tag-flamingos","tag-gent","tag-gentbrugge","tag-gentbrugse-meersen","tag-ile-doleron","tag-instagram","tag-jaaroverzicht","tag-la-cotiniere","tag-lililove","tag-pipalove","tag-pointe-de-grouin","tag-sint-jan-in-eremo","tag-sint-laureins","tag-trouw"],"jetpack_featured_media_url":"https:\/\/i0.wp.com\/www.zonderdank.be\/saturnein\/wp-content\/uploads\/2020\/12\/instagram-banner.png?fit=2240%2C1260&ssl=1","jetpack_sharing_enabled":true,"jetpack_shortlink":"https:\/\/wp.me\/p2l47o-7dB","jetpack_likes_enabled":true,"jetpack-related-posts":[],"_links":{"self":[{"href":"https:\/\/www.zonderdank.be\/saturnein\/wp-json\/wp\/v2\/posts\/27751","targetHints":{"allow":["GET"]}}],"collection":[{"href":"https:\/\/www.zonderdank.be\/saturnein\/wp-json\/wp\/v2\/posts"}],"about":[{"href":"https:\/\/www.zonderdank.be\/saturnein\/wp-json\/wp\/v2\/types\/post"}],"author":[{"embeddable":true,"href":"https:\/\/www.zonderdank.be\/saturnein\/wp-json\/wp\/v2\/users\/1"}],"replies":[{"embeddable":true,"href":"https:\/\/www.zonderdank.be\/saturnein\/wp-json\/wp\/v2\/comments?post=27751"}],"version-history":[{"count":2,"href":"https:\/\/www.zonderdank.be\/saturnein\/wp-json\/wp\/v2\/posts\/27751\/revisions"}],"predecessor-version":[{"id":27830,"href":"https:\/\/www.zonderdank.be\/saturnein\/wp-json\/wp\/v2\/posts\/27751\/revisions\/27830"}],"wp:featuredmedia":[{"embeddable":true,"href":"https:\/\/www.zonderdank.be\/saturnein\/wp-json\/wp\/v2\/media\/27912"}],"wp:attachment":[{"href":"https:\/\/www.zonderdank.be\/saturnein\/wp-json\/wp\/v2\/media?parent=27751"}],"wp:term":[{"taxonomy":"category","embeddable":true,"href":"https:\/\/www.zonderdank.be\/saturnein\/wp-json\/wp\/v2\/categories?post=27751"},{"taxonomy":"post_tag","embeddable":true,"href":"https:\/\/www.zonderdank.be\/saturnein\/wp-json\/wp\/v2\/tags?post=27751"}],"curies":[{"name":"wp","href":"https:\/\/api.w.org\/{rel}","templated":true}]}}