{"id":26345,"date":"2020-10-25T08:58:00","date_gmt":"2020-10-25T06:58:00","guid":{"rendered":"https:\/\/www.zonderdank.be\/saturnein\/?p=26345"},"modified":"2020-10-25T08:00:32","modified_gmt":"2020-10-25T06:00:32","slug":"verjaardagstag","status":"publish","type":"post","link":"https:\/\/www.zonderdank.be\/saturnein\/2020\/10\/25\/verjaardagstag\/","title":{"rendered":"Verjaardagstag"},"content":{"rendered":"<p>Lieze en ik, wij blijken onze verjaardag te delen, zij is wel een beetje (veel) jonger dan ik. Bij haar zag ik deze <a href=\"https:\/\/levelieze.com\/2020\/10\/22\/verjaardagstag\/\">verjaardagstag<\/a>, en die doe ik hier ook graag eens.<\/p>\n<figure style=\"width: 1028px\" class=\"wp-caption alignnone\"><a href=\"https:\/\/i0.wp.com\/www.zonderdank.be\/saturnein\/wp-content\/uploads\/2020\/10\/20180505_163853-PANO.jpg?ssl=1\"><img data-recalc-dims=\"1\" loading=\"lazy\" decoding=\"async\" style=\"display: inline; background-image: none;\" title=\"20180505_163853-PANO\" src=\"https:\/\/i0.wp.com\/www.zonderdank.be\/saturnein\/wp-content\/uploads\/2020\/10\/20180505_163853-PANO_thumb.jpg?resize=1028%2C340&#038;ssl=1\" alt=\"20180505_163853-PANO\" width=\"1028\" height=\"340\" border=\"0\" \/><\/a><figcaption class=\"wp-caption-text\">foto in de tuin van Janna en Florian<\/figcaption><\/figure>\n<p><strong><span style=\"color: #800080;\">Welke dag is het nu?<\/span><\/strong><br \/>\nAls jij dit leest zondag 25 oktober (of later), ik schrijf dit op donderdag 22 oktober, mijn verjaardag is op 24 oktober.<\/p>\n<p><strong><span style=\"color: #800080;\">Welke dag ben je geboren?<\/span><\/strong><br \/>\n52 jaar geleden viel 24 oktober op een donderdag. Ik werd geboren rond 5u \u00e2\u20ac\u02dcs ochtends.<\/p>\n<p><a href=\"https:\/\/i0.wp.com\/www.zonderdank.be\/saturnein\/wp-content\/uploads\/2020\/10\/20201022_143617.jpg?ssl=1\"><img data-recalc-dims=\"1\" loading=\"lazy\" decoding=\"async\" data-attachment-id=\"26348\" data-permalink=\"https:\/\/www.zonderdank.be\/saturnein\/2020\/10\/25\/verjaardagstag\/20201022_143617\/\" data-orig-file=\"https:\/\/i0.wp.com\/www.zonderdank.be\/saturnein\/wp-content\/uploads\/2020\/10\/20201022_143617.jpg?fit=1907%2C1867&amp;ssl=1\" data-orig-size=\"1907,1867\" data-comments-opened=\"1\" data-image-meta=\"{&quot;aperture&quot;:&quot;1.7&quot;,&quot;credit&quot;:&quot;&quot;,&quot;camera&quot;:&quot;SM-G950F&quot;,&quot;caption&quot;:&quot;&quot;,&quot;created_timestamp&quot;:&quot;1603377377&quot;,&quot;copyright&quot;:&quot;&quot;,&quot;focal_length&quot;:&quot;4.2&quot;,&quot;iso&quot;:&quot;50&quot;,&quot;shutter_speed&quot;:&quot;0.02&quot;,&quot;title&quot;:&quot;&quot;,&quot;orientation&quot;:&quot;1&quot;}\" data-image-title=\"20201022_143617\" data-image-description=\"\" data-image-caption=\"\" data-large-file=\"https:\/\/i0.wp.com\/www.zonderdank.be\/saturnein\/wp-content\/uploads\/2020\/10\/20201022_143617.jpg?fit=1024%2C1003&amp;ssl=1\" class=\"aligncenter size-large wp-image-26348\" src=\"https:\/\/i0.wp.com\/www.zonderdank.be\/saturnein\/wp-content\/uploads\/2020\/10\/20201022_143617.jpg?resize=720%2C705&#038;ssl=1\" alt=\"\" width=\"720\" height=\"705\" srcset=\"https:\/\/i0.wp.com\/www.zonderdank.be\/saturnein\/wp-content\/uploads\/2020\/10\/20201022_143617.jpg?resize=1024%2C1003&amp;ssl=1 1024w, https:\/\/i0.wp.com\/www.zonderdank.be\/saturnein\/wp-content\/uploads\/2020\/10\/20201022_143617.jpg?resize=300%2C294&amp;ssl=1 300w, https:\/\/i0.wp.com\/www.zonderdank.be\/saturnein\/wp-content\/uploads\/2020\/10\/20201022_143617.jpg?resize=768%2C752&amp;ssl=1 768w, https:\/\/i0.wp.com\/www.zonderdank.be\/saturnein\/wp-content\/uploads\/2020\/10\/20201022_143617.jpg?resize=1536%2C1504&amp;ssl=1 1536w, https:\/\/i0.wp.com\/www.zonderdank.be\/saturnein\/wp-content\/uploads\/2020\/10\/20201022_143617.jpg?resize=555%2C543&amp;ssl=1 555w, https:\/\/i0.wp.com\/www.zonderdank.be\/saturnein\/wp-content\/uploads\/2020\/10\/20201022_143617.jpg?w=1907&amp;ssl=1 1907w\" sizes=\"auto, (max-width: 720px) 100vw, 720px\" \/><\/a><\/p>\n<p><strong><span style=\"color: #800080;\">Welke sterrenbeeld ben je dankzij jouw verjaardag? En welk Chinees sterrenbeeld ben je?<\/span><\/strong><br \/>\nIk ben een schorpioen, en hoewel ik een borderline schorpioen ben, ben ik wel een rasechte schorpioen. We zijn ook een familie van schorpioenen. Mijn dochter was uitgerekend op mijn verjaardag, maar is uiteindelijk 10 dagen later geboren. Mijn schoonvader is schorpioen. Meneertje Mertens is schorpioen. Mijn moeder is schorpioen. Mijn grootouders (langs moeders kant) waren schorpioenen. En daarnaast is \u00e9\u00e9n van mijn beste vriendinnen is ook schorpioen. We love it.\u00c2\u00a0Mijn Chinees sterrenbeeld is Aap.<\/p>\n<p><strong><span style=\"color: #800080;\">Welk liedje stond op nummer 1 toen je geboren werd?<\/span><\/strong><br \/>\nIn Belgi\u00eb blijkbaar <a href=\"https:\/\/youtu.be\/y3KEhWTnWvE\">Those Were the Days van Mary Hopkin<\/a>. Als dat klopt. In Nederland <a href=\"https:\/\/youtu.be\/A_MjCqQoLLA\">Hey Jude van The Beatles<\/a>.<\/p>\n<p><a href=\"https:\/\/i0.wp.com\/www.zonderdank.be\/saturnein\/wp-content\/uploads\/2020\/10\/IMG_2684.jpg?ssl=1\"><img data-recalc-dims=\"1\" loading=\"lazy\" decoding=\"async\" style=\"display: inline; background-image: none;\" title=\"IMG_2684\" src=\"https:\/\/i0.wp.com\/www.zonderdank.be\/saturnein\/wp-content\/uploads\/2020\/10\/IMG_2684_thumb.jpg?resize=1028%2C687&#038;ssl=1\" alt=\"IMG_2684\" width=\"1028\" height=\"687\" border=\"0\" \/><\/a><\/p>\n<p><strong><span style=\"color: #800080;\">Met welke beroemdheden deel jij jouw verjaardag?<\/span><\/strong><br \/>\nMet bijvoorbeeld Isabella Van Portugal, Ernest Claes en Aagje Vanwalleghem, schreef Lieze. Maar ook met PewDiePie en Barry Ryan. Van het mooie <a href=\"https:\/\/youtu.be\/E9md5oW00q4\">Eloise<\/a> dat ik hier op mijn 50ste verjaardag deelde.<\/p>\n<p><span style=\"color: #800080;\"><strong>Wat voor weer was het toen je geboren werd?<\/strong><\/span><br \/>\nIk vroeg Herman via Whatsapp dit eens te vragen aan mijn ma. Ik kreeg dit antwoord terug: <em>Het was mooi weer en nog niet koud. 2 dagen na je geboorte zat de zon in de kamer en deed ze het raam open.<\/em><\/p>\n<p><strong><span style=\"color: #800080;\">Is er in de geschiedenis op jouw verjaardag iets belangrijk gebeurd?<\/span><\/strong><br \/>\nIn 1929 vond op 24 oktober zwarte donderdag plaats, de beurscrash die de Grote Depressie inleidde, schreef Lieze. Ja zeg, dat soort dingen kan ik toch gewoon overnemen, niet? Met bronvermelding?<\/p>\n<p><strong><span style=\"color: #800080;\">Wat staat er boven aan je verlanglijstje dit jaar?<\/span><\/strong><br \/>\nEigenlijk staat er niks op mijn verlanglijstje dit jaar. Gewoon een gezellige dag met z\u2019n tweetjes en iets lekkers om te eten is goed genoeg.<\/p>\n<p><strong><span style=\"color: #800080;\">Vier je je verjaardag altijd de dag zelf? Hoe vier je en heb je bepaalde tradities?<\/span><\/strong><br \/>\nEr zijn geen tradities op mijn verjaardag. In principe vier ik op de dag zelf, maar meestal zijn er vooraf en\/of achteraf nog feestjes, vaak ook gecombineerde feestjes omdat we met zoveel op een hoop verjaren. (Lies zit nog 2 dagen voor mij, Milan begin oktober, het houdt gewoon niet op). Wat ik echt deprimerend vond vroeger, was verjaren op een maandag. Voor de rest weinig klachten. Beetje jaloers op Meneertje Mertens die altijd op een feestdag verjaart, de gelukzak.<\/p>\n<p><a href=\"https:\/\/i0.wp.com\/www.zonderdank.be\/saturnein\/wp-content\/uploads\/2020\/10\/IMG_20181111_160838_185.jpg?ssl=1\"><img data-recalc-dims=\"1\" loading=\"lazy\" decoding=\"async\" style=\"display: inline; background-image: none;\" title=\"IMG_20181111_160838_185\" src=\"https:\/\/i0.wp.com\/www.zonderdank.be\/saturnein\/wp-content\/uploads\/2020\/10\/IMG_20181111_160838_185_thumb.jpg?resize=772%2C772&#038;ssl=1\" alt=\"IMG_20181111_160838_185\" width=\"772\" height=\"772\" border=\"0\" \/><\/a><\/p>\n<p><strong><span style=\"color: #800080;\">Wat is je lievelingstaart?<\/span><\/strong><br \/>\nOw, ik eet zoveel taart graag. Als ik een favoriet moet noemen, dan misschien wel frambozenbavarois.<\/p>\n<p><strong><span style=\"color: #800080;\">Ken je mensen die op dezelfde dag jarig zijn?<\/span><\/strong><br \/>\nIk ken veel mensen die kort voor of kort na mij jarig zijn, maar tot nog toe kende ik niemand die op mijn verjaardag jarig is. Ik deel wel mijn verjaardag met <a href=\"https:\/\/en.wikipedia.org\/wiki\/Mellon_Collie_and_the_Infinite_Sadness\">Mellon Collie and the Infinite Sadness<\/a>, dat gisteren 25 jaar werd.<\/p>\n<p>Eindigen doe ik met \u00e9\u00e9n van de mooiste cadeaus die ik ooit kreeg. Twee jaar geleden, op mijn 50ste verjaardag, mocht ik Pipa voor het eerst vasthouden, 6 weken na haar geboorte. Veel mooier kon ik echt niet krijgen.<\/p>\n<p><a href=\"https:\/\/i0.wp.com\/www.zonderdank.be\/saturnein\/wp-content\/uploads\/2020\/10\/20181024_144810-scaled.jpg?ssl=1\"><img data-recalc-dims=\"1\" loading=\"lazy\" decoding=\"async\" data-attachment-id=\"26378\" data-permalink=\"https:\/\/www.zonderdank.be\/saturnein\/2020\/10\/25\/verjaardagstag\/20181024_144810\/\" data-orig-file=\"https:\/\/i0.wp.com\/www.zonderdank.be\/saturnein\/wp-content\/uploads\/2020\/10\/20181024_144810-scaled.jpg?fit=2560%2C1440&amp;ssl=1\" data-orig-size=\"2560,1440\" data-comments-opened=\"1\" data-image-meta=\"{&quot;aperture&quot;:&quot;1.7&quot;,&quot;credit&quot;:&quot;&quot;,&quot;camera&quot;:&quot;SM-G935F&quot;,&quot;caption&quot;:&quot;&quot;,&quot;created_timestamp&quot;:&quot;1540392490&quot;,&quot;copyright&quot;:&quot;&quot;,&quot;focal_length&quot;:&quot;4.2&quot;,&quot;iso&quot;:&quot;125&quot;,&quot;shutter_speed&quot;:&quot;0.02&quot;,&quot;title&quot;:&quot;&quot;,&quot;orientation&quot;:&quot;1&quot;}\" data-image-title=\"20181024_144810\" data-image-description=\"\" data-image-caption=\"\" data-large-file=\"https:\/\/i0.wp.com\/www.zonderdank.be\/saturnein\/wp-content\/uploads\/2020\/10\/20181024_144810-scaled.jpg?fit=1024%2C576&amp;ssl=1\" class=\"aligncenter size-large wp-image-26378\" src=\"https:\/\/i0.wp.com\/www.zonderdank.be\/saturnein\/wp-content\/uploads\/2020\/10\/20181024_144810.jpg?resize=720%2C405&#038;ssl=1\" alt=\"\" width=\"720\" height=\"405\" srcset=\"https:\/\/i0.wp.com\/www.zonderdank.be\/saturnein\/wp-content\/uploads\/2020\/10\/20181024_144810-scaled.jpg?resize=1024%2C576&amp;ssl=1 1024w, https:\/\/i0.wp.com\/www.zonderdank.be\/saturnein\/wp-content\/uploads\/2020\/10\/20181024_144810-scaled.jpg?resize=300%2C169&amp;ssl=1 300w, https:\/\/i0.wp.com\/www.zonderdank.be\/saturnein\/wp-content\/uploads\/2020\/10\/20181024_144810-scaled.jpg?resize=768%2C432&amp;ssl=1 768w, https:\/\/i0.wp.com\/www.zonderdank.be\/saturnein\/wp-content\/uploads\/2020\/10\/20181024_144810-scaled.jpg?resize=1536%2C864&amp;ssl=1 1536w, https:\/\/i0.wp.com\/www.zonderdank.be\/saturnein\/wp-content\/uploads\/2020\/10\/20181024_144810-scaled.jpg?resize=2048%2C1152&amp;ssl=1 2048w, https:\/\/i0.wp.com\/www.zonderdank.be\/saturnein\/wp-content\/uploads\/2020\/10\/20181024_144810-scaled.jpg?resize=555%2C312&amp;ssl=1 555w\" sizes=\"auto, (max-width: 720px) 100vw, 720px\" \/><\/a><\/p>\n","protected":false},"excerpt":{"rendered":"<p>Lieze en ik, wij blijken onze verjaardag te delen, zij is wel een beetje (veel) jonger dan ik. Bij haar zag ik deze verjaardagstag, en die doe ik hier ook graag eens. Welke dag is het nu? Als jij dit leest zondag 25 oktober (of later), ik schrijf dit op donderdag 22 oktober, mijn verjaardag [&hellip;]<\/p>\n","protected":false},"author":1,"featured_media":26343,"comment_status":"open","ping_status":"open","sticky":false,"template":"","format":"standard","meta":{"jetpack_post_was_ever_published":false,"_jetpack_newsletter_access":"","_jetpack_dont_email_post_to_subs":false,"_jetpack_newsletter_tier_id":0,"_jetpack_memberships_contains_paywalled_content":false,"_jetpack_memberships_contains_paid_content":false,"footnotes":""},"categories":[15],"tags":[3425,843,3424],"class_list":["post-26345","post","type-post","status-publish","format-standard","has-post-thumbnail","hentry","category-leven-en-liefde","tag-24-oktober","tag-verjaardag","tag-verjaardagstag"],"jetpack_featured_media_url":"https:\/\/i0.wp.com\/www.zonderdank.be\/saturnein\/wp-content\/uploads\/2020\/10\/20170417_174233.jpg?fit=750%2C428&ssl=1","jetpack_sharing_enabled":true,"jetpack_shortlink":"https:\/\/wp.me\/p2l47o-6QV","jetpack_likes_enabled":true,"jetpack-related-posts":[],"_links":{"self":[{"href":"https:\/\/www.zonderdank.be\/saturnein\/wp-json\/wp\/v2\/posts\/26345","targetHints":{"allow":["GET"]}}],"collection":[{"href":"https:\/\/www.zonderdank.be\/saturnein\/wp-json\/wp\/v2\/posts"}],"about":[{"href":"https:\/\/www.zonderdank.be\/saturnein\/wp-json\/wp\/v2\/types\/post"}],"author":[{"embeddable":true,"href":"https:\/\/www.zonderdank.be\/saturnein\/wp-json\/wp\/v2\/users\/1"}],"replies":[{"embeddable":true,"href":"https:\/\/www.zonderdank.be\/saturnein\/wp-json\/wp\/v2\/comments?post=26345"}],"version-history":[{"count":8,"href":"https:\/\/www.zonderdank.be\/saturnein\/wp-json\/wp\/v2\/posts\/26345\/revisions"}],"predecessor-version":[{"id":26392,"href":"https:\/\/www.zonderdank.be\/saturnein\/wp-json\/wp\/v2\/posts\/26345\/revisions\/26392"}],"wp:featuredmedia":[{"embeddable":true,"href":"https:\/\/www.zonderdank.be\/saturnein\/wp-json\/wp\/v2\/media\/26343"}],"wp:attachment":[{"href":"https:\/\/www.zonderdank.be\/saturnein\/wp-json\/wp\/v2\/media?parent=26345"}],"wp:term":[{"taxonomy":"category","embeddable":true,"href":"https:\/\/www.zonderdank.be\/saturnein\/wp-json\/wp\/v2\/categories?post=26345"},{"taxonomy":"post_tag","embeddable":true,"href":"https:\/\/www.zonderdank.be\/saturnein\/wp-json\/wp\/v2\/tags?post=26345"}],"curies":[{"name":"wp","href":"https:\/\/api.w.org\/{rel}","templated":true}]}}