{"id":23769,"date":"2020-07-02T08:58:00","date_gmt":"2020-07-02T06:58:00","guid":{"rendered":"https:\/\/www.zonderdank.be\/saturnein\/?p=23769"},"modified":"2020-07-15T06:48:46","modified_gmt":"2020-07-15T04:48:46","slug":"op-reis-le-dolron","status":"publish","type":"post","link":"https:\/\/www.zonderdank.be\/saturnein\/2020\/07\/02\/op-reis-le-dolron\/","title":{"rendered":"Op reis: \u00c3\u017dle d&#8217;Ol\u00e9ron"},"content":{"rendered":"<p><strong><span style=\"color: #800080;\">Dinsdag 30 juni<\/span><\/strong><\/p>\n<p>De wekker staat om 4u30, tegen 5u staat Meneertje Mertens op en maakt koffie. Ik krijg zoals altijd een kop koffie op bed, luxebeest dat ik ben. Zicht vanuit mijn bed.<\/p>\n<p><a href=\"https:\/\/i0.wp.com\/www.zonderdank.be\/saturnein\/wp-content\/uploads\/2020\/07\/20200630_052950.jpg?ssl=1\"><img data-recalc-dims=\"1\" loading=\"lazy\" decoding=\"async\" style=\"display: inline; background-image: none;\" title=\"20200630_052950\" src=\"https:\/\/i0.wp.com\/www.zonderdank.be\/saturnein\/wp-content\/uploads\/2020\/07\/20200630_052950_thumb.jpg?resize=1028%2C580&#038;ssl=1\" alt=\"20200630_052950\" width=\"1028\" height=\"580\" border=\"0\" \/><\/a><\/p>\n<p>Ik heb weer niet echt goed geslapen, ik ben vaak wakker maar slaap wel als het tijd is om op te staan. Rond 6u hebben we opgeruimd, en kunnen we vertrekken, we hoeven niet meer te lozen. Meneertje Mertens rijdt naar de bareel, badget, moet nog eens achteruit omdat hij niet goed staat, en hup de bareel gaat dicht. En de bareel gaat niet meer open. Getverderrie. \u201cVeuillez appeler\u00e2\u20ac\u009d, komt het op het schermpje van de terminal. Jahaa, om 6u \u2019s ochtends is er niemand bereikbaar. Meneertje Mertens gaat aan de ingang badgen in de hoop dat we dan naar buiten kunnen, maar dat helpt niet, er is geen voertuig dus wil de terminal niet mee. Ondertussen staat er al iemand te loeren aan de camper die naast de ingang staat. <a href=\"https:\/\/www.zonderdank.be\/saturnein\/2018\/07\/04\/op-reis-honfleur-saint-malo\/\">De bareel eraf vijzen<\/a> moeten we dus ook al niet doen. Maar blijkt dat, tot ons groot geluk, de \u201cambassadeur\u00e2\u20ac\u009d van de camperplaats te zijn. Hij komt tot bij ons, vraagt wat het probleem is, en begint rond te bellen. Niemand neemt op, natuurlijk. Zijn vrouw komt er ook bij staan. Meneer is nogal van het mompelige, kortaffe type (ochtendhumeur, misschien? hehe), Mevrouw draagt oplossingen aan en kalmeert. Ja, er staat geld op onze kaart. Ja, we hadden gereserveerd en alles is eigenlijk al maandenlang betaald. Het was gewoon door achteruit te rijden. Na 20 minuten (vriendelijk) gepalaver gaat de meneer zijn sleutelbos halen, en opent hij de bareel manueel voor ons. HALLELUJAH! We kunnen verder. Dankbaar en met excuses dat we die mensen zo vroeg wakker gemaakt hebben. Maar daarvoor zijn ze er uiteindelijk. Wij blij, we zijn maar een half uur kwijt, en niet 2 \u00c3\u00a0 3u. wat vandaag echt niet leuk geweest zou zijn. Soit. Oef. We gaan nog tanken, en vertrekken.<\/p>\n<p>Eerst een deel bekende weg van in het doorrijden een paar dagen geleden, maar na een tijdje is alles nieuw. En mooi. We rijden door de Landes, en genieten. Rust, stilte. Af en toe een dorp. Af en toe eens een grotere stad en wat meer drukte. Lange, rechte wegen door natuur, eindeloze sparrenbossen. Wat een pracht.<\/p>\n<p><a href=\"https:\/\/i0.wp.com\/www.zonderdank.be\/saturnein\/wp-content\/uploads\/2020\/07\/20200630_074816.jpg?ssl=1\"><img data-recalc-dims=\"1\" loading=\"lazy\" decoding=\"async\" style=\"display: inline; background-image: none;\" title=\"20200630_074816\" src=\"https:\/\/i0.wp.com\/www.zonderdank.be\/saturnein\/wp-content\/uploads\/2020\/07\/20200630_074816_thumb.jpg?resize=1028%2C580&#038;ssl=1\" alt=\"20200630_074816\" width=\"1028\" height=\"580\" border=\"0\" \/><\/a><\/p>\n<p>&nbsp;<\/p>\n<p><a href=\"https:\/\/i0.wp.com\/www.zonderdank.be\/saturnein\/wp-content\/uploads\/2020\/07\/20200630_081049.jpg?ssl=1\"><img data-recalc-dims=\"1\" loading=\"lazy\" decoding=\"async\" style=\"display: inline; background-image: none;\" title=\"20200630_081049\" src=\"https:\/\/i0.wp.com\/www.zonderdank.be\/saturnein\/wp-content\/uploads\/2020\/07\/20200630_081049_thumb.jpg?resize=1028%2C580&#038;ssl=1\" alt=\"20200630_081049\" width=\"1028\" height=\"580\" border=\"0\" \/><\/a><\/p>\n<p>Het duurt vrij lang voor we kunnen stoppen om te ontbijten, maar dat doen we uiteindelijk in Saint-Paul-en-Born, ergens in het hol van Pluto of the middle of nowhere, zo van die plaatsen waarvan Frankrijk er honderden heeft. Waarmee ik niet wil zeggen dat ze niet mooi zijn, integendeel. Maar ze zijn gewoon leeg. Er is niemand. Er is niets. Er is enkel natuur. Soms bewerkte velden, maar soms ook gewoon kilometerslang bossen waar geen mens ooit komt. Schitterend. We posteren ons ergens langs de baan, eten ons ontbijt, ik maak nog wat foto\u2019s.<\/p>\n<p><a href=\"https:\/\/i0.wp.com\/www.zonderdank.be\/saturnein\/wp-content\/uploads\/2020\/07\/20200630_084145.jpg?ssl=1\"><img data-recalc-dims=\"1\" loading=\"lazy\" decoding=\"async\" style=\"display: inline; background-image: none;\" title=\"20200630_084145\" src=\"https:\/\/i0.wp.com\/www.zonderdank.be\/saturnein\/wp-content\/uploads\/2020\/07\/20200630_084145_thumb.jpg?resize=1028%2C580&#038;ssl=1\" alt=\"20200630_084145\" width=\"1028\" height=\"580\" border=\"0\" \/><\/a><\/p>\n<p>&nbsp;<\/p>\n<p><a href=\"https:\/\/i0.wp.com\/www.zonderdank.be\/saturnein\/wp-content\/uploads\/2020\/07\/20200630_084236.jpg?ssl=1\"><img data-recalc-dims=\"1\" loading=\"lazy\" decoding=\"async\" style=\"display: inline; background-image: none;\" title=\"20200630_084236\" src=\"https:\/\/i0.wp.com\/www.zonderdank.be\/saturnein\/wp-content\/uploads\/2020\/07\/20200630_084236_thumb.jpg?resize=1028%2C580&#038;ssl=1\" alt=\"20200630_084236\" width=\"1028\" height=\"580\" border=\"0\" \/><\/a><\/p>\n<p>We rijden verder door een prachtig gebied met het ene meer na het andere. Die meren liggen vlakbij de kust, in vlak landschap, en deze regio wil ik toch wel onthouden om er later nog eens te komen fietsen. We vinden het een fantastische ontdekking. We stoppen bij het meer van Sanguinet, om eens rond te kijken en wat foto\u2019s te maken. Wat een zalige plaats!<\/p>\n<p><a href=\"https:\/\/i0.wp.com\/www.zonderdank.be\/saturnein\/wp-content\/uploads\/2020\/07\/20200630_092719.jpg?ssl=1\"><img data-recalc-dims=\"1\" loading=\"lazy\" decoding=\"async\" style=\"display: inline; background-image: none;\" title=\"20200630_092719\" src=\"https:\/\/i0.wp.com\/www.zonderdank.be\/saturnein\/wp-content\/uploads\/2020\/07\/20200630_092719_thumb.jpg?resize=1028%2C580&#038;ssl=1\" alt=\"20200630_092719\" width=\"1028\" height=\"580\" border=\"0\" \/><\/a><\/p>\n<p>&nbsp;<\/p>\n<p><a href=\"https:\/\/i0.wp.com\/www.zonderdank.be\/saturnein\/wp-content\/uploads\/2020\/07\/20200630_093251.jpg?ssl=1\"><img data-recalc-dims=\"1\" loading=\"lazy\" decoding=\"async\" style=\"display: inline; background-image: none;\" title=\"20200630_093251\" src=\"https:\/\/i0.wp.com\/www.zonderdank.be\/saturnein\/wp-content\/uploads\/2020\/07\/20200630_093251_thumb.jpg?resize=1028%2C580&#038;ssl=1\" alt=\"20200630_093251\" width=\"1028\" height=\"580\" border=\"0\" \/><\/a><\/p>\n<p>&nbsp;<\/p>\n<p><a href=\"https:\/\/i0.wp.com\/www.zonderdank.be\/saturnein\/wp-content\/uploads\/2020\/07\/20200630_093348.jpg?ssl=1\"><img data-recalc-dims=\"1\" loading=\"lazy\" decoding=\"async\" style=\"display: inline; background-image: none;\" title=\"20200630_093348\" src=\"https:\/\/i0.wp.com\/www.zonderdank.be\/saturnein\/wp-content\/uploads\/2020\/07\/20200630_093348_thumb.jpg?resize=1028%2C580&#038;ssl=1\" alt=\"20200630_093348\" width=\"1028\" height=\"580\" border=\"0\" \/><\/a><\/p>\n<p>&nbsp;<\/p>\n<p><a href=\"https:\/\/i0.wp.com\/www.zonderdank.be\/saturnein\/wp-content\/uploads\/2020\/07\/20200630_093417.jpg?ssl=1\"><img data-recalc-dims=\"1\" loading=\"lazy\" decoding=\"async\" style=\"display: inline; background-image: none;\" title=\"20200630_093417\" src=\"https:\/\/i0.wp.com\/www.zonderdank.be\/saturnein\/wp-content\/uploads\/2020\/07\/20200630_093417_thumb.jpg?resize=1028%2C580&#038;ssl=1\" alt=\"20200630_093417\" width=\"1028\" height=\"580\" border=\"0\" \/><\/a><\/p>\n<p>En zo rijden we steeds verder, na de Landes door de M\u00e9doc. We hebben heel veel kilometers af te leggen, en het gaat behoorlijk vlot. we rijden in \u00e9\u00e9n ruk door naar de Bac du Verdon-sur-Mer om de Gironde over te steken.<\/p>\n<p><a href=\"https:\/\/i0.wp.com\/www.zonderdank.be\/saturnein\/wp-content\/uploads\/2020\/07\/20200630_123106.jpg?ssl=1\"><img data-recalc-dims=\"1\" loading=\"lazy\" decoding=\"async\" style=\"display: inline; background-image: none;\" title=\"20200630_123106\" src=\"https:\/\/i0.wp.com\/www.zonderdank.be\/saturnein\/wp-content\/uploads\/2020\/07\/20200630_123106_thumb.jpg?resize=1028%2C580&#038;ssl=1\" alt=\"20200630_123106\" width=\"1028\" height=\"580\" border=\"0\" \/><\/a><\/p>\n<p>&nbsp;<\/p>\n<p><a href=\"https:\/\/i0.wp.com\/www.zonderdank.be\/saturnein\/wp-content\/uploads\/2020\/07\/20200630_123116.jpg?ssl=1\"><img data-recalc-dims=\"1\" loading=\"lazy\" decoding=\"async\" style=\"display: inline; background-image: none;\" title=\"20200630_123116\" src=\"https:\/\/i0.wp.com\/www.zonderdank.be\/saturnein\/wp-content\/uploads\/2020\/07\/20200630_123116_thumb.jpg?resize=1028%2C580&#038;ssl=1\" alt=\"20200630_123116\" width=\"1028\" height=\"580\" border=\"0\" \/><\/a><\/p>\n<p>Deze boom is de albizia julibrissin of zijdeboom of Perzische slaapboom. Ik heb de PlantNet app enthousiast omarmd. Wacht maar.<\/p>\n<p><a href=\"https:\/\/i0.wp.com\/www.zonderdank.be\/saturnein\/wp-content\/uploads\/2020\/07\/20200630_123405.jpg?ssl=1\"><img data-recalc-dims=\"1\" loading=\"lazy\" decoding=\"async\" style=\"display: inline; background-image: none;\" title=\"20200630_123405\" src=\"https:\/\/i0.wp.com\/www.zonderdank.be\/saturnein\/wp-content\/uploads\/2020\/07\/20200630_123405_thumb.jpg?resize=1028%2C580&#038;ssl=1\" alt=\"20200630_123405\" width=\"1028\" height=\"580\" border=\"0\" \/><\/a><\/p>\n<p>Door het veer te nemen, konden we vermijden dat we Bordeaux door moesten (daar had ik absoluut geen zin in) of dat we autosnelweg moesten nemen. Niet dat het goedkoper is, het veer kost ons uiteindelijk een dikke 50 euro. Ouch. Maar tegelijk is het elke cent waard, wat doen we dit toch graag. Het is een ervaring, het is prachtig. Het landschap, de oceaan, de <a href=\"https:\/\/www.phare-de-cordouan.fr\/\">Phare de Cordouan<\/a> waar we een glimp van opvangen in de verte\u2026 prachtig.<\/p>\n<p>Wachten voor vertrek.<\/p>\n<p><a href=\"https:\/\/i0.wp.com\/www.zonderdank.be\/saturnein\/wp-content\/uploads\/2020\/07\/20200630_125548.jpg?ssl=1\"><img data-recalc-dims=\"1\" loading=\"lazy\" decoding=\"async\" style=\"display: inline; background-image: none;\" title=\"20200630_125548\" src=\"https:\/\/i0.wp.com\/www.zonderdank.be\/saturnein\/wp-content\/uploads\/2020\/07\/20200630_125548_thumb.jpg?resize=1028%2C580&#038;ssl=1\" alt=\"20200630_125548\" width=\"1028\" height=\"580\" border=\"0\" \/><\/a><\/p>\n<p>Quand on habite ici, on prend le bac.<\/p>\n<p><a href=\"https:\/\/i0.wp.com\/www.zonderdank.be\/saturnein\/wp-content\/uploads\/2020\/07\/20200630_130849.jpg?ssl=1\"><img data-recalc-dims=\"1\" loading=\"lazy\" decoding=\"async\" style=\"display: inline; background-image: none;\" title=\"20200630_130849\" src=\"https:\/\/i0.wp.com\/www.zonderdank.be\/saturnein\/wp-content\/uploads\/2020\/07\/20200630_130849_thumb.jpg?resize=1028%2C580&#038;ssl=1\" alt=\"20200630_130849\" width=\"1028\" height=\"580\" border=\"0\" \/><\/a><\/p>\n<p>Wachten om in te schepen.<\/p>\n<p><a href=\"https:\/\/i0.wp.com\/www.zonderdank.be\/saturnein\/wp-content\/uploads\/2020\/07\/20200630_131520.jpg?ssl=1\"><img data-recalc-dims=\"1\" loading=\"lazy\" decoding=\"async\" style=\"display: inline; background-image: none;\" title=\"20200630_131520\" src=\"https:\/\/i0.wp.com\/www.zonderdank.be\/saturnein\/wp-content\/uploads\/2020\/07\/20200630_131520_thumb.jpg?resize=1028%2C580&#038;ssl=1\" alt=\"20200630_131520\" width=\"1028\" height=\"580\" border=\"0\" \/><\/a><\/p>\n<p>Op de boot.<\/p>\n<p><a href=\"https:\/\/i0.wp.com\/www.zonderdank.be\/saturnein\/wp-content\/uploads\/2020\/07\/20200630_134843.jpg?ssl=1\"><img data-recalc-dims=\"1\" loading=\"lazy\" decoding=\"async\" style=\"display: inline; background-image: none;\" title=\"20200630_134843\" src=\"https:\/\/i0.wp.com\/www.zonderdank.be\/saturnein\/wp-content\/uploads\/2020\/07\/20200630_134843_thumb.jpg?resize=1028%2C580&#038;ssl=1\" alt=\"20200630_134843\" width=\"1028\" height=\"580\" border=\"0\" \/><\/a><\/p>\n<p>&nbsp;<\/p>\n<p><a href=\"https:\/\/i0.wp.com\/www.zonderdank.be\/saturnein\/wp-content\/uploads\/2020\/07\/20200630_135011.jpg?ssl=1\"><img data-recalc-dims=\"1\" loading=\"lazy\" decoding=\"async\" style=\"display: inline; background-image: none;\" title=\"20200630_135011\" src=\"https:\/\/i0.wp.com\/www.zonderdank.be\/saturnein\/wp-content\/uploads\/2020\/07\/20200630_135011_thumb.jpg?resize=1028%2C580&#038;ssl=1\" alt=\"20200630_135011\" width=\"1028\" height=\"580\" border=\"0\" \/><\/a><\/p>\n<p>&nbsp;<\/p>\n<p><a href=\"https:\/\/i0.wp.com\/www.zonderdank.be\/saturnein\/wp-content\/uploads\/2020\/07\/20200630_05295.jpg?ssl=1\"><img data-recalc-dims=\"1\" loading=\"lazy\" decoding=\"async\" style=\"display: inline; background-image: none;\" title=\"20200630_05295\" src=\"https:\/\/i0.wp.com\/www.zonderdank.be\/saturnein\/wp-content\/uploads\/2020\/07\/20200630_05295_thumb.jpg?resize=1028%2C580&#038;ssl=1\" alt=\"20200630_05295\" width=\"1028\" height=\"580\" border=\"0\" \/><\/a><\/p>\n<p>&nbsp;<\/p>\n<p><a href=\"https:\/\/i0.wp.com\/www.zonderdank.be\/saturnein\/wp-content\/uploads\/2020\/07\/20200630_135259.jpg?ssl=1\"><img data-recalc-dims=\"1\" loading=\"lazy\" decoding=\"async\" style=\"display: inline; background-image: none;\" title=\"20200630_135259\" src=\"https:\/\/i0.wp.com\/www.zonderdank.be\/saturnein\/wp-content\/uploads\/2020\/07\/20200630_135259_thumb.jpg?resize=1028%2C580&#038;ssl=1\" alt=\"20200630_135259\" width=\"1028\" height=\"580\" border=\"0\" \/><\/a><\/p>\n<p>&nbsp;<\/p>\n<p><a href=\"https:\/\/i0.wp.com\/www.zonderdank.be\/saturnein\/wp-content\/uploads\/2020\/07\/20200630_135324.jpg?ssl=1\"><img data-recalc-dims=\"1\" loading=\"lazy\" decoding=\"async\" style=\"display: inline; background-image: none;\" title=\"20200630_135324\" src=\"https:\/\/i0.wp.com\/www.zonderdank.be\/saturnein\/wp-content\/uploads\/2020\/07\/20200630_135324_thumb.jpg?resize=1028%2C580&#038;ssl=1\" alt=\"20200630_135324\" width=\"1028\" height=\"580\" border=\"0\" \/><\/a><\/p>\n<p>De Phare de Cordouan staat 2x op de foto\u2019s. Heb je ze gezien? Er staan ook boeien op, mispak je niet.<\/p>\n<p><a href=\"https:\/\/i0.wp.com\/www.zonderdank.be\/saturnein\/wp-content\/uploads\/2020\/07\/20200630_141129.jpg?ssl=1\"><img data-recalc-dims=\"1\" loading=\"lazy\" decoding=\"async\" style=\"display: inline; background-image: none;\" title=\"20200630_141129\" src=\"https:\/\/i0.wp.com\/www.zonderdank.be\/saturnein\/wp-content\/uploads\/2020\/07\/20200630_141129_thumb.jpg?resize=1028%2C580&#038;ssl=1\" alt=\"20200630_141129\" width=\"1028\" height=\"580\" border=\"0\" \/><\/a><\/p>\n<p>&nbsp;<\/p>\n<p><a href=\"https:\/\/i0.wp.com\/www.zonderdank.be\/saturnein\/wp-content\/uploads\/2020\/07\/20200630_141411.jpg?ssl=1\"><img data-recalc-dims=\"1\" loading=\"lazy\" decoding=\"async\" style=\"display: inline; background-image: none;\" title=\"20200630_141411\" src=\"https:\/\/i0.wp.com\/www.zonderdank.be\/saturnein\/wp-content\/uploads\/2020\/07\/20200630_141411_thumb.jpg?resize=1028%2C580&#038;ssl=1\" alt=\"20200630_141411\" width=\"1028\" height=\"580\" border=\"0\" \/><\/a><\/p>\n<p>We rijden het veer af en Royan door (toch weer niet simpel, we krijgen weer smalle wegen voorgeschoteld) en rijden dan de laatste kilometers naar \u00c3\u017dle d\u2019Ol\u00e9ron. Het landschap is volledig veranderd: open en veel weilanden.<\/p>\n<p><a href=\"https:\/\/i0.wp.com\/www.zonderdank.be\/saturnein\/wp-content\/uploads\/2020\/07\/20200630_143010.jpg?ssl=1\"><img data-recalc-dims=\"1\" loading=\"lazy\" decoding=\"async\" style=\"display: inline; background-image: none;\" title=\"20200630_143010\" src=\"https:\/\/i0.wp.com\/www.zonderdank.be\/saturnein\/wp-content\/uploads\/2020\/07\/20200630_143010_thumb.jpg?resize=1028%2C580&#038;ssl=1\" alt=\"20200630_143010\" width=\"1028\" height=\"580\" border=\"0\" \/><\/a><\/p>\n<p><a href=\"https:\/\/i0.wp.com\/www.zonderdank.be\/saturnein\/wp-content\/uploads\/2020\/07\/20200630_144312.jpg?ssl=1\"><img data-recalc-dims=\"1\" loading=\"lazy\" decoding=\"async\" style=\"display: inline; background-image: none;\" title=\"20200630_144312\" src=\"https:\/\/i0.wp.com\/www.zonderdank.be\/saturnein\/wp-content\/uploads\/2020\/07\/20200630_144312_thumb.jpg?resize=1028%2C580&#038;ssl=1\" alt=\"20200630_144312\" width=\"1028\" height=\"580\" border=\"0\" \/><\/a><\/p>\n<p>Na een tijdje gaan we over in het typische landschap voor de eilanden met oestervelden en veel water.<\/p>\n<p><a href=\"https:\/\/i0.wp.com\/www.zonderdank.be\/saturnein\/wp-content\/uploads\/2020\/07\/20200630_143407.jpg?ssl=1\"><img data-recalc-dims=\"1\" loading=\"lazy\" decoding=\"async\" style=\"display: inline; background-image: none;\" title=\"20200630_143407\" src=\"https:\/\/i0.wp.com\/www.zonderdank.be\/saturnein\/wp-content\/uploads\/2020\/07\/20200630_143407_thumb.jpg?resize=1028%2C580&#038;ssl=1\" alt=\"20200630_143407\" width=\"1028\" height=\"580\" border=\"0\" \/><\/a><\/p>\n<p>We komen al eens zo\u2019n typisch Franse vrachtwagen tegen.<\/p>\n<p><a href=\"https:\/\/i0.wp.com\/www.zonderdank.be\/saturnein\/wp-content\/uploads\/2020\/07\/20200630_143842.jpg?ssl=1\"><img data-recalc-dims=\"1\" loading=\"lazy\" decoding=\"async\" style=\"display: inline; background-image: none;\" title=\"20200630_143842\" src=\"https:\/\/i0.wp.com\/www.zonderdank.be\/saturnein\/wp-content\/uploads\/2020\/07\/20200630_143842_thumb.jpg?resize=772%2C772&#038;ssl=1\" alt=\"20200630_143842\" width=\"772\" height=\"772\" border=\"0\" \/><\/a><\/p>\n<p>De brug naar het eiland is imposant: heel lang. De brug naar \u00c3\u017dle de Noirmoutier is korter maar wel hoger.<\/p>\n<p><a href=\"https:\/\/i0.wp.com\/www.zonderdank.be\/saturnein\/wp-content\/uploads\/2020\/07\/20200630_150018.jpg?ssl=1\"><img data-recalc-dims=\"1\" loading=\"lazy\" decoding=\"async\" style=\"display: inline; background-image: none;\" title=\"20200630_150018\" src=\"https:\/\/i0.wp.com\/www.zonderdank.be\/saturnein\/wp-content\/uploads\/2020\/07\/20200630_150018_thumb.jpg?resize=1028%2C580&#038;ssl=1\" alt=\"20200630_150018\" width=\"1028\" height=\"580\" border=\"0\" \/><\/a><\/p>\n<p>Het hele eind op de brug zit ik met een grijns van oor tot oor: man man, wat ben ik hier graag, dit voelt als thuiskomen. Die kleuren van het water!<\/p>\n<p><a href=\"https:\/\/i0.wp.com\/www.zonderdank.be\/saturnein\/wp-content\/uploads\/2020\/07\/20200630_150118.jpg?ssl=1\"><img data-recalc-dims=\"1\" loading=\"lazy\" decoding=\"async\" style=\"display: inline; background-image: none;\" title=\"20200630_150118\" src=\"https:\/\/i0.wp.com\/www.zonderdank.be\/saturnein\/wp-content\/uploads\/2020\/07\/20200630_150118_thumb.jpg?resize=1028%2C580&#038;ssl=1\" alt=\"20200630_150118\" width=\"1028\" height=\"580\" border=\"0\" \/><\/a><\/p>\n<p>&nbsp;<\/p>\n<p><a href=\"https:\/\/i0.wp.com\/www.zonderdank.be\/saturnein\/wp-content\/uploads\/2020\/07\/20200630_150128.jpg?ssl=1\"><img data-recalc-dims=\"1\" loading=\"lazy\" decoding=\"async\" style=\"display: inline; background-image: none;\" title=\"20200630_150128\" src=\"https:\/\/i0.wp.com\/www.zonderdank.be\/saturnein\/wp-content\/uploads\/2020\/07\/20200630_150128_thumb.jpg?resize=1028%2C580&#038;ssl=1\" alt=\"20200630_150128\" width=\"1028\" height=\"580\" border=\"0\" \/><\/a><\/p>\n<p>&nbsp;<\/p>\n<p><a href=\"https:\/\/i0.wp.com\/www.zonderdank.be\/saturnein\/wp-content\/uploads\/2020\/07\/20200630_150154.jpg?ssl=1\"><img data-recalc-dims=\"1\" loading=\"lazy\" decoding=\"async\" style=\"display: inline; background-image: none;\" title=\"20200630_150154\" src=\"https:\/\/i0.wp.com\/www.zonderdank.be\/saturnein\/wp-content\/uploads\/2020\/07\/20200630_150154_thumb.jpg?resize=1028%2C580&#038;ssl=1\" alt=\"20200630_150154\" width=\"1028\" height=\"580\" border=\"0\" \/><\/a><\/p>\n<p>&nbsp;<\/p>\n<p><a href=\"https:\/\/i0.wp.com\/www.zonderdank.be\/saturnein\/wp-content\/uploads\/2020\/07\/20200630_150209.jpg?ssl=1\"><img data-recalc-dims=\"1\" loading=\"lazy\" decoding=\"async\" style=\"display: inline; background-image: none;\" title=\"20200630_150209\" src=\"https:\/\/i0.wp.com\/www.zonderdank.be\/saturnein\/wp-content\/uploads\/2020\/07\/20200630_150209_thumb.jpg?resize=1028%2C580&#038;ssl=1\" alt=\"20200630_150209\" width=\"1028\" height=\"580\" border=\"0\" \/><\/a><\/p>\n<p>Eens op het eiland is het nog meer dan 20 kilometer rijden naar onze bestemming: de <a href=\"https:\/\/www.ile-oleron-marennes.com\/preparer-mes-vacances\/aires-specialisees-camping-cars\/aire-de-stationnement-camping-car-le-moulin-161827\">Aire de Stationnement Camping Car du Moulin<\/a>, een oude camping die omgevormd werd tot camperplaats. De rit over het eiland is druk en soms lastig met smalle straten en ongeduldige chauffeurs. Eens op de camperplaats (om 15u30 zijn we ter plaatse) gaat alles vlot: inchecken, lozen en water nemen, een plekje zoeken.<\/p>\n<p><a href=\"https:\/\/i0.wp.com\/www.zonderdank.be\/saturnein\/wp-content\/uploads\/2020\/07\/20200630_154555.jpg?ssl=1\"><img data-recalc-dims=\"1\" loading=\"lazy\" decoding=\"async\" style=\"display: inline; background-image: none;\" title=\"20200630_154555\" src=\"https:\/\/i0.wp.com\/www.zonderdank.be\/saturnein\/wp-content\/uploads\/2020\/07\/20200630_154555_thumb.jpg?resize=1028%2C580&#038;ssl=1\" alt=\"20200630_154555\" width=\"1028\" height=\"580\" border=\"0\" \/><\/a><\/p>\n<p>We vinden een fijn plekje op het eind van de camperplaats in een hoekje, daar staan we heerlijk rustig, en van in onze zetels hebben we zicht op de molen.<\/p>\n<p><a href=\"https:\/\/i0.wp.com\/www.zonderdank.be\/saturnein\/wp-content\/uploads\/2020\/07\/20200630_161427.jpg?ssl=1\"><img data-recalc-dims=\"1\" loading=\"lazy\" decoding=\"async\" style=\"display: inline; background-image: none;\" title=\"20200630_161427\" src=\"https:\/\/i0.wp.com\/www.zonderdank.be\/saturnein\/wp-content\/uploads\/2020\/07\/20200630_161427_thumb.jpg?resize=1028%2C580&#038;ssl=1\" alt=\"20200630_161427\" width=\"1028\" height=\"580\" border=\"0\" \/><\/a><\/p>\n<p>Voor de rest van de dag doen we niet veel meer: eten maken en opeten, de boel buiten opzetten, de fietshoes zoeken (vruchteloos, raadsel), foto\u2019s bekijken, verslag typen, beetje converseren met de familie, en niet te laat gaan slapen want we zijn toch wel moe van deze lange dag rijden.<\/p>\n<p>Zoals ik al zei, heb ik de PlantNet app omarmd, en wat staat er allemaal op onze camperplaats?<\/p>\n<p>De bolletjesraket. Schitterende naam.<\/p>\n<p><a href=\"https:\/\/i0.wp.com\/www.zonderdank.be\/saturnein\/wp-content\/uploads\/2020\/07\/20200630_161446.jpg?ssl=1\"><img data-recalc-dims=\"1\" loading=\"lazy\" decoding=\"async\" style=\"display: inline; background-image: none;\" title=\"20200630_161446\" src=\"https:\/\/i0.wp.com\/www.zonderdank.be\/saturnein\/wp-content\/uploads\/2020\/07\/20200630_161446_thumb.jpg?resize=691%2C772&#038;ssl=1\" alt=\"20200630_161446\" width=\"691\" height=\"772\" border=\"0\" \/><\/a><\/p>\n<p>Groot kaasjeskruid. Waarom dit paars is en niet geel, ontgaat ons een beetje.<\/p>\n<p><a href=\"https:\/\/i0.wp.com\/www.zonderdank.be\/saturnein\/wp-content\/uploads\/2020\/07\/20200630_161438.jpg?ssl=1\"><img data-recalc-dims=\"1\" loading=\"lazy\" decoding=\"async\" style=\"display: inline; background-image: none;\" title=\"20200630_161438\" src=\"https:\/\/i0.wp.com\/www.zonderdank.be\/saturnein\/wp-content\/uploads\/2020\/07\/20200630_161438_thumb.jpg?resize=547%2C772&#038;ssl=1\" alt=\"20200630_161438\" width=\"547\" height=\"772\" border=\"0\" \/><\/a><\/p>\n<p>Meneertje Mertens doet dit af als onkruid. Dat is het niet, en daarbij, niets mis met onkruid. Dit zijn stokrozen. Behoort tot de familie van het kaasjeskruid, trouwens.<\/p>\n<p><a href=\"https:\/\/i0.wp.com\/www.zonderdank.be\/saturnein\/wp-content\/uploads\/2020\/07\/20200630_204354.jpg?ssl=1\"><img data-recalc-dims=\"1\" loading=\"lazy\" decoding=\"async\" style=\"display: inline; background-image: none;\" title=\"20200630_204354\" src=\"https:\/\/i0.wp.com\/www.zonderdank.be\/saturnein\/wp-content\/uploads\/2020\/07\/20200630_204354_thumb.jpg?resize=563%2C772&#038;ssl=1\" alt=\"20200630_204354\" width=\"563\" height=\"772\" border=\"0\" \/><\/a><\/p>\n<p><span style=\"color: #800080;\"><strong>Woensdag 1 juli<\/strong><\/span><\/p>\n<p>Vandaag staat een fietsrit van een kleine 50 kilometer gepland. Ik heb goed geslapen en raak niet goed uit bed, maar Meneertje Mertens staat te springen om te gaan fietsen. Het waait wat harder, het is grijs, maar het zou droog blijven. We maken ons klaar, en vertrekken rond 7u. Onze camperplaats bevindt zich bijna op het uiterste noordpunt van het eiland, het is maar een drietal kilometer fietsen naar de <a href=\"https:\/\/chassiron.jimdo.com\/\">Phare de Chassiron<\/a>. Op die luttele kilometers stoppen we al een keer of drie om foto\u2019s te maken.<\/p>\n<p><a href=\"https:\/\/i0.wp.com\/www.zonderdank.be\/saturnein\/wp-content\/uploads\/2020\/07\/20200701_071200.jpg?ssl=1\"><img data-recalc-dims=\"1\" loading=\"lazy\" decoding=\"async\" style=\"display: inline; background-image: none;\" title=\"20200701_071200\" src=\"https:\/\/i0.wp.com\/www.zonderdank.be\/saturnein\/wp-content\/uploads\/2020\/07\/20200701_071200_thumb.jpg?resize=1028%2C580&#038;ssl=1\" alt=\"20200701_071200\" width=\"1028\" height=\"580\" border=\"0\" \/><\/a><\/p>\n<p>&nbsp;<\/p>\n<p><a href=\"https:\/\/i0.wp.com\/www.zonderdank.be\/saturnein\/wp-content\/uploads\/2020\/07\/20200701_071205.jpg?ssl=1\"><img data-recalc-dims=\"1\" loading=\"lazy\" decoding=\"async\" style=\"display: inline; background-image: none;\" title=\"20200701_071205\" src=\"https:\/\/i0.wp.com\/www.zonderdank.be\/saturnein\/wp-content\/uploads\/2020\/07\/20200701_071205_thumb.jpg?resize=1028%2C580&#038;ssl=1\" alt=\"20200701_071205\" width=\"1028\" height=\"580\" border=\"0\" \/><\/a><\/p>\n<p>&nbsp;<\/p>\n<p><a href=\"https:\/\/i0.wp.com\/www.zonderdank.be\/saturnein\/wp-content\/uploads\/2020\/07\/20200701_071207.jpg?ssl=1\"><img data-recalc-dims=\"1\" loading=\"lazy\" decoding=\"async\" style=\"display: inline; background-image: none;\" title=\"20200701_071207\" src=\"https:\/\/i0.wp.com\/www.zonderdank.be\/saturnein\/wp-content\/uploads\/2020\/07\/20200701_071207_thumb.jpg?resize=1028%2C580&#038;ssl=1\" alt=\"20200701_071207\" width=\"1028\" height=\"580\" border=\"0\" \/><\/a><\/p>\n<p>De lucht is betoverend mooi. En de vuurtoren is, zoals de meeste vuurtorens, heel fotogeniek.<\/p>\n<p><a href=\"https:\/\/i0.wp.com\/www.zonderdank.be\/saturnein\/wp-content\/uploads\/2020\/07\/20200701_072121.jpg?ssl=1\"><img data-recalc-dims=\"1\" loading=\"lazy\" decoding=\"async\" style=\"display: inline; background-image: none;\" title=\"20200701_072121\" src=\"https:\/\/i0.wp.com\/www.zonderdank.be\/saturnein\/wp-content\/uploads\/2020\/07\/20200701_072121_thumb.jpg?resize=1028%2C580&#038;ssl=1\" alt=\"20200701_072121\" width=\"1028\" height=\"580\" border=\"0\" \/><\/a><\/p>\n<p>De begroeiing ligt plat, de wind komt hier vaak uit dezelfde richting. En blaast vaak heel hard.<\/p>\n<p><a href=\"https:\/\/i0.wp.com\/www.zonderdank.be\/saturnein\/wp-content\/uploads\/2020\/07\/20200701_071732.jpg?ssl=1\"><img data-recalc-dims=\"1\" loading=\"lazy\" decoding=\"async\" style=\"display: inline; background-image: none;\" title=\"20200701_071732\" src=\"https:\/\/i0.wp.com\/www.zonderdank.be\/saturnein\/wp-content\/uploads\/2020\/07\/20200701_071732_thumb.jpg?resize=1028%2C580&#038;ssl=1\" alt=\"20200701_071732\" width=\"1028\" height=\"580\" border=\"0\" \/><\/a><\/p>\n<p>We hebben geluk vandaag. Zoals gezegd, het waait wel, maar het valt goed mee om te fietsen. Voorlopig hebben we geen last van de wind, integendeel. De vuurtoren is nog niet open, dus we rijden er eens rond en genieten van de ruwe kust en het ochtendlicht.<\/p>\n<p><a href=\"https:\/\/i0.wp.com\/www.zonderdank.be\/saturnein\/wp-content\/uploads\/2020\/07\/20200701_072437.jpg?ssl=1\"><img data-recalc-dims=\"1\" loading=\"lazy\" decoding=\"async\" style=\"display: inline; background-image: none;\" title=\"20200701_072437\" src=\"https:\/\/i0.wp.com\/www.zonderdank.be\/saturnein\/wp-content\/uploads\/2020\/07\/20200701_072437_thumb.jpg?resize=1028%2C580&#038;ssl=1\" alt=\"20200701_072437\" width=\"1028\" height=\"580\" border=\"0\" \/><\/a><\/p>\n<p>&nbsp;<\/p>\n<p><a href=\"https:\/\/i0.wp.com\/www.zonderdank.be\/saturnein\/wp-content\/uploads\/2020\/07\/20200701_072445.jpg?ssl=1\"><img data-recalc-dims=\"1\" loading=\"lazy\" decoding=\"async\" style=\"display: inline; background-image: none;\" title=\"20200701_072445\" src=\"https:\/\/i0.wp.com\/www.zonderdank.be\/saturnein\/wp-content\/uploads\/2020\/07\/20200701_072445_thumb.jpg?resize=1028%2C580&#038;ssl=1\" alt=\"20200701_072445\" width=\"1028\" height=\"580\" border=\"0\" \/><\/a><\/p>\n<p>&nbsp;<\/p>\n<p><a href=\"https:\/\/i0.wp.com\/www.zonderdank.be\/saturnein\/wp-content\/uploads\/2020\/07\/20200701_072454.jpg?ssl=1\"><img data-recalc-dims=\"1\" loading=\"lazy\" decoding=\"async\" style=\"display: inline; background-image: none;\" title=\"20200701_072454\" src=\"https:\/\/i0.wp.com\/www.zonderdank.be\/saturnein\/wp-content\/uploads\/2020\/07\/20200701_072454_thumb.jpg?resize=1028%2C580&#038;ssl=1\" alt=\"20200701_072454\" width=\"1028\" height=\"580\" border=\"0\" \/><\/a><\/p>\n<p>&nbsp;<\/p>\n<p><a href=\"https:\/\/i0.wp.com\/www.zonderdank.be\/saturnein\/wp-content\/uploads\/2020\/07\/20200701_072748.jpg?ssl=1\"><img data-recalc-dims=\"1\" loading=\"lazy\" decoding=\"async\" style=\"display: inline; background-image: none;\" title=\"20200701_072748\" src=\"https:\/\/i0.wp.com\/www.zonderdank.be\/saturnein\/wp-content\/uploads\/2020\/07\/20200701_072748_thumb.jpg?resize=1028%2C580&#038;ssl=1\" alt=\"20200701_072748\" width=\"1028\" height=\"580\" border=\"0\" \/><\/a><\/p>\n<p>&nbsp;<\/p>\n<p><a href=\"https:\/\/i0.wp.com\/www.zonderdank.be\/saturnein\/wp-content\/uploads\/2020\/07\/20200701_072826.jpg?ssl=1\"><img data-recalc-dims=\"1\" loading=\"lazy\" decoding=\"async\" style=\"display: inline; background-image: none;\" title=\"20200701_072826\" src=\"https:\/\/i0.wp.com\/www.zonderdank.be\/saturnein\/wp-content\/uploads\/2020\/07\/20200701_072826_thumb.jpg?resize=1028%2C239&#038;ssl=1\" alt=\"20200701_072826\" width=\"1028\" height=\"239\" border=\"0\" \/><\/a><\/p>\n<p>&nbsp;<\/p>\n<p><a href=\"https:\/\/i0.wp.com\/www.zonderdank.be\/saturnein\/wp-content\/uploads\/2020\/07\/20200701_072834.jpg?ssl=1\"><img data-recalc-dims=\"1\" loading=\"lazy\" decoding=\"async\" style=\"display: inline; background-image: none;\" title=\"20200701_072834\" src=\"https:\/\/i0.wp.com\/www.zonderdank.be\/saturnein\/wp-content\/uploads\/2020\/07\/20200701_072834_thumb.jpg?resize=1028%2C580&#038;ssl=1\" alt=\"20200701_072834\" width=\"1028\" height=\"580\" border=\"0\" \/><\/a><\/p>\n<p>&nbsp;<\/p>\n<p><a href=\"https:\/\/i0.wp.com\/www.zonderdank.be\/saturnein\/wp-content\/uploads\/2020\/07\/20200701_072926.jpg?ssl=1\"><img data-recalc-dims=\"1\" loading=\"lazy\" decoding=\"async\" style=\"display: inline; background-image: none;\" title=\"20200701_072926\" src=\"https:\/\/i0.wp.com\/www.zonderdank.be\/saturnein\/wp-content\/uploads\/2020\/07\/20200701_072926_thumb.jpg?resize=1028%2C580&#038;ssl=1\" alt=\"20200701_072926\" width=\"1028\" height=\"580\" border=\"0\" \/><\/a><\/p>\n<p>&nbsp;<\/p>\n<p><a href=\"https:\/\/i0.wp.com\/www.zonderdank.be\/saturnein\/wp-content\/uploads\/2020\/07\/20200701_073051.jpg?ssl=1\"><img data-recalc-dims=\"1\" loading=\"lazy\" decoding=\"async\" style=\"display: inline; background-image: none;\" title=\"20200701_073051\" src=\"https:\/\/i0.wp.com\/www.zonderdank.be\/saturnein\/wp-content\/uploads\/2020\/07\/20200701_073051_thumb.jpg?resize=1028%2C580&#038;ssl=1\" alt=\"20200701_073051\" width=\"1028\" height=\"580\" border=\"0\" \/><\/a><\/p>\n<p>Onze fietstocht gaat dan verder via Saint-Denis d\u2019Ol\u00e9ron. Het dorp ligt op een kilometer van onze camperplaats en we willen er morgen eens te voet heen. De dorpen hier hebben toch wel een apart uitzicht.<\/p>\n<p><a href=\"https:\/\/i0.wp.com\/www.zonderdank.be\/saturnein\/wp-content\/uploads\/2020\/07\/20200701_074322.jpg?ssl=1\"><img data-recalc-dims=\"1\" loading=\"lazy\" decoding=\"async\" style=\"display: inline; background-image: none;\" title=\"20200701_074322\" src=\"https:\/\/i0.wp.com\/www.zonderdank.be\/saturnein\/wp-content\/uploads\/2020\/07\/20200701_074322_thumb.jpg?resize=1028%2C580&#038;ssl=1\" alt=\"20200701_074322\" width=\"1028\" height=\"580\" border=\"0\" \/><\/a><\/p>\n<p>Kapelletjes zien we hier niet zo veel, soms wel eens een jezus aan het kruis.<\/p>\n<p><a href=\"https:\/\/i0.wp.com\/www.zonderdank.be\/saturnein\/wp-content\/uploads\/2020\/07\/20200701_075001.jpg?ssl=1\"><img data-recalc-dims=\"1\" loading=\"lazy\" decoding=\"async\" style=\"display: inline; background-image: none;\" title=\"20200701_075001\" src=\"https:\/\/i0.wp.com\/www.zonderdank.be\/saturnein\/wp-content\/uploads\/2020\/07\/20200701_075001_thumb.jpg?resize=1028%2C580&#038;ssl=1\" alt=\"20200701_075001\" width=\"1028\" height=\"580\" border=\"0\" \/><\/a><\/p>\n<p>Oesterkweek.<\/p>\n<p><a href=\"https:\/\/i0.wp.com\/www.zonderdank.be\/saturnein\/wp-content\/uploads\/2020\/07\/20200701_081100.jpg?ssl=1\"><img data-recalc-dims=\"1\" loading=\"lazy\" decoding=\"async\" style=\"display: inline; background-image: none;\" title=\"20200701_081100\" src=\"https:\/\/i0.wp.com\/www.zonderdank.be\/saturnein\/wp-content\/uploads\/2020\/07\/20200701_081100_thumb.jpg?resize=1028%2C580&#038;ssl=1\" alt=\"20200701_081100\" width=\"1028\" height=\"580\" border=\"0\" \/><\/a><\/p>\n<p>We rijden langs de kust en door de jachthaven van Le Douhet (daar vind ik het niet zo mooi)\u2026<\/p>\n<p><a href=\"https:\/\/i0.wp.com\/www.zonderdank.be\/saturnein\/wp-content\/uploads\/2020\/07\/20200701_081436.jpg?ssl=1\"><img data-recalc-dims=\"1\" loading=\"lazy\" decoding=\"async\" style=\"display: inline; background-image: none;\" title=\"20200701_081436\" src=\"https:\/\/i0.wp.com\/www.zonderdank.be\/saturnein\/wp-content\/uploads\/2020\/07\/20200701_081436_thumb.jpg?resize=1028%2C580&#038;ssl=1\" alt=\"20200701_081436\" width=\"1028\" height=\"580\" border=\"0\" \/><\/a><\/p>\n<p>&nbsp;<\/p>\n<p><a href=\"https:\/\/i0.wp.com\/www.zonderdank.be\/saturnein\/wp-content\/uploads\/2020\/07\/20200701_081636.jpg?ssl=1\"><img data-recalc-dims=\"1\" loading=\"lazy\" decoding=\"async\" style=\"display: inline; background-image: none;\" title=\"20200701_081636\" src=\"https:\/\/i0.wp.com\/www.zonderdank.be\/saturnein\/wp-content\/uploads\/2020\/07\/20200701_081636_thumb.jpg?resize=1028%2C580&#038;ssl=1\" alt=\"20200701_081636\" width=\"1028\" height=\"580\" border=\"0\" \/><\/a><\/p>\n<p>&nbsp;<\/p>\n<p><a href=\"https:\/\/i0.wp.com\/www.zonderdank.be\/saturnein\/wp-content\/uploads\/2020\/07\/20200701_084030.jpg?ssl=1\"><img data-recalc-dims=\"1\" loading=\"lazy\" decoding=\"async\" style=\"display: inline; background-image: none;\" title=\"20200701_084030\" src=\"https:\/\/i0.wp.com\/www.zonderdank.be\/saturnein\/wp-content\/uploads\/2020\/07\/20200701_084030_thumb.jpg?resize=1028%2C580&#038;ssl=1\" alt=\"20200701_084030\" width=\"1028\" height=\"580\" border=\"0\" \/><\/a><\/p>\n<p>\u2026 en zo door naar het haventje van Boyardville, waar we het wel heel mooi vinden en ook eens rondrijden.<\/p>\n<p><a href=\"https:\/\/i0.wp.com\/www.zonderdank.be\/saturnein\/wp-content\/uploads\/2020\/07\/20200701_084903.jpg?ssl=1\"><img data-recalc-dims=\"1\" loading=\"lazy\" decoding=\"async\" style=\"display: inline; background-image: none;\" title=\"20200701_084903\" src=\"https:\/\/i0.wp.com\/www.zonderdank.be\/saturnein\/wp-content\/uploads\/2020\/07\/20200701_084903_thumb.jpg?resize=1028%2C580&#038;ssl=1\" alt=\"20200701_084903\" width=\"1028\" height=\"580\" border=\"0\" \/><\/a><\/p>\n<p>&nbsp;<\/p>\n<p><a href=\"https:\/\/i0.wp.com\/www.zonderdank.be\/saturnein\/wp-content\/uploads\/2020\/07\/20200701_085853.jpg?ssl=1\"><img data-recalc-dims=\"1\" loading=\"lazy\" decoding=\"async\" style=\"display: inline; background-image: none;\" title=\"20200701_085853\" src=\"https:\/\/i0.wp.com\/www.zonderdank.be\/saturnein\/wp-content\/uploads\/2020\/07\/20200701_085853_thumb.jpg?resize=1028%2C580&#038;ssl=1\" alt=\"20200701_085853\" width=\"1028\" height=\"580\" border=\"0\" \/><\/a><\/p>\n<p>&nbsp;<\/p>\n<p><a href=\"https:\/\/i0.wp.com\/www.zonderdank.be\/saturnein\/wp-content\/uploads\/2020\/07\/20200701_085956.jpg?ssl=1\"><img data-recalc-dims=\"1\" loading=\"lazy\" decoding=\"async\" style=\"display: inline; background-image: none;\" title=\"20200701_085956\" src=\"https:\/\/i0.wp.com\/www.zonderdank.be\/saturnein\/wp-content\/uploads\/2020\/07\/20200701_085956_thumb.jpg?resize=1028%2C580&#038;ssl=1\" alt=\"20200701_085956\" width=\"1028\" height=\"580\" border=\"0\" \/><\/a><\/p>\n<p>We zien heel veel stokrozen, en Meneertje Mertens wijst iedere stokroos die hij ziet aan. Het wordt stilaan wat drukker, maar het blijft over het algemeen toch wel vrij stil. In sommige dorpen zie je niemand, behalve een local die om brood gaat. Het minder goede weer, zeker, maar corona, ook. Daarna fietsen we een heel stuk door de marais op vreselijk slechte wegen, maar het is er wel verschrikkelijk mooi. Als iemand het nog eens heeft over de slechte wegen in Belgi\u00eb: jongens, het is elders niet beter hoor.<\/p>\n<p><a href=\"https:\/\/i0.wp.com\/www.zonderdank.be\/saturnein\/wp-content\/uploads\/2020\/07\/20200701_091312.jpg?ssl=1\"><img data-recalc-dims=\"1\" loading=\"lazy\" decoding=\"async\" style=\"display: inline; background-image: none;\" title=\"20200701_091312\" src=\"https:\/\/i0.wp.com\/www.zonderdank.be\/saturnein\/wp-content\/uploads\/2020\/07\/20200701_091312_thumb.jpg?resize=1028%2C580&#038;ssl=1\" alt=\"20200701_091312\" width=\"1028\" height=\"580\" border=\"0\" \/><\/a><\/p>\n<p>&nbsp;<\/p>\n<p><a href=\"https:\/\/i0.wp.com\/www.zonderdank.be\/saturnein\/wp-content\/uploads\/2020\/07\/20200701_091506.jpg?ssl=1\"><img data-recalc-dims=\"1\" loading=\"lazy\" decoding=\"async\" style=\"display: inline; background-image: none;\" title=\"20200701_091506\" src=\"https:\/\/i0.wp.com\/www.zonderdank.be\/saturnein\/wp-content\/uploads\/2020\/07\/20200701_091506_thumb.jpg?resize=1028%2C580&#038;ssl=1\" alt=\"20200701_091506\" width=\"1028\" height=\"580\" border=\"0\" \/><\/a><\/p>\n<p>&nbsp;<\/p>\n<p><a href=\"https:\/\/i0.wp.com\/www.zonderdank.be\/saturnein\/wp-content\/uploads\/2020\/07\/20200701_091606.jpg?ssl=1\"><img data-recalc-dims=\"1\" loading=\"lazy\" decoding=\"async\" style=\"display: inline; background-image: none;\" title=\"20200701_091606\" src=\"https:\/\/i0.wp.com\/www.zonderdank.be\/saturnein\/wp-content\/uploads\/2020\/07\/20200701_091606_thumb.jpg?resize=1028%2C580&#038;ssl=1\" alt=\"20200701_091606\" width=\"1028\" height=\"580\" border=\"0\" \/><\/a><\/p>\n<p>&nbsp;<\/p>\n<p><a href=\"https:\/\/i0.wp.com\/www.zonderdank.be\/saturnein\/wp-content\/uploads\/2020\/07\/20200701_092240.jpg?ssl=1\"><img data-recalc-dims=\"1\" loading=\"lazy\" decoding=\"async\" style=\"display: inline; background-image: none;\" title=\"20200701_092240\" src=\"https:\/\/i0.wp.com\/www.zonderdank.be\/saturnein\/wp-content\/uploads\/2020\/07\/20200701_092240_thumb.jpg?resize=1028%2C580&#038;ssl=1\" alt=\"20200701_092240\" width=\"1028\" height=\"580\" border=\"0\" \/><\/a><\/p>\n<p>Na dit mooie stuk marais komen we weer op betere en drukkere wegen. We rijden door Saint-Pierre-d\u2019Ol\u00e9ron en Saint-Georges-d\u2019Ol\u00e9ron.<\/p>\n<p><a href=\"https:\/\/i0.wp.com\/www.zonderdank.be\/saturnein\/wp-content\/uploads\/2020\/07\/20200701_095209.jpg?ssl=1\"><img data-recalc-dims=\"1\" loading=\"lazy\" decoding=\"async\" style=\"display: inline; background-image: none;\" title=\"20200701_095209\" src=\"https:\/\/i0.wp.com\/www.zonderdank.be\/saturnein\/wp-content\/uploads\/2020\/07\/20200701_095209_thumb.jpg?resize=1028%2C580&#038;ssl=1\" alt=\"20200701_095209\" width=\"1028\" height=\"580\" border=\"0\" \/><\/a><\/p>\n<p>Daarna gaat het camperplaatswaarts met nog een laatste zicht op de Phare de Chassiron in de verte.<\/p>\n<p><a href=\"https:\/\/i0.wp.com\/www.zonderdank.be\/saturnein\/wp-content\/uploads\/2020\/07\/20200701_102855.jpg?ssl=1\"><img data-recalc-dims=\"1\" loading=\"lazy\" decoding=\"async\" style=\"display: inline; background-image: none;\" title=\"20200701_102855\" src=\"https:\/\/i0.wp.com\/www.zonderdank.be\/saturnein\/wp-content\/uploads\/2020\/07\/20200701_102855_thumb.jpg?resize=1028%2C580&#038;ssl=1\" alt=\"20200701_102855\" width=\"1028\" height=\"580\" border=\"0\" \/><\/a><\/p>\n<p>We klokken af op 50,4 kilometer ipv de voorziene 47, niet slecht. Onze activiteit voor vandaag zit er om 10u30 al op, maar veel wil ik verder niet meer doen. In Labenne heb ik me overdaan aan een fietstocht in de voormiddag en wandeling in de namiddag, dat gaat me geen tweede keer overkomen. Rest van de dag: ter plaatse rust. Eten maken en opeten, Meneertje Mertens doet de fiets-opruim en de afwas, en daarna is het tijd voor een tukje. Beetje rondlummelen, laptoppen, luieren, blogbericht maken, boterhammetje eten\u2026 veel meer moet dat niet meer zijn vandaag.<\/p>\n","protected":false},"excerpt":{"rendered":"<p>Dinsdag 30 juni De wekker staat om 4u30, tegen 5u staat Meneertje Mertens op en maakt koffie. Ik krijg zoals altijd een kop koffie op bed, luxebeest dat ik ben. Zicht vanuit mijn bed. Ik heb weer niet echt goed geslapen, ik ben vaak wakker maar slaap wel als het tijd is om op te [&hellip;]<\/p>\n","protected":false},"author":1,"featured_media":23767,"comment_status":"open","ping_status":"open","sticky":false,"template":"","format":"standard","meta":{"jetpack_post_was_ever_published":false,"_jetpack_newsletter_access":"","_jetpack_dont_email_post_to_subs":false,"_jetpack_newsletter_tier_id":0,"_jetpack_memberships_contains_paywalled_content":false,"_jetpack_memberships_contains_paid_content":false,"footnotes":""},"categories":[1775],"tags":[3213,3218,3243,3244,1777,2311,3044,3242,1776,3217,2324,3211,3203,3215,2349,3219,3216,3212,3214,2342,832,934],"class_list":["post-23769","post","type-post","status-publish","format-standard","has-post-thumbnail","hentry","category-reizen","tag-aire-camping-car-du-moulin","tag-bac-de-gironde","tag-bubbel","tag-bubbletravels","tag-camper","tag-camperlife","tag-corona","tag-coronasafe","tag-frankrijk","tag-gironde","tag-holiday","tag-ile-doleron","tag-landes","tag-medoc","tag-ontheroadagain","tag-phare-de-chassiron","tag-royan","tag-saint-denis-doleron","tag-sanguinet","tag-summer","tag-vakantie","tag-zomer"],"jetpack_featured_media_url":"https:\/\/i0.wp.com\/www.zonderdank.be\/saturnein\/wp-content\/uploads\/2020\/07\/20200701_071723.jpg?fit=1024%2C576&ssl=1","jetpack_sharing_enabled":true,"jetpack_shortlink":"https:\/\/wp.me\/p2l47o-6bn","jetpack_likes_enabled":true,"jetpack-related-posts":[],"_links":{"self":[{"href":"https:\/\/www.zonderdank.be\/saturnein\/wp-json\/wp\/v2\/posts\/23769","targetHints":{"allow":["GET"]}}],"collection":[{"href":"https:\/\/www.zonderdank.be\/saturnein\/wp-json\/wp\/v2\/posts"}],"about":[{"href":"https:\/\/www.zonderdank.be\/saturnein\/wp-json\/wp\/v2\/types\/post"}],"author":[{"embeddable":true,"href":"https:\/\/www.zonderdank.be\/saturnein\/wp-json\/wp\/v2\/users\/1"}],"replies":[{"embeddable":true,"href":"https:\/\/www.zonderdank.be\/saturnein\/wp-json\/wp\/v2\/comments?post=23769"}],"version-history":[{"count":4,"href":"https:\/\/www.zonderdank.be\/saturnein\/wp-json\/wp\/v2\/posts\/23769\/revisions"}],"predecessor-version":[{"id":23773,"href":"https:\/\/www.zonderdank.be\/saturnein\/wp-json\/wp\/v2\/posts\/23769\/revisions\/23773"}],"wp:featuredmedia":[{"embeddable":true,"href":"https:\/\/www.zonderdank.be\/saturnein\/wp-json\/wp\/v2\/media\/23767"}],"wp:attachment":[{"href":"https:\/\/www.zonderdank.be\/saturnein\/wp-json\/wp\/v2\/media?parent=23769"}],"wp:term":[{"taxonomy":"category","embeddable":true,"href":"https:\/\/www.zonderdank.be\/saturnein\/wp-json\/wp\/v2\/categories?post=23769"},{"taxonomy":"post_tag","embeddable":true,"href":"https:\/\/www.zonderdank.be\/saturnein\/wp-json\/wp\/v2\/tags?post=23769"}],"curies":[{"name":"wp","href":"https:\/\/api.w.org\/{rel}","templated":true}]}}