{"id":18803,"date":"2019-11-28T08:58:00","date_gmt":"2019-11-28T06:58:00","guid":{"rendered":"https:\/\/www.zonderdank.be\/saturnein\/?p=18803"},"modified":"2020-10-17T07:15:24","modified_gmt":"2020-10-17T05:15:24","slug":"throwback-thursday-20-jaar-week-48","status":"publish","type":"post","link":"https:\/\/www.zonderdank.be\/saturnein\/2019\/11\/28\/throwback-thursday-20-jaar-week-48\/","title":{"rendered":"Throwback Thursday: 20 jaar in foto&#8217;s (week 48)"},"content":{"rendered":"<p>Beetje veel foto\u2019s vandaag. Van 27 november had ik geen geschikte foto\u2019s, en op 1 december heb ik op 20 jaar tijd niet \u00e9\u00e9n foto gemaakt. Van Pipa heb ik deze week ook al geen enkele foto. Snif.<\/p>\n<p>Maar. We beginnen goed: dit moet toch \u00e9\u00e9n van mijn favoriete foto\u2019s ooit van Lili zijn. Dat totje. Die pollekes. Ge zoudt haar toch met huid en haar opvreten, dat kind? (25\/11\/2016)<\/p>\n<p><a href=\"https:\/\/i0.wp.com\/www.zonderdank.be\/saturnein\/wp-content\/uploads\/2019\/11\/1125_2016.jpg?ssl=1\"><img data-recalc-dims=\"1\" loading=\"lazy\" decoding=\"async\" style=\"display: inline; background-image: none;\" title=\"1125_2016\" src=\"https:\/\/i0.wp.com\/www.zonderdank.be\/saturnein\/wp-content\/uploads\/2019\/11\/1125_2016_thumb.jpg?resize=1028%2C580&#038;ssl=1\" alt=\"1125_2016\" width=\"1028\" height=\"580\" border=\"0\" \/><\/a><\/p>\n<p>We gingen een weekendje naar Valenciennes. (25\/11\/2017)<\/p>\n<p><a href=\"https:\/\/i0.wp.com\/www.zonderdank.be\/saturnein\/wp-content\/uploads\/2019\/11\/1125_2017.jpg?ssl=1\"><img data-recalc-dims=\"1\" loading=\"lazy\" decoding=\"async\" style=\"display: inline; background-image: none;\" title=\"1125_2017\" src=\"https:\/\/i0.wp.com\/www.zonderdank.be\/saturnein\/wp-content\/uploads\/2019\/11\/1125_2017_thumb.jpg?resize=1028%2C580&#038;ssl=1\" alt=\"1125_2017\" width=\"1028\" height=\"580\" border=\"0\" \/><\/a><\/p>\n<p>In het terugkeren maakten we een wandeling in Beloeil. (26\/11\/2017)<\/p>\n<p><a href=\"https:\/\/i0.wp.com\/www.zonderdank.be\/saturnein\/wp-content\/uploads\/2019\/11\/1126_2017.jpg?ssl=1\"><img data-recalc-dims=\"1\" loading=\"lazy\" decoding=\"async\" style=\"display: inline; background-image: none;\" title=\"1126_2017\" src=\"https:\/\/i0.wp.com\/www.zonderdank.be\/saturnein\/wp-content\/uploads\/2019\/11\/1126_2017_thumb.jpg?resize=1028%2C580&#038;ssl=1\" alt=\"1126_2017\" width=\"1028\" height=\"580\" border=\"0\" \/><\/a><\/p>\n<p>Neen, ik was de beloofde foto\u2019s van de keuken nog niet vergeten, <a href=\"https:\/\/lepetitrequin.com\/\">Le Petit Requin<\/a>! Maar kijk, de gelegenheid bood zich aan om die netjes in deze blogpost te integreren. Een keuken vol strijk op 28 november 2003.<\/p>\n<p><a href=\"https:\/\/i0.wp.com\/www.zonderdank.be\/saturnein\/wp-content\/uploads\/2019\/11\/1128_2003.jpg?ssl=1\"><img data-recalc-dims=\"1\" loading=\"lazy\" decoding=\"async\" style=\"display: inline; background-image: none;\" title=\"1128_2003\" src=\"https:\/\/i0.wp.com\/www.zonderdank.be\/saturnein\/wp-content\/uploads\/2019\/11\/1128_2003_thumb.jpg?resize=1028%2C772&#038;ssl=1\" alt=\"1128_2003\" width=\"1028\" height=\"772\" border=\"0\" \/><\/a><\/p>\n<p>(de volgende foto\u2019s dateren van december 2011, niet van november zoals ik verkeerdelijk aannam)<\/p>\n<p>Een keuken zonder keuken.<\/p>\n<p><a href=\"https:\/\/i0.wp.com\/www.zonderdank.be\/saturnein\/wp-content\/uploads\/2019\/11\/keuken-1.jpg?ssl=1\"><img data-recalc-dims=\"1\" loading=\"lazy\" decoding=\"async\" style=\"display: inline; background-image: none;\" title=\"keuken (1)\" src=\"https:\/\/i0.wp.com\/www.zonderdank.be\/saturnein\/wp-content\/uploads\/2019\/11\/keuken-1_thumb.jpg?resize=1028%2C772&#038;ssl=1\" alt=\"keuken (1)\" width=\"1028\" height=\"772\" border=\"0\" \/><\/a><\/p>\n<p>Keuken de avond na plaatsing.<\/p>\n<p><a href=\"https:\/\/i0.wp.com\/www.zonderdank.be\/saturnein\/wp-content\/uploads\/2019\/11\/keuken-2.jpg?ssl=1\"><img data-recalc-dims=\"1\" loading=\"lazy\" decoding=\"async\" style=\"display: inline; background-image: none;\" title=\"keuken (2)\" src=\"https:\/\/i0.wp.com\/www.zonderdank.be\/saturnein\/wp-content\/uploads\/2019\/11\/keuken-2_thumb.jpg?resize=1028%2C772&#038;ssl=1\" alt=\"keuken (2)\" width=\"1028\" height=\"772\" border=\"0\" \/><\/a><\/p>\n<p>In gebruik genomen maar nog zonder plinten.<\/p>\n<p><a href=\"https:\/\/i0.wp.com\/www.zonderdank.be\/saturnein\/wp-content\/uploads\/2019\/11\/keuken-4.jpg?ssl=1\"><img data-recalc-dims=\"1\" loading=\"lazy\" decoding=\"async\" style=\"display: inline; background-image: none;\" title=\"keuken (4)\" src=\"https:\/\/i0.wp.com\/www.zonderdank.be\/saturnein\/wp-content\/uploads\/2019\/11\/keuken-4_thumb.jpg?resize=1028%2C772&#038;ssl=1\" alt=\"keuken (4)\" width=\"1028\" height=\"772\" border=\"0\" \/><\/a><\/p>\n<p>Er wordt zelfs in gekookt.<\/p>\n<p><a href=\"https:\/\/i0.wp.com\/www.zonderdank.be\/saturnein\/wp-content\/uploads\/2019\/11\/keuken-5.jpg?ssl=1\"><img data-recalc-dims=\"1\" loading=\"lazy\" decoding=\"async\" style=\"display: inline; background-image: none;\" title=\"keuken (5)\" src=\"https:\/\/i0.wp.com\/www.zonderdank.be\/saturnein\/wp-content\/uploads\/2019\/11\/keuken-5_thumb.jpg?resize=1028%2C772&#038;ssl=1\" alt=\"keuken (5)\" width=\"1028\" height=\"772\" border=\"0\" \/><\/a><\/p>\n<p>The end. Wellicht met plinten, maar die zijn niet te zien op de foto\u2019s.<\/p>\n<p><a href=\"https:\/\/i0.wp.com\/www.zonderdank.be\/saturnein\/wp-content\/uploads\/2019\/11\/keuken-3.jpg?ssl=1\"><img data-recalc-dims=\"1\" loading=\"lazy\" decoding=\"async\" style=\"display: inline; background-image: none;\" title=\"keuken (3)\" src=\"https:\/\/i0.wp.com\/www.zonderdank.be\/saturnein\/wp-content\/uploads\/2019\/11\/keuken-3_thumb.jpg?resize=1028%2C772&#038;ssl=1\" alt=\"keuken (3)\" width=\"1028\" height=\"772\" border=\"0\" \/><\/a><\/p>\n<p>Lies op een sinterklaasfeest van ABX. (29\/11\/2004)<\/p>\n<p><a href=\"https:\/\/i0.wp.com\/www.zonderdank.be\/saturnein\/wp-content\/uploads\/2019\/11\/1129_2004.jpg?ssl=1\"><img data-recalc-dims=\"1\" loading=\"lazy\" decoding=\"async\" style=\"display: inline; background-image: none;\" title=\"1129_2004\" src=\"https:\/\/i0.wp.com\/www.zonderdank.be\/saturnein\/wp-content\/uploads\/2019\/11\/1129_2004_thumb.jpg?resize=1028%2C772&#038;ssl=1\" alt=\"1129_2004\" width=\"1028\" height=\"772\" border=\"0\" \/><\/a><\/p>\n<p>En ook Jens op een sinterklaasfeest van ABX, een jaar eerder. (30\/11\/2003)<\/p>\n<p><a href=\"https:\/\/i0.wp.com\/www.zonderdank.be\/saturnein\/wp-content\/uploads\/2019\/11\/1130_2003.jpg?ssl=1\"><img data-recalc-dims=\"1\" loading=\"lazy\" decoding=\"async\" style=\"display: inline; background-image: none;\" title=\"1130_2003\" src=\"https:\/\/i0.wp.com\/www.zonderdank.be\/saturnein\/wp-content\/uploads\/2019\/11\/1130_2003_thumb.jpg?resize=1028%2C772&#038;ssl=1\" alt=\"1130_2003\" width=\"1028\" height=\"772\" border=\"0\" \/><\/a><\/p>\n<p>Nog 2 foto\u2019s van mijne favoriete c\u00f4t\u00e9 van Gent, de Oude Dokken. Foto\u2019s vanop de Bataviabrug, in beide richtingen. (29\/11\/2017)<\/p>\n<p><a href=\"https:\/\/i0.wp.com\/www.zonderdank.be\/saturnein\/wp-content\/uploads\/2019\/11\/1129_2017-1.jpg?ssl=1\"><img data-recalc-dims=\"1\" loading=\"lazy\" decoding=\"async\" style=\"display: inline; background-image: none;\" title=\"1129_2017 (1)\" src=\"https:\/\/i0.wp.com\/www.zonderdank.be\/saturnein\/wp-content\/uploads\/2019\/11\/1129_2017-1_thumb.jpg?resize=1028%2C580&#038;ssl=1\" alt=\"1129_2017 (1)\" width=\"1028\" height=\"580\" border=\"0\" \/><\/a><\/p>\n<p>&nbsp;<\/p>\n<p><a href=\"https:\/\/i0.wp.com\/www.zonderdank.be\/saturnein\/wp-content\/uploads\/2019\/11\/1129_2017-2.jpg?ssl=1\"><img data-recalc-dims=\"1\" loading=\"lazy\" decoding=\"async\" style=\"display: inline; background-image: none;\" title=\"1129_2017 (2)\" src=\"https:\/\/i0.wp.com\/www.zonderdank.be\/saturnein\/wp-content\/uploads\/2019\/11\/1129_2017-2_thumb.jpg?resize=1028%2C580&#038;ssl=1\" alt=\"1129_2017 (2)\" width=\"1028\" height=\"580\" border=\"0\" \/><\/a><\/p>\n<p>Een periode van herinneren, gesteund door lichtjes in het donker. (30\/11\/2018)<\/p>\n<p><a href=\"https:\/\/i0.wp.com\/www.zonderdank.be\/saturnein\/wp-content\/uploads\/2019\/11\/20181130_165749.jpg?ssl=1\"><img data-recalc-dims=\"1\" loading=\"lazy\" decoding=\"async\" style=\"display: inline; background-image: none;\" title=\"20181130_165749\" src=\"https:\/\/i0.wp.com\/www.zonderdank.be\/saturnein\/wp-content\/uploads\/2019\/11\/20181130_165749_thumb.jpg?resize=1028%2C580&#038;ssl=1\" alt=\"20181130_165749\" width=\"1028\" height=\"580\" border=\"0\" \/><\/a><\/p>\n<blockquote><p><em><span style=\"color: #800080;\">Elke donderdag duik ik in mijn fotoarchief. Fotoarchief dat 20 jaar teruggaat en vrij nauwkeurig bijgehouden is. Ik probeer bij elke dag van de week een foto te voorzien, uit een willekeurig jaar.<\/span><\/em><\/p><\/blockquote>\n","protected":false},"excerpt":{"rendered":"<p>Beetje veel foto\u2019s vandaag. Van 27 november had ik geen geschikte foto\u2019s, en op 1 december heb ik op 20 jaar tijd niet \u00e9\u00e9n foto gemaakt. Van Pipa heb ik deze week ook al geen enkele foto. Snif. Maar. We beginnen goed: dit moet toch \u00e9\u00e9n van mijn favoriete foto\u2019s ooit van Lili zijn. Dat [&hellip;]<\/p>\n","protected":false},"author":1,"featured_media":18802,"comment_status":"open","ping_status":"open","sticky":false,"template":"","format":"standard","meta":{"jetpack_post_was_ever_published":false,"_jetpack_newsletter_access":"","_jetpack_dont_email_post_to_subs":false,"_jetpack_newsletter_tier_id":0,"_jetpack_memberships_contains_paywalled_content":false,"_jetpack_memberships_contains_paid_content":false,"footnotes":""},"categories":[1315],"tags":[2932,1030,2210,586,1089,2541,2090],"class_list":["post-18803","post","type-post","status-publish","format-standard","has-post-thumbnail","hentry","category-fotos","tag-beloeil","tag-keuken","tag-lililove","tag-oude-dokken","tag-sinterklaas","tag-throwback-thursday","tag-valenciennes"],"jetpack_featured_media_url":"https:\/\/i0.wp.com\/www.zonderdank.be\/saturnein\/wp-content\/uploads\/2019\/11\/collage_thumb-3.jpg?fit=1028%2C772&ssl=1","jetpack_sharing_enabled":true,"jetpack_shortlink":"https:\/\/wp.me\/p2l47o-4Th","jetpack_likes_enabled":true,"jetpack-related-posts":[],"_links":{"self":[{"href":"https:\/\/www.zonderdank.be\/saturnein\/wp-json\/wp\/v2\/posts\/18803","targetHints":{"allow":["GET"]}}],"collection":[{"href":"https:\/\/www.zonderdank.be\/saturnein\/wp-json\/wp\/v2\/posts"}],"about":[{"href":"https:\/\/www.zonderdank.be\/saturnein\/wp-json\/wp\/v2\/types\/post"}],"author":[{"embeddable":true,"href":"https:\/\/www.zonderdank.be\/saturnein\/wp-json\/wp\/v2\/users\/1"}],"replies":[{"embeddable":true,"href":"https:\/\/www.zonderdank.be\/saturnein\/wp-json\/wp\/v2\/comments?post=18803"}],"version-history":[{"count":3,"href":"https:\/\/www.zonderdank.be\/saturnein\/wp-json\/wp\/v2\/posts\/18803\/revisions"}],"predecessor-version":[{"id":18806,"href":"https:\/\/www.zonderdank.be\/saturnein\/wp-json\/wp\/v2\/posts\/18803\/revisions\/18806"}],"wp:featuredmedia":[{"embeddable":true,"href":"https:\/\/www.zonderdank.be\/saturnein\/wp-json\/wp\/v2\/media\/18802"}],"wp:attachment":[{"href":"https:\/\/www.zonderdank.be\/saturnein\/wp-json\/wp\/v2\/media?parent=18803"}],"wp:term":[{"taxonomy":"category","embeddable":true,"href":"https:\/\/www.zonderdank.be\/saturnein\/wp-json\/wp\/v2\/categories?post=18803"},{"taxonomy":"post_tag","embeddable":true,"href":"https:\/\/www.zonderdank.be\/saturnein\/wp-json\/wp\/v2\/tags?post=18803"}],"curies":[{"name":"wp","href":"https:\/\/api.w.org\/{rel}","templated":true}]}}