{"id":17933,"date":"2019-09-14T08:58:00","date_gmt":"2019-09-14T06:58:00","guid":{"rendered":"https:\/\/www.zonderdank.be\/saturnein\/?p=17933"},"modified":"2020-10-17T07:21:48","modified_gmt":"2020-10-17T05:21:48","slug":"week-in-beeld-week-37-2","status":"publish","type":"post","link":"https:\/\/www.zonderdank.be\/saturnein\/2019\/09\/14\/week-in-beeld-week-37-2\/","title":{"rendered":"Week in beeld &#8211; week 37"},"content":{"rendered":"<p>Week in beeld. Ik moest al eens diep nadenken hoe dat weer ging. Van zaterdag tot vrijdag, zo ging dat. Ik dacht eerst nog wat foto\u2019s te bewerken, maar daar had ik uiteindelijk geen zin in, dus as is.<\/p>\n<p>Zaterdag of zondag, ik weet het niet meer, stonden we voor deze brug. Wie weet waar? Ik las er net deze week nog gesakker over op Facebook. Berucht tijdverlies, dit. Maar voor ons is dat niet erg. Voor deze brug stonden we trouwens ook toen we hoorden dat Lili geboren was.<\/p>\n<p><a href=\"https:\/\/i0.wp.com\/www.zonderdank.be\/saturnein\/wp-content\/uploads\/2019\/09\/20190907_105346.jpg?ssl=1\"><img data-recalc-dims=\"1\" loading=\"lazy\" decoding=\"async\" style=\"display: inline; background-image: none;\" title=\"20190907_105346\" src=\"https:\/\/i0.wp.com\/www.zonderdank.be\/saturnein\/wp-content\/uploads\/2019\/09\/20190907_105346_thumb.jpg?resize=436%2C772&#038;ssl=1\" alt=\"20190907_105346\" width=\"436\" height=\"772\" border=\"0\" \/><\/a><\/p>\n<p>Het is nog altijd koersseizoen. Hier wordt nog altijd koers gekeken.<\/p>\n<p><a href=\"https:\/\/i0.wp.com\/www.zonderdank.be\/saturnein\/wp-content\/uploads\/2019\/09\/20190908_160643.jpg?ssl=1\"><img data-recalc-dims=\"1\" loading=\"lazy\" decoding=\"async\" style=\"display: inline; background-image: none;\" title=\"20190908_160643\" src=\"https:\/\/i0.wp.com\/www.zonderdank.be\/saturnein\/wp-content\/uploads\/2019\/09\/20190908_160643_thumb.jpg?resize=436%2C772&#038;ssl=1\" alt=\"20190908_160643\" width=\"436\" height=\"772\" border=\"0\" \/><\/a><\/p>\n<p>Ondergoed. Zelfgemaakt. I love it.<\/p>\n<p><a href=\"https:\/\/i0.wp.com\/www.zonderdank.be\/saturnein\/wp-content\/uploads\/2019\/09\/20190909_123545.jpg?ssl=1\"><img data-recalc-dims=\"1\" loading=\"lazy\" decoding=\"async\" style=\"display: inline; background-image: none;\" title=\"20190909_123545\" src=\"https:\/\/i0.wp.com\/www.zonderdank.be\/saturnein\/wp-content\/uploads\/2019\/09\/20190909_123545_thumb.jpg?resize=436%2C772&#038;ssl=1\" alt=\"20190909_123545\" width=\"436\" height=\"772\" border=\"0\" \/><\/a><\/p>\n<p>Ik bestelde ritsen bij Zipit. Blij met de levering.<\/p>\n<p><a href=\"https:\/\/i0.wp.com\/www.zonderdank.be\/saturnein\/wp-content\/uploads\/2019\/09\/20190909_182850.jpg?ssl=1\"><img data-recalc-dims=\"1\" loading=\"lazy\" decoding=\"async\" style=\"display: inline; background-image: none;\" title=\"20190909_182850\" src=\"https:\/\/i0.wp.com\/www.zonderdank.be\/saturnein\/wp-content\/uploads\/2019\/09\/20190909_182850_thumb.jpg?resize=1028%2C580&#038;ssl=1\" alt=\"20190909_182850\" width=\"1028\" height=\"580\" border=\"0\" \/><\/a><\/p>\n<p>Dit is oud maar heel bruikbaar gerief. Ik maakte vanalles voor de kleine meisjes, maar dat toon ik later. Het feestje is pas deze namiddag, en het moet toch nog een b\u00e9\u00e9tje een verrassing blijven h\u00e8.<\/p>\n<p><a href=\"https:\/\/i0.wp.com\/www.zonderdank.be\/saturnein\/wp-content\/uploads\/2019\/09\/20190910_094321.jpg?ssl=1\"><img data-recalc-dims=\"1\" loading=\"lazy\" decoding=\"async\" style=\"display: inline; background-image: none;\" title=\"20190910_094321\" src=\"https:\/\/i0.wp.com\/www.zonderdank.be\/saturnein\/wp-content\/uploads\/2019\/09\/20190910_094321_thumb.jpg?resize=1028%2C580&#038;ssl=1\" alt=\"20190910_094321\" width=\"1028\" height=\"580\" border=\"0\" \/><\/a><\/p>\n<p>Niet alleen naar de koers gekeken, ook eens zelf gefietst. Beetje te weinig de laatste tijd, maar de post-vakantie-dip is nogal hardnekkig, en het weer vaak ook slecht. File op het fietspad!<\/p>\n<p><a href=\"https:\/\/i0.wp.com\/www.zonderdank.be\/saturnein\/wp-content\/uploads\/2019\/09\/20190910_113958-1.jpg?ssl=1\"><img data-recalc-dims=\"1\" loading=\"lazy\" decoding=\"async\" data-attachment-id=\"17936\" data-permalink=\"https:\/\/www.zonderdank.be\/saturnein\/2019\/09\/14\/week-in-beeld-week-37-2\/20190910_113958\/\" data-orig-file=\"https:\/\/i0.wp.com\/www.zonderdank.be\/saturnein\/wp-content\/uploads\/2019\/09\/20190910_113958-1.jpg?fit=1405%2C967&amp;ssl=1\" data-orig-size=\"1405,967\" data-comments-opened=\"1\" data-image-meta=\"{&quot;aperture&quot;:&quot;1.7&quot;,&quot;credit&quot;:&quot;&quot;,&quot;camera&quot;:&quot;SM-G950F&quot;,&quot;caption&quot;:&quot;&quot;,&quot;created_timestamp&quot;:&quot;1568115598&quot;,&quot;copyright&quot;:&quot;&quot;,&quot;focal_length&quot;:&quot;4.2&quot;,&quot;iso&quot;:&quot;40&quot;,&quot;shutter_speed&quot;:&quot;0.00069444444444444&quot;,&quot;title&quot;:&quot;&quot;,&quot;orientation&quot;:&quot;1&quot;}\" data-image-title=\"20190910_113958\" data-image-description=\"\" data-image-caption=\"\" data-large-file=\"https:\/\/i0.wp.com\/www.zonderdank.be\/saturnein\/wp-content\/uploads\/2019\/09\/20190910_113958-1.jpg?fit=1024%2C705&amp;ssl=1\" class=\"aligncenter size-large wp-image-17936\" src=\"https:\/\/i0.wp.com\/www.zonderdank.be\/saturnein\/wp-content\/uploads\/2019\/09\/20190910_113958-1.jpg?resize=720%2C496&#038;ssl=1\" alt=\"\" width=\"720\" height=\"496\" srcset=\"https:\/\/i0.wp.com\/www.zonderdank.be\/saturnein\/wp-content\/uploads\/2019\/09\/20190910_113958-1.jpg?resize=1024%2C705&amp;ssl=1 1024w, https:\/\/i0.wp.com\/www.zonderdank.be\/saturnein\/wp-content\/uploads\/2019\/09\/20190910_113958-1.jpg?resize=300%2C206&amp;ssl=1 300w, https:\/\/i0.wp.com\/www.zonderdank.be\/saturnein\/wp-content\/uploads\/2019\/09\/20190910_113958-1.jpg?resize=768%2C529&amp;ssl=1 768w, https:\/\/i0.wp.com\/www.zonderdank.be\/saturnein\/wp-content\/uploads\/2019\/09\/20190910_113958-1.jpg?resize=555%2C382&amp;ssl=1 555w, https:\/\/i0.wp.com\/www.zonderdank.be\/saturnein\/wp-content\/uploads\/2019\/09\/20190910_113958-1.jpg?w=1405&amp;ssl=1 1405w\" sizes=\"auto, (max-width: 720px) 100vw, 720px\" \/><\/a><\/p>\n<p>Serreland, Lochristi.<\/p>\n<p><a href=\"https:\/\/i0.wp.com\/www.zonderdank.be\/saturnein\/wp-content\/uploads\/2019\/09\/20190910_120338.jpg?ssl=1\"><img data-recalc-dims=\"1\" loading=\"lazy\" decoding=\"async\" style=\"display: inline; background-image: none;\" title=\"20190910_120338\" src=\"https:\/\/i0.wp.com\/www.zonderdank.be\/saturnein\/wp-content\/uploads\/2019\/09\/20190910_120338_thumb.jpg?resize=1028%2C580&#038;ssl=1\" alt=\"20190910_120338\" width=\"1028\" height=\"580\" border=\"0\" \/><\/a><\/p>\n<p>Deze wijk intrigeerde me bij mijn vorige passage al. Deze keer zorgde ik ervoor foto\u2019s te maken. <a href=\"https:\/\/nl.wikipedia.org\/wiki\/Oudenbos\">Klein Zwitserland, Oudenbos<\/a>, Lokeren. Weer iets bijgeleerd.<\/p>\n<p><a href=\"https:\/\/i0.wp.com\/www.zonderdank.be\/saturnein\/wp-content\/uploads\/2019\/09\/20190910_121540.jpg?ssl=1\"><img data-recalc-dims=\"1\" loading=\"lazy\" decoding=\"async\" style=\"display: inline; background-image: none;\" title=\"20190910_121540\" src=\"https:\/\/i0.wp.com\/www.zonderdank.be\/saturnein\/wp-content\/uploads\/2019\/09\/20190910_121540_thumb.jpg?resize=1028%2C580&#038;ssl=1\" alt=\"20190910_121540\" width=\"1028\" height=\"580\" border=\"0\" \/><\/a><\/p>\n<p>&nbsp;<\/p>\n<p><a href=\"https:\/\/i0.wp.com\/www.zonderdank.be\/saturnein\/wp-content\/uploads\/2019\/09\/20190910_121801.jpg?ssl=1\"><img data-recalc-dims=\"1\" loading=\"lazy\" decoding=\"async\" style=\"display: inline; background-image: none;\" title=\"20190910_121801\" src=\"https:\/\/i0.wp.com\/www.zonderdank.be\/saturnein\/wp-content\/uploads\/2019\/09\/20190910_121801_thumb.jpg?resize=1028%2C580&#038;ssl=1\" alt=\"20190910_121801\" width=\"1028\" height=\"580\" border=\"0\" \/><\/a><\/p>\n<p>Een kassei in Lokeren. Waar ik een foto van maakte, terugkeerde naar de grote baan en een ommetje maakte om dit onding te vermijden.<\/p>\n<p><a href=\"https:\/\/i0.wp.com\/www.zonderdank.be\/saturnein\/wp-content\/uploads\/2019\/09\/20190910_123729.jpg?ssl=1\"><img data-recalc-dims=\"1\" loading=\"lazy\" decoding=\"async\" style=\"display: inline; background-image: none;\" title=\"20190910_123729\" src=\"https:\/\/i0.wp.com\/www.zonderdank.be\/saturnein\/wp-content\/uploads\/2019\/09\/20190910_123729_thumb.jpg?resize=1028%2C580&#038;ssl=1\" alt=\"20190910_123729\" width=\"1028\" height=\"580\" border=\"0\" \/><\/a><\/p>\n<p>Cootveld, Lochristi.<\/p>\n<p><a href=\"https:\/\/i0.wp.com\/www.zonderdank.be\/saturnein\/wp-content\/uploads\/2019\/09\/20190910_125344.jpg?ssl=1\"><img data-recalc-dims=\"1\" loading=\"lazy\" decoding=\"async\" style=\"display: inline; background-image: none;\" title=\"20190910_125344\" src=\"https:\/\/i0.wp.com\/www.zonderdank.be\/saturnein\/wp-content\/uploads\/2019\/09\/20190910_125344_thumb.jpg?resize=1028%2C580&#038;ssl=1\" alt=\"20190910_125344\" width=\"1028\" height=\"580\" border=\"0\" \/><\/a><\/p>\n<p>De muis paste precies in dit pakje beschuiten. Zucht.<\/p>\n<p><a href=\"https:\/\/i0.wp.com\/www.zonderdank.be\/saturnein\/wp-content\/uploads\/2019\/09\/20190913_100127.jpg?ssl=1\"><img data-recalc-dims=\"1\" loading=\"lazy\" decoding=\"async\" style=\"display: inline; background-image: none;\" title=\"20190913_100127\" src=\"https:\/\/i0.wp.com\/www.zonderdank.be\/saturnein\/wp-content\/uploads\/2019\/09\/20190913_100127_thumb.jpg?resize=436%2C772&#038;ssl=1\" alt=\"20190913_100127\" width=\"436\" height=\"772\" border=\"0\" \/><\/a><\/p>\n<p>Mijn ma haar instructies om de planten water te geven. Classic.<\/p>\n<p><a href=\"https:\/\/i0.wp.com\/www.zonderdank.be\/saturnein\/wp-content\/uploads\/2019\/09\/20190913_140103.jpg?ssl=1\"><img data-recalc-dims=\"1\" loading=\"lazy\" decoding=\"async\" style=\"display: inline; background-image: none;\" title=\"20190913_140103\" src=\"https:\/\/i0.wp.com\/www.zonderdank.be\/saturnein\/wp-content\/uploads\/2019\/09\/20190913_140103_thumb.jpg?resize=1028%2C580&#038;ssl=1\" alt=\"20190913_140103\" width=\"1028\" height=\"580\" border=\"0\" \/><\/a><\/p>\n<p>&nbsp;<\/p>\n<p><a href=\"https:\/\/i0.wp.com\/www.zonderdank.be\/saturnein\/wp-content\/uploads\/2019\/09\/20190913_140135.jpg?ssl=1\"><img data-recalc-dims=\"1\" loading=\"lazy\" decoding=\"async\" style=\"display: inline; background-image: none;\" title=\"20190913_140135\" src=\"https:\/\/i0.wp.com\/www.zonderdank.be\/saturnein\/wp-content\/uploads\/2019\/09\/20190913_140135_thumb.jpg?resize=1028%2C580&#038;ssl=1\" alt=\"20190913_140135\" width=\"1028\" height=\"580\" border=\"0\" \/><\/a><\/p>\n<p>HA-HA<\/p>\n<p><a href=\"https:\/\/i0.wp.com\/www.zonderdank.be\/saturnein\/wp-content\/uploads\/2019\/09\/20190913_140139.jpg?ssl=1\"><img data-recalc-dims=\"1\" loading=\"lazy\" decoding=\"async\" style=\"display: inline; background-image: none;\" title=\"20190913_140139\" src=\"https:\/\/i0.wp.com\/www.zonderdank.be\/saturnein\/wp-content\/uploads\/2019\/09\/20190913_140139_thumb.jpg?resize=1028%2C580&#038;ssl=1\" alt=\"20190913_140139\" width=\"1028\" height=\"580\" border=\"0\" \/><\/a><\/p>\n<p>Het is bijna gelijk een flow chart!<\/p>\n<blockquote><p><span style=\"color: #800080;\"><em>Vaste rubriek op zaterdag: week in beeld. Een greep uit de telefoonfoto\u2019s die ik maakte van zaterdagochtend tot vrijdagavond. Soms eens een foto door Meneertje Mertens. Soms eens een foto met de Nikon. Maar vooral foto\u2019s van mijn telefoon.<\/em><\/span><\/p><\/blockquote>\n","protected":false},"excerpt":{"rendered":"<p>Week in beeld. Ik moest al eens diep nadenken hoe dat weer ging. Van zaterdag tot vrijdag, zo ging dat. Ik dacht eerst nog wat foto\u2019s te bewerken, maar daar had ik uiteindelijk geen zin in, dus as is. Zaterdag of zondag, ik weet het niet meer, stonden we voor deze brug. Wie weet waar? [&hellip;]<\/p>\n","protected":false},"author":1,"featured_media":17916,"comment_status":"open","ping_status":"open","sticky":false,"template":"","format":"standard","meta":{"jetpack_post_was_ever_published":false,"_jetpack_newsletter_access":"","_jetpack_dont_email_post_to_subs":false,"_jetpack_newsletter_tier_id":0,"_jetpack_memberships_contains_paywalled_content":false,"_jetpack_memberships_contains_paid_content":false,"footnotes":""},"categories":[1315],"tags":[145,2869,2773,535,2868,2871,2867,1443,2870],"class_list":["post-17933","post","type-post","status-publish","format-standard","has-post-thumbnail","hentry","category-fotos","tag-brug","tag-klein-zwitserland","tag-lokeren","tag-muizen","tag-oudenbos","tag-ritsen","tag-vuelta","tag-week-in-beeld","tag-zipit"],"jetpack_featured_media_url":"https:\/\/i0.wp.com\/www.zonderdank.be\/saturnein\/wp-content\/uploads\/2019\/09\/20190910_120338_thumb.jpg?fit=1028%2C580&ssl=1","jetpack_sharing_enabled":true,"jetpack_shortlink":"https:\/\/wp.me\/p2l47o-4Ff","jetpack_likes_enabled":true,"jetpack-related-posts":[],"_links":{"self":[{"href":"https:\/\/www.zonderdank.be\/saturnein\/wp-json\/wp\/v2\/posts\/17933","targetHints":{"allow":["GET"]}}],"collection":[{"href":"https:\/\/www.zonderdank.be\/saturnein\/wp-json\/wp\/v2\/posts"}],"about":[{"href":"https:\/\/www.zonderdank.be\/saturnein\/wp-json\/wp\/v2\/types\/post"}],"author":[{"embeddable":true,"href":"https:\/\/www.zonderdank.be\/saturnein\/wp-json\/wp\/v2\/users\/1"}],"replies":[{"embeddable":true,"href":"https:\/\/www.zonderdank.be\/saturnein\/wp-json\/wp\/v2\/comments?post=17933"}],"version-history":[{"count":4,"href":"https:\/\/www.zonderdank.be\/saturnein\/wp-json\/wp\/v2\/posts\/17933\/revisions"}],"predecessor-version":[{"id":18687,"href":"https:\/\/www.zonderdank.be\/saturnein\/wp-json\/wp\/v2\/posts\/17933\/revisions\/18687"}],"wp:featuredmedia":[{"embeddable":true,"href":"https:\/\/www.zonderdank.be\/saturnein\/wp-json\/wp\/v2\/media\/17916"}],"wp:attachment":[{"href":"https:\/\/www.zonderdank.be\/saturnein\/wp-json\/wp\/v2\/media?parent=17933"}],"wp:term":[{"taxonomy":"category","embeddable":true,"href":"https:\/\/www.zonderdank.be\/saturnein\/wp-json\/wp\/v2\/categories?post=17933"},{"taxonomy":"post_tag","embeddable":true,"href":"https:\/\/www.zonderdank.be\/saturnein\/wp-json\/wp\/v2\/tags?post=17933"}],"curies":[{"name":"wp","href":"https:\/\/api.w.org\/{rel}","templated":true}]}}